{"id":60862,"date":"2024-02-18T12:42:43","date_gmt":"2024-02-18T12:42:43","guid":{"rendered":"https:\/\/www.entroncamentoonline.pt\/portal\/?p=60862"},"modified":"2024-02-18T13:38:30","modified_gmt":"2024-02-18T13:38:30","slug":"manuela-poitout-o-que-eles-faziam-naquele-tempo","status":"publish","type":"post","link":"https:\/\/www.entroncamentoonline.pt\/portal\/manuela-poitout-o-que-eles-faziam-naquele-tempo\/","title":{"rendered":"MANUELA POITOUT | O que eles faziam naquele tempo"},"content":{"rendered":"<figure id=\"attachment_1174\" aria-describedby=\"caption-attachment-1174\" style=\"width: 271px\" class=\"wp-caption alignnone\"><img loading=\"lazy\" decoding=\"async\" class=\"size-full wp-image-1174\" src=\"https:\/\/www.entroncamentoonline.pt\/portal\/wp-content\/uploads\/2018\/12\/ManuelaPoitout.jpg\" alt=\"\" width=\"271\" height=\"292\" \/><figcaption id=\"caption-attachment-1174\" class=\"wp-caption-text\">Manuela Poitout<br \/>manuelapoitout@entroncamentoonline.pt<\/figcaption><\/figure>\n<p>Esta cr\u00f3nica foi publicada numa outra vida do EOL, e por l\u00e1 andou durante um tempo, esta<br \/>\ne outras, at\u00e9 ao momento em que a p\u00e1gina do jornal foi reorganizada, e a cr\u00f3nica deixou de estar online. Ficou confinada aos limbos dos meus ficheiros, e quase esquecida.<\/p>\n<p>Hoje dei com ela, e pensei que, qualquer dia, j\u00e1 n\u00e3o h\u00e1 quem conte hist\u00f3rias do tempo do<br \/>\nautarca Jos\u00e9 Duarte Coelho, porque deixa de haver contempor\u00e2neos. E estas hist\u00f3rias que aqui se contam s\u00e3o ver\u00eddicas, e improv\u00e1veis de repetir nos tempos que correm.<\/p>\n<p>Quando a Ana Geraldes e eu organiz\u00e1mos o livro \u201cC\u00e1 pelo Burgo\u201d, com as cr\u00f3nicas do<br \/>\njornalista O. P. Brito, o primeiro trabalho que fizemos foi l\u00ea-las de cabo a rabo.<br \/>\nCome\u00e7\u00e1mos nos anos trinta, viemos andando por a\u00ed fora e s\u00f3 par\u00e1mos nas \u00faltimas, j\u00e1<br \/>\ntardias, pois Eduardo O. P. Brito, mesmo nonagen\u00e1rio, ainda escrevia. Aos 95 anos, assinava regularmente a sua cr\u00f3nica no seman\u00e1rio \u201cNot\u00edcias do Entroncamento\u201d, e no dia do lan\u00e7amento do livro, com os mesmos 95, assinou por muitas vezes o seu nome, e respetivas dedicat\u00f3rias, com a melhor disposi\u00e7\u00e3o.<\/p>\n<p>Havia muito textos sobre Jos\u00e9 Duarte, como \u00e9 evidente, pois o homem tinha sido<br \/>\npresidente da Junta de Freguesia desde 1926 at\u00e9 1947, e presidente da C\u00e2mara Municipal<br \/>\ndesde 1947 at\u00e9 1959.<\/p>\n<p>Uma dessas cr\u00f3nicas parecia algo fantasiosa. Diz ela, traduzindo em linguagem corrente,<br \/>\nque quando Jos\u00e9 Duarte estava com falta de dinheiro para acabar obras p\u00fablicas, e queria<br \/>\nacab\u00e1-las no tempo previsto, n\u00e3o estava com mais aquelas, e hipotecava uma vinha que tinha na Ribeira de Santar\u00e9m.<\/p>\n<p>Conhecendo (quem conheceu, \u00e9 claro) a grande admira\u00e7\u00e3o que o jornalista Brito tinha por<br \/>\nJos\u00e9 Duarte Coelho, e como ao longo de anos enalteceu o seu trabalho de autarca, poder\u00e1<br \/>\nparecer que h\u00e1 nesse texto uma certa tend\u00eancia para aureolar o presidente com uma faceta benem\u00e9rita exagerada ou mesmo inexistente.<\/p>\n<p>Quando Mirita Domingues trabalhou na Junta de Freguesia do Entroncamento, o seu av\u00f4<br \/>\nAnt\u00f3nio Beato, nessa altura j\u00e1 reformado, prop\u00f4s-se um dia ajud\u00e1-la a organizar a papelada do Jos\u00e9 Duarte, correspond\u00eancia v\u00e1ria e outros documentos que estavam guardados, mas n\u00e3o arrumados. Pacientemente organizou tudo em \u00e1lbuns, sem omitir o mais pequeno papel. E no meio daquilo tudo, l\u00e1 estavam os documentos das hipotecas da c\u00e9lebre vinha do Monte do Trigo, na Ribeira de Santar\u00e9m.<\/p>\n<p>J\u00e1 sem ser pelas cr\u00f3nicas de O. P. Brito, mas pesquisando nos livros de atas da mesma Junta de Freguesia de que estamos falando, deparei-me com uma hist\u00f3ria parecida. Mas antes de entrar no conte\u00fado da ata, vou apenas dar uma explica\u00e7\u00e3o, para contextualizar o assunto.<\/p>\n<p>Estava-se em 1936, o Entroncamento tinha duas escolas, ambas denominadas Cam\u00f5es, as<br \/>\nduas da CP, uma delas j\u00e1 velha, constru\u00edda no final do s\u00e9culo XIX, e cedida ao Estado para o ensino p\u00fablico, a outra moderna e quase acabada de estrear, para os ferrovi\u00e1rios e seus filhos (est\u00e1 agora decadente, e se n\u00e3o lhe acodem, ficamos sem ela).<\/p>\n<p>A escola p\u00fablica, a romper pelas costuras, ressentia-se tamb\u00e9m da vizinhan\u00e7a dos<br \/>\ncomboios, nesse tempo a vapor, e era de urg\u00eancia encontrar uma alternativa. Ficava essa<br \/>\nescola, mais ou menos, onde est\u00e3o hoje um parque autom\u00f3vel e o antigo dormit\u00f3rio da CP, em terreno da esta\u00e7\u00e3o ferrovi\u00e1ria.<\/p>\n\r\n                <style type=\"text\/css\">\r\n                    \r\n                    #tdi_1  .td-doubleSlider-2 .td-item1 {\r\n                        background: url(https:\/\/www.entroncamentoonline.pt\/portal\/wp-content\/uploads\/2024\/02\/DSC06385-letra-20-contos-80x60.jpg) 0 0 no-repeat;\r\n                    }\r\n                    #tdi_1  .td-doubleSlider-2 .td-item2 {\r\n                        background: url(https:\/\/www.entroncamentoonline.pt\/portal\/wp-content\/uploads\/2024\/02\/joseduarte-80x60.jpg) 0 0 no-repeat;\r\n                    }\r\n                    #tdi_1  .td-doubleSlider-2 .td-item3 {\r\n                        background: url(https:\/\/www.entroncamentoonline.pt\/portal\/wp-content\/uploads\/2024\/02\/DSC06384-2.50000-80x60.jpg) 0 0 no-repeat;\r\n                    }\r\n                <\/style>\r\n\r\n                <div id=\"tdi_1\" class=\"td-gallery td-slide-on-2-columns\">\r\n                    <div class=\"post_td_gallery\">\r\n                        <div class=\"td-gallery-slide-top\">\r\n                           <div class=\"td-gallery-title\"><\/div>\r\n\r\n                            <div class=\"td-gallery-controls-wrapper\">\r\n                                <div class=\"td-gallery-slide-count\"><span class=\"td-gallery-slide-item-focus\">1<\/span> de 3<\/div>\r\n                                <div class=\"td-gallery-slide-prev-next-but\">\r\n                                    <i class = \"td-icon-left doubleSliderPrevButton\"><\/i>\r\n                                    <i class = \"td-icon-right doubleSliderNextButton\"><\/i>\r\n                                <\/div>\r\n                            <\/div>\r\n                        <\/div>\r\n\r\n                        <div class = \"td-doubleSlider-1 \">\r\n                            <div class = \"td-slider\">\r\n                                \r\n                    <div class = \"td-slide-item td-item1\">\r\n                        <figure class=\"td-slide-galery-figure td-slide-popup-gallery\">\r\n                            <a class=\"slide-gallery-image-link\" href=\"https:\/\/www.entroncamentoonline.pt\/portal\/wp-content\/uploads\/2024\/02\/DSC06385-letra-20-contos.jpg\" title=\"DSC06385 letra 20 contos\"  data-caption=\"\"  data-description=\"\">\r\n                                <img decoding=\"async\" src=\"https:\/\/www.entroncamentoonline.pt\/portal\/wp-content\/uploads\/2024\/02\/DSC06385-letra-20-contos-658x420.jpg\" srcset=\"https:\/\/www.entroncamentoonline.pt\/portal\/wp-content\/uploads\/2024\/02\/DSC06385-letra-20-contos-658x420.jpg 658w, https:\/\/www.entroncamentoonline.pt\/portal\/wp-content\/uploads\/2024\/02\/DSC06385-letra-20-contos-800x511.jpg 800w, https:\/\/www.entroncamentoonline.pt\/portal\/wp-content\/uploads\/2024\/02\/DSC06385-letra-20-contos-768x490.jpg 768w, https:\/\/www.entroncamentoonline.pt\/portal\/wp-content\/uploads\/2024\/02\/DSC06385-letra-20-contos-696x444.jpg 696w, https:\/\/www.entroncamentoonline.pt\/portal\/wp-content\/uploads\/2024\/02\/DSC06385-letra-20-contos-1068x682.jpg 1068w, https:\/\/www.entroncamentoonline.pt\/portal\/wp-content\/uploads\/2024\/02\/DSC06385-letra-20-contos.jpg 1131w\" sizes=\"(max-width: 658px) 100vw, 658px\" alt=\"\">\r\n                            <\/a>\r\n                            \r\n                        <\/figure>\r\n                    <\/div>\r\n                    <div class = \"td-slide-item td-item2\">\r\n                        <figure class=\"td-slide-galery-figure td-slide-popup-gallery\">\r\n                            <a class=\"slide-gallery-image-link\" href=\"https:\/\/www.entroncamentoonline.pt\/portal\/wp-content\/uploads\/2024\/02\/joseduarte.jpg\" title=\"joseduarte\"  data-caption=\"\"  data-description=\"\">\r\n                                <img decoding=\"async\" src=\"https:\/\/www.entroncamentoonline.pt\/portal\/wp-content\/uploads\/2024\/02\/joseduarte-302x420.jpg\" srcset=\"https:\/\/www.entroncamentoonline.pt\/portal\/wp-content\/uploads\/2024\/02\/joseduarte-302x420.jpg 302w, https:\/\/www.entroncamentoonline.pt\/portal\/wp-content\/uploads\/2024\/02\/joseduarte.jpg 472w\" sizes=\"(max-width: 302px) 100vw, 302px\" alt=\"\">\r\n                            <\/a>\r\n                            \r\n                        <\/figure>\r\n                    <\/div>\r\n                    <div class = \"td-slide-item td-item3\">\r\n                        <figure class=\"td-slide-galery-figure td-slide-popup-gallery\">\r\n                            <a class=\"slide-gallery-image-link\" href=\"https:\/\/www.entroncamentoonline.pt\/portal\/wp-content\/uploads\/2024\/02\/DSC06384-2.50000.jpg\" title=\"DSC06384 2.500$00\"  data-caption=\"\"  data-description=\"\">\r\n                                <img decoding=\"async\" src=\"https:\/\/www.entroncamentoonline.pt\/portal\/wp-content\/uploads\/2024\/02\/DSC06384-2.50000-560x420.jpg\" srcset=\"https:\/\/www.entroncamentoonline.pt\/portal\/wp-content\/uploads\/2024\/02\/DSC06384-2.50000-560x420.jpg 560w, https:\/\/www.entroncamentoonline.pt\/portal\/wp-content\/uploads\/2024\/02\/DSC06384-2.50000-800x600.jpg 800w, https:\/\/www.entroncamentoonline.pt\/portal\/wp-content\/uploads\/2024\/02\/DSC06384-2.50000-768x576.jpg 768w, https:\/\/www.entroncamentoonline.pt\/portal\/wp-content\/uploads\/2024\/02\/DSC06384-2.50000-696x522.jpg 696w, https:\/\/www.entroncamentoonline.pt\/portal\/wp-content\/uploads\/2024\/02\/DSC06384-2.50000-1068x801.jpg 1068w, https:\/\/www.entroncamentoonline.pt\/portal\/wp-content\/uploads\/2024\/02\/DSC06384-2.50000-80x60.jpg 80w, https:\/\/www.entroncamentoonline.pt\/portal\/wp-content\/uploads\/2024\/02\/DSC06384-2.50000-265x198.jpg 265w, https:\/\/www.entroncamentoonline.pt\/portal\/wp-content\/uploads\/2024\/02\/DSC06384-2.50000.jpg 1280w\" sizes=\"(max-width: 560px) 100vw, 560px\" alt=\"\">\r\n                            <\/a>\r\n                            \r\n                        <\/figure>\r\n                    <\/div>\r\n                            <\/div>\r\n                        <\/div>\r\n\r\n                        <div class = \"td-doubleSlider-2\">\r\n                            <div class = \"td-slider\">\r\n                                \r\n                    <div class = \"td-button td-item1\">\r\n                        <div class = \"td-border\"><\/div>\r\n                    <\/div>\r\n                    <div class = \"td-button td-item2\">\r\n                        <div class = \"td-border\"><\/div>\r\n                    <\/div>\r\n                    <div class = \"td-button td-item3\">\r\n                        <div class = \"td-border\"><\/div>\r\n                    <\/div>\r\n                            <\/div>\r\n                        <\/div>\r\n\r\n                    <\/div>\r\n\r\n                <\/div>\r\n                \n<p>Para implantar uma escola era necess\u00e1ria autoriza\u00e7\u00e3o superior, como foi sempre, mas essas autoriza\u00e7\u00f5es estavam suspensas devido \u00e0 elabora\u00e7\u00e3o de uma Carta Escolar. Salazar queria construir escolas onde n\u00e3o as havia, mas met\u00f3dico como sempre foi, ordenou um<br \/>\nlevantamento total do pa\u00eds, para saber o que havia e n\u00e3o havia. Foi a partir dessa carta que se constru\u00edram as escolas chamadas do Plano dos Centen\u00e1rios, porque tiveram o seu arranque em 1940, ano de comemora\u00e7\u00f5es de centen\u00e1rios (1140 e 1640).<\/p>\n<p>Jos\u00e9 Duarte precisava de uma, ou mesmo de duas escolas, tal era o n\u00famero de alunos a<br \/>\nnecessitar de espa\u00e7o, e n\u00e3o era para 1940, mas para estarem terminadas em 1938. Havia uma lei muito excecional que previa a constru\u00e7\u00e3o de escola desde que houvesse um bairro<br \/>\nconstitu\u00eddo e n\u00e3o a tivesse.<\/p>\n<p>Bairros tinha o Entroncamento, novinhos em folha ou em constru\u00e7\u00e3o, de um lado o que<br \/>\nviria a ser o Bairro Salazar, nessa altura ainda a erguer-se, do outro lado da linha o Bairro do Jardim. Escolas \u00e9 que n\u00e3o havia l\u00e1.<br \/>\nCom a ajuda do deputado Amaral Neto, conseguiu-se a almejada autoriza\u00e7\u00e3o, uma escola<br \/>\npara o Bairro Salazar, e outra para o Bairro do Jardim.<br \/>\nE o dinheiro? Onde o vamos buscar?<br \/>\nAgora \u00e9 que vamos para a ata.<\/p>\n<p>Reuniram o presidente e os vogais, Jos\u00e9 Duarte Coelho, Frutuoso Mendes e Ant\u00f3nio<br \/>\nPicciochi Garcia e decidiram o seguinte:<br \/>\n\u201cPorque a Junta n\u00e3o tem disponibilidades para dar in\u00edcio aos trabalhos das constru\u00e7\u00f5es das<br \/>\nescolas e da Sede [da Junta de Freguesia], trabalhos estes com prazo marcado de conclus\u00e3o, cair\u00edamos fatalmente na perda das comparticipa\u00e7\u00f5es e deste modo no preju\u00edzo da Terra cujos destinos nos est\u00e3o entregues.<\/p>\n<p>Como a Junta n\u00e3o est\u00e1 autorizada a construir empr\u00e9stimos, deliberaram os homens que a<br \/>\ncomp\u00f5em, conjuntamente com o sr. Eduardo Brito, levantar na Casa Banc\u00e1ria Godinho de<br \/>\nTomar, em seus nomes pessoais, a quantia de quarenta mil escudos ao juro da lei, que<br \/>\npuseram \u00e0 disposi\u00e7\u00e3o da Junta para que esta solvesse os seus compromissos e caminhasse.\u201d<\/p>\n<p>Esta ata \u00e9 de 17 de novembro de 1936 e a sede de que falam \u00e9 o edif\u00edcio que mandaram<br \/>\nconstruir para a Junta, com tal mod\u00e9stia de dimens\u00f5es que \u00e9 hoje a C\u00e2mara Municipal.<br \/>\nAs escolas foram inauguradas em 1938, uma no Bairro Salazar, outra em frente do Jardim<br \/>\nPereira Caldas, e mesmo assim, dado o grande n\u00famero de meninas, nessa \u00e9poca, ficaram as escolas lotadas, porque s\u00f3 tinham duas salas cada uma. Os rapazes continuaram na velha Escola Cam\u00f5es, perto da Esta\u00e7\u00e3o, realmente j\u00e1 t\u00e3o vetusta que era conhecida como a Escola Velha.<\/p>\n<p>Nem todas as iniciativas de Jos\u00e9 Duarte tinham um final feliz, mas ele acabava sempre por<br \/>\ndar a volta e conseguir uma solu\u00e7\u00e3o.<\/p>\n<p>No in\u00edcio do seu mandato na Junta de Freguesia, o Entroncamento n\u00e3o tinha nada, nem<br \/>\ncemit\u00e9rio (os mortos iam para o cemit\u00e9rio da Atalaia ou da Meia Via, consoante estivessem de um ou outro lado da linha), nem igreja, nem mercado, nem \u00e1gua, nem luz.<br \/>\nO cemit\u00e9rio fazia muita falta, e as outras coisas tamb\u00e9m. Ent\u00e3o Jos\u00e9 Duarte distribuiu pelos<br \/>\ncomerciantes da terra uns papelinhos que diziam, creio, 1 escudo. Era uma esp\u00e9cie de<br \/>\ncrowdfunding daqueles tempos, as pessoas davam o dinheiro e contribu\u00edam deste modo para as despesas da sua futura acomoda\u00e7\u00e3o. Mas eles n\u00e3o gostaram da ideia, n\u00e3o vingou.<\/p>\n<p>O\u00a0 cemit\u00e9rio fez-se, mas n\u00e3o foi por esse meio.<br \/>\nN\u00e3o h\u00e1 hip\u00f3tese de transposi\u00e7\u00e3o destas situa\u00e7\u00f5es para agora, os contextos s\u00e3o outros, o<br \/>\ntempo \u00e9 outro. Mas as hist\u00f3rias, essas, acho que devem ser contadas. Elas fazem parte das<br \/>\ndores de crescimento de um Entroncamento a aumentar vertiginosamente, sem estruturas<br \/>\nque acompanhassem condignamente o crescimento populacional, e testemunham como um<br \/>\ngrupo de homens sem subs\u00eddios da UE, ultrapassava os obst\u00e1culos, para que a Terra que lhes estava entregue, caminhasse. N\u00e3o h\u00e1 d\u00favida de que conseguiram. Mal ou bem, a Terra<br \/>\ncaminhou.<\/p>\n<div class=\"fb-background-color\">\n\t\t\t  <div \n\t\t\t  \tclass = \"fb-comments\" \n\t\t\t  \tdata-href = \"https:\/\/www.entroncamentoonline.pt\/portal\/manuela-poitout-o-que-eles-faziam-naquele-tempo\/\"\n\t\t\t  \tdata-numposts = \"10\"\n\t\t\t  \tdata-lazy = \"true\"\n\t\t\t\tdata-colorscheme = \"light\"\n\t\t\t\tdata-order-by = \"social\"\n\t\t\t\tdata-mobile=true>\n\t\t\t  <\/div><\/div>\n\t\t  <style>\n\t\t    .fb-background-color {\n\t\t\t\tbackground:  !important;\n\t\t\t}\n\t\t\t.fb_iframe_widget_fluid_desktop iframe {\n\t\t\t    width: 100% !important;\n\t\t\t}\n\t\t  <\/style>\n\t\t  ","protected":false},"excerpt":{"rendered":"<p>Esta cr\u00f3nica foi publicada numa outra vida do EOL, e por l\u00e1 andou durante um tempo, esta e outras, at\u00e9 ao momento em que a p\u00e1gina do jornal foi reorganizada, e a cr\u00f3nica deixou de estar online. Ficou confinada aos limbos dos meus ficheiros, e quase esquecida. Hoje dei com ela, e pensei que, qualquer [&hellip;]<\/p>\n","protected":false},"author":19,"featured_media":0,"comment_status":"open","ping_status":"closed","sticky":false,"template":"","format":"standard","meta":{"_acf_changed":false,"footnotes":""},"categories":[55,65],"tags":[],"class_list":{"0":"post-60862","1":"post","2":"type-post","3":"status-publish","4":"format-standard","6":"category-cronica","7":"category-manuela-poitout"},"acf":[],"_links":{"self":[{"href":"https:\/\/www.entroncamentoonline.pt\/portal\/wp-json\/wp\/v2\/posts\/60862","targetHints":{"allow":["GET"]}}],"collection":[{"href":"https:\/\/www.entroncamentoonline.pt\/portal\/wp-json\/wp\/v2\/posts"}],"about":[{"href":"https:\/\/www.entroncamentoonline.pt\/portal\/wp-json\/wp\/v2\/types\/post"}],"author":[{"embeddable":true,"href":"https:\/\/www.entroncamentoonline.pt\/portal\/wp-json\/wp\/v2\/users\/19"}],"replies":[{"embeddable":true,"href":"https:\/\/www.entroncamentoonline.pt\/portal\/wp-json\/wp\/v2\/comments?post=60862"}],"version-history":[{"count":0,"href":"https:\/\/www.entroncamentoonline.pt\/portal\/wp-json\/wp\/v2\/posts\/60862\/revisions"}],"wp:attachment":[{"href":"https:\/\/www.entroncamentoonline.pt\/portal\/wp-json\/wp\/v2\/media?parent=60862"}],"wp:term":[{"taxonomy":"category","embeddable":true,"href":"https:\/\/www.entroncamentoonline.pt\/portal\/wp-json\/wp\/v2\/categories?post=60862"},{"taxonomy":"post_tag","embeddable":true,"href":"https:\/\/www.entroncamentoonline.pt\/portal\/wp-json\/wp\/v2\/tags?post=60862"}],"curies":[{"name":"wp","href":"https:\/\/api.w.org\/{rel}","templated":true}]}}