{"id":59697,"date":"2023-11-27T11:26:54","date_gmt":"2023-11-27T11:26:54","guid":{"rendered":"https:\/\/www.entroncamentoonline.pt\/portal\/?p=59697"},"modified":"2023-12-01T20:59:49","modified_gmt":"2023-12-01T20:59:49","slug":"dia-1-de-dezembro-no-cineteatro-s-joao-manuel-fernandes-vicente-apresenta-a-tentacao-do-mar","status":"publish","type":"post","link":"https:\/\/www.entroncamentoonline.pt\/portal\/dia-1-de-dezembro-no-cineteatro-s-joao-manuel-fernandes-vicente-apresenta-a-tentacao-do-mar\/","title":{"rendered":"Dia 1 de Dezembro no Cineteatro S. Jo\u00e3o | Manuel Fernandes Vicente apresenta A Tenta\u00e7\u00e3o do Mar"},"content":{"rendered":"<p>O escritor e jornalista Manuel Fernandes Vicente vai apresentar no pr\u00f3ximo dia 1 de dezembro, \u00e0s 16h 30, no Cineteatro S\u00e3o Jo\u00e3o, no Entroncamento, o seu novo livro <em>A Tenta\u00e7\u00e3o do Mar<\/em>, uma obra em que o autor recorre a pequenas hist\u00f3rias cheias de grandes temas e convic\u00e7\u00f5es para discorrer sobre a rela\u00e7\u00e3o hist\u00f3rica, atual e tamb\u00e9m perspetivada para o futuro entre Portugal e o Mar.<\/p>\n<p>Neste livro, o s\u00e9timo lan\u00e7ado por Manuel Fernandes Vicente, que foi professor de Matem\u00e1tica no Entroncamento durante mais de tr\u00eas d\u00e9cadas e jornalista do <em>P\u00fablico<\/em>, o autor discorre pelo fasc\u00ednio com que o mar sempre tentou os Portugueses, uma liga\u00e7\u00e3o antiga e hist\u00f3rica que esteve na origem das grandes gestas entre continentes, mas tamb\u00e9m volta \u00e0 atualidade com o enorme desafio da Plataforma Continental atl\u00e2ntica que est\u00e1 destinada a Portugal, e que o poder\u00e1 tornar grande entre os maiores. De resto, a Economia do Mar e todas as interdisciplinaridades que est\u00e1 a desenvolver na forma de se manter sustent\u00e1vel est\u00e3o j\u00e1 na agenda das preocupa\u00e7\u00f5es das na\u00e7\u00f5es mar\u00edtimas e de todos os atores que no futuro ir\u00e3o procurar posicionar-se em rela\u00e7\u00e3o a ela. Mas, se \u00e9 real, que estas aspira\u00e7\u00f5es e preocupa\u00e7\u00f5es est\u00e3o presentes em <em>A Tenta\u00e7\u00e3o do Mar<\/em>, o autor foi calcorreando tamb\u00e9m boa parte da costa portuguesa para por a\u00ed procurar as suas pequenas e quase paroquiais \u00a0hist\u00f3rias, reais ou semilend\u00e1rias, que nem sempre ser\u00e3o conhecidas, apesar de merecerem quase sempre ser contadas. E isso aconteceu desde os mist\u00e9rios singulares da \u00cdnsua, na foz do Rio Minho, \u00e0 Praia da Ap\u00falia, e dos \u201chomens de respeito\u201d da P\u00f3voa de Varzim \u00e0s hist\u00f3rias inesquec\u00edveis do navio-hospital <em>Gil Eannes<\/em>, \u00e0 magia do Senhor da Pedra, \u00e0s finisterras da Nazar\u00e9 e de Sagres, \u00e0 insubmiss\u00e3o de Olh\u00e3o e a tantos outros epis\u00f3dios que tanto relatam o esp\u00edrito dos lugares, como tamb\u00e9m a forma como para eles, com todas as circunst\u00e2ncias ditadas por um momento, o escritor as olhou.<\/p>\n<p><em>A Tenta\u00e7\u00e3o do Mar<\/em>, um volume que se estende por quase 600 p\u00e1ginas e que integra algumas dezenas de fotografias com que o mar se refrata na costa portuguesa, mostra a hist\u00f3ria e o futuro, mas tamb\u00e9m a diversidade enorme e o contraste de formas com Portugal continua a estabelecer a sua rela\u00e7\u00e3o oce\u00e2nica. Disso d\u00e1 conta a forma como o autor organizou a distribui\u00e7\u00e3o dos temas que aglutinam os diversos textos. E assim surgem os cap\u00edtulos relativos \u00e0s <em>Fainas<\/em>, <em>Finisterras<\/em>, <em>Geoss\u00edtios<\/em>, <em>Heran\u00e7as<\/em>, <em>Miss\u00f5es<\/em> e outros, onde tamb\u00e9m se integram hist\u00f3rias de vida de pessoas, que por distintas raz\u00f5es, t\u00eam algo de nobre e mais ou menos pessoal para contar, algo que tamb\u00e9m os torna como mareantes da saga lus\u00edada.<\/p>\n<p>Escreve Lurdes Pires Marques no seu pref\u00e1cio \u00e0 obra: \u201cO autor observa para compreender e leva o tempo que for preciso para perceber as rela\u00e7\u00f5es entre espa\u00e7os e pessoas, para perceber a simbiose natureza \u2013 espa\u00e7o\/gentes e, tal como o templo integra a dimens\u00e3o da salva\u00e7\u00e3o, tamb\u00e9m esse caminhar deste viajante, que d\u00e1 estas p\u00e1ginas m\u00e1gicas, tem tamb\u00e9m uma dimens\u00e3o salv\u00edfica \u2013 \u00e9 um trabalho de preserva\u00e7\u00e3o da mem\u00f3ria\u201d. E pouco depois: \u201cE este \u00e9 um caso s\u00e9rio de escrita: elegante, rica e variada de sintaxe e vocabul\u00e1rio, polvilhada de recursos estil\u00edsticos, testemunhando a beleza da nossa l\u00edngua. De certa maneira a escrita de Manuel Fernandes Vicente \u00e9 de interven\u00e7\u00e3o, uma esp\u00e9cie de grito contra a escrita telegr\u00e1fica, pobre que, certamente diminuir\u00e1 o racioc\u00ednio, o que ter\u00e1 custos irrepar\u00e1veis no futuro\u201d.<\/p>\n<div class=\"fb-background-color\">\n\t\t\t  <div \n\t\t\t  \tclass = \"fb-comments\" \n\t\t\t  \tdata-href = \"https:\/\/www.entroncamentoonline.pt\/portal\/dia-1-de-dezembro-no-cineteatro-s-joao-manuel-fernandes-vicente-apresenta-a-tentacao-do-mar\/\"\n\t\t\t  \tdata-numposts = \"10\"\n\t\t\t  \tdata-lazy = \"true\"\n\t\t\t\tdata-colorscheme = \"light\"\n\t\t\t\tdata-order-by = \"social\"\n\t\t\t\tdata-mobile=true>\n\t\t\t  <\/div><\/div>\n\t\t  <style>\n\t\t    .fb-background-color {\n\t\t\t\tbackground:  !important;\n\t\t\t}\n\t\t\t.fb_iframe_widget_fluid_desktop iframe {\n\t\t\t    width: 100% !important;\n\t\t\t}\n\t\t  <\/style>\n\t\t  ","protected":false},"excerpt":{"rendered":"<p>O escritor e jornalista Manuel Fernandes Vicente vai apresentar no pr\u00f3ximo dia 1 de dezembro, \u00e0s 16h 30, no Cineteatro S\u00e3o Jo\u00e3o, no Entroncamento, o seu novo livro A Tenta\u00e7\u00e3o do Mar, uma obra em que o autor recorre a pequenas hist\u00f3rias cheias de grandes temas e convic\u00e7\u00f5es para discorrer sobre a rela\u00e7\u00e3o hist\u00f3rica, atual [&hellip;]<\/p>\n","protected":false},"author":1,"featured_media":59698,"comment_status":"open","ping_status":"closed","sticky":false,"template":"","format":"standard","meta":{"_acf_changed":false,"footnotes":""},"categories":[1],"tags":[],"class_list":{"0":"post-59697","1":"post","2":"type-post","3":"status-publish","4":"format-standard","5":"has-post-thumbnail","7":"category-sem-categoria"},"acf":[],"_links":{"self":[{"href":"https:\/\/www.entroncamentoonline.pt\/portal\/wp-json\/wp\/v2\/posts\/59697","targetHints":{"allow":["GET"]}}],"collection":[{"href":"https:\/\/www.entroncamentoonline.pt\/portal\/wp-json\/wp\/v2\/posts"}],"about":[{"href":"https:\/\/www.entroncamentoonline.pt\/portal\/wp-json\/wp\/v2\/types\/post"}],"author":[{"embeddable":true,"href":"https:\/\/www.entroncamentoonline.pt\/portal\/wp-json\/wp\/v2\/users\/1"}],"replies":[{"embeddable":true,"href":"https:\/\/www.entroncamentoonline.pt\/portal\/wp-json\/wp\/v2\/comments?post=59697"}],"version-history":[{"count":0,"href":"https:\/\/www.entroncamentoonline.pt\/portal\/wp-json\/wp\/v2\/posts\/59697\/revisions"}],"wp:featuredmedia":[{"embeddable":true,"href":"https:\/\/www.entroncamentoonline.pt\/portal\/wp-json\/wp\/v2\/media\/59698"}],"wp:attachment":[{"href":"https:\/\/www.entroncamentoonline.pt\/portal\/wp-json\/wp\/v2\/media?parent=59697"}],"wp:term":[{"taxonomy":"category","embeddable":true,"href":"https:\/\/www.entroncamentoonline.pt\/portal\/wp-json\/wp\/v2\/categories?post=59697"},{"taxonomy":"post_tag","embeddable":true,"href":"https:\/\/www.entroncamentoonline.pt\/portal\/wp-json\/wp\/v2\/tags?post=59697"}],"curies":[{"name":"wp","href":"https:\/\/api.w.org\/{rel}","templated":true}]}}