{"id":5959,"date":"2019-04-24T12:53:07","date_gmt":"2019-04-24T11:53:07","guid":{"rendered":"https:\/\/www.entroncamentoonline.pt\/portal\/?p=5959"},"modified":"2019-04-24T12:53:07","modified_gmt":"2019-04-24T11:53:07","slug":"25-de-abril-em-tomar-atividades-de-rua-adiadas-para-sabado-devido-a-previsao-de-chuva","status":"publish","type":"post","link":"https:\/\/www.entroncamentoonline.pt\/portal\/25-de-abril-em-tomar-atividades-de-rua-adiadas-para-sabado-devido-a-previsao-de-chuva\/","title":{"rendered":"25 de Abril em Tomar |\u00a0Atividades de rua adiadas para s\u00e1bado devido \u00e0 previs\u00e3o de chuva"},"content":{"rendered":"<p>Devido \u00e0s condi\u00e7\u00f5es climat\u00e9ricas adversas, as atividades de rua previstas para amanh\u00e3, dia 25 de Abril, em Tomar, foram adiadas para s\u00e1bado, dia 27, nos mesmos hor\u00e1rios e locais.<\/p>\n<p>Assim, teremos no s\u00e1bado das 14h30 \u00e0s 19h00, no Mouch\u00e3o Parque e Zona Desportiva uma tarde desportiva aberta a todos os interessados.<\/p>\n<p>Tamb\u00e9m no s\u00e1bado, entre as 15h00 e as 18h30, a Pra\u00e7a da Rep\u00fablica recebe o Doce Passeio Doce, mostra e venda de doces tradicionais integrada na iniciativa De Tomar e dos Conventos.<\/p>\n<p>Mant\u00eam-se tal como previsto as atividades de interior comemorativas dos 45 anos da Revolu\u00e7\u00e3o dos Cravos. Hoje, \u00e0s 21h30, no Cine-Teatro Para\u00edso, o espet\u00e1culo \u201cCanta-me como foi\u2026 as can\u00e7\u00f5es que nos guiaram um dia\u201d, pela Tuna Sabes Cantar e a Prata da Casa, com entrada livre. Amanh\u00e3, \u00e0s 10h30, no Sal\u00e3o Nobre dos Pa\u00e7os do Concelho, a sess\u00e3o solene da Assembleia Municipal comemorativa do 25 de Abril.<\/p>\n<p>Igualmente a partir das 18 horas de hoje, no Complexo Cultural da Levada, a Feira do Livro de Tomar.<\/p>\n<p>&nbsp;<\/p>\n<div class=\"fb-background-color\">\n\t\t\t  <div \n\t\t\t  \tclass = \"fb-comments\" \n\t\t\t  \tdata-href = \"https:\/\/www.entroncamentoonline.pt\/portal\/25-de-abril-em-tomar-atividades-de-rua-adiadas-para-sabado-devido-a-previsao-de-chuva\/\"\n\t\t\t  \tdata-numposts = \"10\"\n\t\t\t  \tdata-lazy = \"true\"\n\t\t\t\tdata-colorscheme = \"light\"\n\t\t\t\tdata-order-by = \"social\"\n\t\t\t\tdata-mobile=true>\n\t\t\t  <\/div><\/div>\n\t\t  <style>\n\t\t    .fb-background-color {\n\t\t\t\tbackground:  !important;\n\t\t\t}\n\t\t\t.fb_iframe_widget_fluid_desktop iframe {\n\t\t\t    width: 100% !important;\n\t\t\t}\n\t\t  <\/style>\n\t\t  ","protected":false},"excerpt":{"rendered":"<p>Devido \u00e0s condi\u00e7\u00f5es climat\u00e9ricas adversas, as atividades de rua previstas para amanh\u00e3, dia 25 de Abril, em Tomar, foram adiadas para s\u00e1bado, dia 27, nos mesmos hor\u00e1rios e locais. Assim, teremos no s\u00e1bado das 14h30 \u00e0s 19h00, no Mouch\u00e3o Parque e Zona Desportiva uma tarde desportiva aberta a todos os interessados. Tamb\u00e9m no s\u00e1bado, entre [&hellip;]<\/p>\n","protected":false},"author":1,"featured_media":0,"comment_status":"open","ping_status":"closed","sticky":false,"template":"","format":"standard","meta":{"_acf_changed":false,"footnotes":""},"categories":[51],"tags":[],"class_list":{"0":"post-5959","1":"post","2":"type-post","3":"status-publish","4":"format-standard","6":"category-breves"},"acf":[],"_links":{"self":[{"href":"https:\/\/www.entroncamentoonline.pt\/portal\/wp-json\/wp\/v2\/posts\/5959","targetHints":{"allow":["GET"]}}],"collection":[{"href":"https:\/\/www.entroncamentoonline.pt\/portal\/wp-json\/wp\/v2\/posts"}],"about":[{"href":"https:\/\/www.entroncamentoonline.pt\/portal\/wp-json\/wp\/v2\/types\/post"}],"author":[{"embeddable":true,"href":"https:\/\/www.entroncamentoonline.pt\/portal\/wp-json\/wp\/v2\/users\/1"}],"replies":[{"embeddable":true,"href":"https:\/\/www.entroncamentoonline.pt\/portal\/wp-json\/wp\/v2\/comments?post=5959"}],"version-history":[{"count":0,"href":"https:\/\/www.entroncamentoonline.pt\/portal\/wp-json\/wp\/v2\/posts\/5959\/revisions"}],"wp:attachment":[{"href":"https:\/\/www.entroncamentoonline.pt\/portal\/wp-json\/wp\/v2\/media?parent=5959"}],"wp:term":[{"taxonomy":"category","embeddable":true,"href":"https:\/\/www.entroncamentoonline.pt\/portal\/wp-json\/wp\/v2\/categories?post=5959"},{"taxonomy":"post_tag","embeddable":true,"href":"https:\/\/www.entroncamentoonline.pt\/portal\/wp-json\/wp\/v2\/tags?post=5959"}],"curies":[{"name":"wp","href":"https:\/\/api.w.org\/{rel}","templated":true}]}}