{"id":59277,"date":"2023-06-16T21:13:02","date_gmt":"2023-06-16T20:13:02","guid":{"rendered":"https:\/\/www.entroncamentoonline.pt\/portal\/?p=59277"},"modified":"2023-06-16T21:23:45","modified_gmt":"2023-06-16T20:23:45","slug":"59277-2","status":"publish","type":"post","link":"https:\/\/www.entroncamentoonline.pt\/portal\/59277-2\/","title":{"rendered":"Faleceu Fernando de Matos Ribeiro, com 91 anos, residente no Entroncamento"},"content":{"rendered":"<p><span style=\"font-size: 10.0pt; font-family: 'Verdana',sans-serif;\">Fernando de Matos Ribeiro, com <\/span>91 anos, residente na\u00a0<span style=\"font-size: 10.0pt; font-family: 'Verdana',sans-serif;\">Rua Manuel Rodrigues Gameiro, no Entroncamento.<\/span><\/p>\n<p><span style=\"font-size: 10.0pt; font-family: 'Verdana',sans-serif;\">Sua esposa: Maria Teresa Correia Ribeiro, seus filhos: Maria Manuela Correia de Matos Ribeiro Gon\u00e7alves, Carlos Fernando Correia de Matos Ribeiro e restante fam\u00edlia, comunicam que o seu vel\u00f3rio ser\u00e1 realizado na Capela Mortu\u00e1ria da Sagrada Fam\u00edlia &#8211; Entroncamento.<\/span><\/p>\n<p><span style=\"font-size: 10.0pt; font-family: 'Verdana',sans-serif;\">O seu funeral realizar-se-\u00e1 no dia 17 de junho de 2023 (s\u00e1bado), saindo da Capela Mortu\u00e1ria da Sagrada Fam\u00edlia &#8211; Entroncamento pelas 10:30 horas, com destino ao Cremat\u00f3rio do Entroncamento, onde ser\u00e3o celebradas as respetivas cerim\u00f3nias f\u00fanebres pelas 11:00 horas.\u00a0<\/span><\/p>\n<p><img loading=\"lazy\" decoding=\"async\" class=\"alignnone size-medium wp-image-57107\" src=\"https:\/\/www.entroncamentoonline.pt\/portal\/wp-content\/uploads\/2023\/02\/AFR-50anos_jornal-eol-800x132.png\" alt=\"\" width=\"800\" height=\"132\" srcset=\"https:\/\/www.entroncamentoonline.pt\/portal\/wp-content\/uploads\/2023\/02\/AFR-50anos_jornal-eol-800x132.png 800w, https:\/\/www.entroncamentoonline.pt\/portal\/wp-content\/uploads\/2023\/02\/AFR-50anos_jornal-eol-2024x335.png 2024w, https:\/\/www.entroncamentoonline.pt\/portal\/wp-content\/uploads\/2023\/02\/AFR-50anos_jornal-eol-768x127.png 768w, https:\/\/www.entroncamentoonline.pt\/portal\/wp-content\/uploads\/2023\/02\/AFR-50anos_jornal-eol-1536x254.png 1536w, https:\/\/www.entroncamentoonline.pt\/portal\/wp-content\/uploads\/2023\/02\/AFR-50anos_jornal-eol-2048x339.png 2048w, https:\/\/www.entroncamentoonline.pt\/portal\/wp-content\/uploads\/2023\/02\/AFR-50anos_jornal-eol-696x115.png 696w, https:\/\/www.entroncamentoonline.pt\/portal\/wp-content\/uploads\/2023\/02\/AFR-50anos_jornal-eol-1068x177.png 1068w, https:\/\/www.entroncamentoonline.pt\/portal\/wp-content\/uploads\/2023\/02\/AFR-50anos_jornal-eol-1920x317.png 1920w\" sizes=\"auto, (max-width: 800px) 100vw, 800px\" \/><\/p>\n<div class=\"fb-background-color\">\n\t\t\t  <div \n\t\t\t  \tclass = \"fb-comments\" \n\t\t\t  \tdata-href = \"https:\/\/www.entroncamentoonline.pt\/portal\/59277-2\/\"\n\t\t\t  \tdata-numposts = \"10\"\n\t\t\t  \tdata-lazy = \"true\"\n\t\t\t\tdata-colorscheme = \"light\"\n\t\t\t\tdata-order-by = \"social\"\n\t\t\t\tdata-mobile=true>\n\t\t\t  <\/div><\/div>\n\t\t  <style>\n\t\t    .fb-background-color {\n\t\t\t\tbackground:  !important;\n\t\t\t}\n\t\t\t.fb_iframe_widget_fluid_desktop iframe {\n\t\t\t    width: 100% !important;\n\t\t\t}\n\t\t  <\/style>\n\t\t  ","protected":false},"excerpt":{"rendered":"<p>Fernando de Matos Ribeiro, com 91 anos, residente na\u00a0Rua Manuel Rodrigues Gameiro, no Entroncamento. Sua esposa: Maria Teresa Correia Ribeiro, seus filhos: Maria Manuela Correia de Matos Ribeiro Gon\u00e7alves, Carlos Fernando Correia de Matos Ribeiro e restante fam\u00edlia, comunicam que o seu vel\u00f3rio ser\u00e1 realizado na Capela Mortu\u00e1ria da Sagrada Fam\u00edlia &#8211; Entroncamento. O seu [&hellip;]<\/p>\n","protected":false},"author":1,"featured_media":59278,"comment_status":"open","ping_status":"closed","sticky":false,"template":"","format":"standard","meta":{"_acf_changed":false,"footnotes":""},"categories":[1],"tags":[],"class_list":{"0":"post-59277","1":"post","2":"type-post","3":"status-publish","4":"format-standard","5":"has-post-thumbnail","7":"category-sem-categoria"},"acf":[],"_links":{"self":[{"href":"https:\/\/www.entroncamentoonline.pt\/portal\/wp-json\/wp\/v2\/posts\/59277","targetHints":{"allow":["GET"]}}],"collection":[{"href":"https:\/\/www.entroncamentoonline.pt\/portal\/wp-json\/wp\/v2\/posts"}],"about":[{"href":"https:\/\/www.entroncamentoonline.pt\/portal\/wp-json\/wp\/v2\/types\/post"}],"author":[{"embeddable":true,"href":"https:\/\/www.entroncamentoonline.pt\/portal\/wp-json\/wp\/v2\/users\/1"}],"replies":[{"embeddable":true,"href":"https:\/\/www.entroncamentoonline.pt\/portal\/wp-json\/wp\/v2\/comments?post=59277"}],"version-history":[{"count":0,"href":"https:\/\/www.entroncamentoonline.pt\/portal\/wp-json\/wp\/v2\/posts\/59277\/revisions"}],"wp:featuredmedia":[{"embeddable":true,"href":"https:\/\/www.entroncamentoonline.pt\/portal\/wp-json\/wp\/v2\/media\/59278"}],"wp:attachment":[{"href":"https:\/\/www.entroncamentoonline.pt\/portal\/wp-json\/wp\/v2\/media?parent=59277"}],"wp:term":[{"taxonomy":"category","embeddable":true,"href":"https:\/\/www.entroncamentoonline.pt\/portal\/wp-json\/wp\/v2\/categories?post=59277"},{"taxonomy":"post_tag","embeddable":true,"href":"https:\/\/www.entroncamentoonline.pt\/portal\/wp-json\/wp\/v2\/tags?post=59277"}],"curies":[{"name":"wp","href":"https:\/\/api.w.org\/{rel}","templated":true}]}}