{"id":59069,"date":"2023-06-02T16:48:27","date_gmt":"2023-06-02T15:48:27","guid":{"rendered":"https:\/\/www.entroncamentoonline.pt\/portal\/?p=59069"},"modified":"2023-06-02T16:48:27","modified_gmt":"2023-06-02T15:48:27","slug":"faleceu-manuel-da-costa-com-78-anos-residente-nas-limeiras","status":"publish","type":"post","link":"https:\/\/www.entroncamentoonline.pt\/portal\/faleceu-manuel-da-costa-com-78-anos-residente-nas-limeiras\/","title":{"rendered":"Faleceu Manuel da Costa, com 78 anos, residente nas Limeiras"},"content":{"rendered":"<p><span style=\"font-size: 10.0pt; font-family: 'Verdana',sans-serif;\">Manuel da Costa, com <\/span><span style=\"font-size: 10.0pt; font-family: 'Verdana',sans-serif;\">78 anos, residente na\u00a0<\/span><span style=\"font-size: 10.0pt; font-family: 'Verdana',sans-serif;\">Rua Nossa Senhora de F\u00e1tima, nas Limeiras.<\/span><\/p>\n<p><span style=\"font-size: 10.0pt; font-family: 'Verdana',sans-serif;\">Sua esposa: Maria Luiza Pereira de Carvalho Costa, seus filhos: Rui Manuel Carvalho Costa, Jo\u00e3o Pedro carvalho Costa, seus netos: Guilherme Costa, Carlota Costa e restante fam\u00edlia, comunicam que o seu vel\u00f3rio ser\u00e1 realizado na Capela da Confer\u00eancia S\u00e3o Vicente Paulo &#8211; Limeiras, dia 03 de junho de 2023, a partir das 10:00 horas.<\/span><\/p>\n<p><span style=\"font-size: 10.0pt; font-family: 'Verdana',sans-serif;\">O seu funeral realizar-se-\u00e1 no dia 03 de junho de 2023 (s\u00e1bado), saindo da Capela da Confer\u00eancia S\u00e3o Vicente Paulo &#8211; Limeiras pelas 14:30 horas, com destino \u00e0 Igreja das Limeiras, onde ser\u00e1 realizada missa de corpo presente pelas 15:00 horas, seguindo para o cemit\u00e9rio das Limeiras.<\/span><\/p>\n<p><img loading=\"lazy\" decoding=\"async\" class=\"alignnone size-medium wp-image-57107\" src=\"https:\/\/www.entroncamentoonline.pt\/portal\/wp-content\/uploads\/2023\/02\/AFR-50anos_jornal-eol-800x132.png\" alt=\"\" width=\"800\" height=\"132\" srcset=\"https:\/\/www.entroncamentoonline.pt\/portal\/wp-content\/uploads\/2023\/02\/AFR-50anos_jornal-eol-800x132.png 800w, https:\/\/www.entroncamentoonline.pt\/portal\/wp-content\/uploads\/2023\/02\/AFR-50anos_jornal-eol-2024x335.png 2024w, https:\/\/www.entroncamentoonline.pt\/portal\/wp-content\/uploads\/2023\/02\/AFR-50anos_jornal-eol-768x127.png 768w, https:\/\/www.entroncamentoonline.pt\/portal\/wp-content\/uploads\/2023\/02\/AFR-50anos_jornal-eol-1536x254.png 1536w, https:\/\/www.entroncamentoonline.pt\/portal\/wp-content\/uploads\/2023\/02\/AFR-50anos_jornal-eol-2048x339.png 2048w, https:\/\/www.entroncamentoonline.pt\/portal\/wp-content\/uploads\/2023\/02\/AFR-50anos_jornal-eol-696x115.png 696w, https:\/\/www.entroncamentoonline.pt\/portal\/wp-content\/uploads\/2023\/02\/AFR-50anos_jornal-eol-1068x177.png 1068w, https:\/\/www.entroncamentoonline.pt\/portal\/wp-content\/uploads\/2023\/02\/AFR-50anos_jornal-eol-1920x317.png 1920w\" sizes=\"auto, (max-width: 800px) 100vw, 800px\" \/><\/p>\n<p>&nbsp;<\/p>\n<div class=\"fb-background-color\">\n\t\t\t  <div \n\t\t\t  \tclass = \"fb-comments\" \n\t\t\t  \tdata-href = \"https:\/\/www.entroncamentoonline.pt\/portal\/faleceu-manuel-da-costa-com-78-anos-residente-nas-limeiras\/\"\n\t\t\t  \tdata-numposts = \"10\"\n\t\t\t  \tdata-lazy = \"true\"\n\t\t\t\tdata-colorscheme = \"light\"\n\t\t\t\tdata-order-by = \"social\"\n\t\t\t\tdata-mobile=true>\n\t\t\t  <\/div><\/div>\n\t\t  <style>\n\t\t    .fb-background-color {\n\t\t\t\tbackground:  !important;\n\t\t\t}\n\t\t\t.fb_iframe_widget_fluid_desktop iframe {\n\t\t\t    width: 100% !important;\n\t\t\t}\n\t\t  <\/style>\n\t\t  ","protected":false},"excerpt":{"rendered":"<p>Manuel da Costa, com 78 anos, residente na\u00a0Rua Nossa Senhora de F\u00e1tima, nas Limeiras. Sua esposa: Maria Luiza Pereira de Carvalho Costa, seus filhos: Rui Manuel Carvalho Costa, Jo\u00e3o Pedro carvalho Costa, seus netos: Guilherme Costa, Carlota Costa e restante fam\u00edlia, comunicam que o seu vel\u00f3rio ser\u00e1 realizado na Capela da Confer\u00eancia S\u00e3o Vicente Paulo [&hellip;]<\/p>\n","protected":false},"author":1,"featured_media":59070,"comment_status":"open","ping_status":"closed","sticky":false,"template":"","format":"standard","meta":{"_acf_changed":false,"footnotes":""},"categories":[1],"tags":[],"class_list":{"0":"post-59069","1":"post","2":"type-post","3":"status-publish","4":"format-standard","5":"has-post-thumbnail","7":"category-sem-categoria"},"acf":[],"_links":{"self":[{"href":"https:\/\/www.entroncamentoonline.pt\/portal\/wp-json\/wp\/v2\/posts\/59069","targetHints":{"allow":["GET"]}}],"collection":[{"href":"https:\/\/www.entroncamentoonline.pt\/portal\/wp-json\/wp\/v2\/posts"}],"about":[{"href":"https:\/\/www.entroncamentoonline.pt\/portal\/wp-json\/wp\/v2\/types\/post"}],"author":[{"embeddable":true,"href":"https:\/\/www.entroncamentoonline.pt\/portal\/wp-json\/wp\/v2\/users\/1"}],"replies":[{"embeddable":true,"href":"https:\/\/www.entroncamentoonline.pt\/portal\/wp-json\/wp\/v2\/comments?post=59069"}],"version-history":[{"count":0,"href":"https:\/\/www.entroncamentoonline.pt\/portal\/wp-json\/wp\/v2\/posts\/59069\/revisions"}],"wp:featuredmedia":[{"embeddable":true,"href":"https:\/\/www.entroncamentoonline.pt\/portal\/wp-json\/wp\/v2\/media\/59070"}],"wp:attachment":[{"href":"https:\/\/www.entroncamentoonline.pt\/portal\/wp-json\/wp\/v2\/media?parent=59069"}],"wp:term":[{"taxonomy":"category","embeddable":true,"href":"https:\/\/www.entroncamentoonline.pt\/portal\/wp-json\/wp\/v2\/categories?post=59069"},{"taxonomy":"post_tag","embeddable":true,"href":"https:\/\/www.entroncamentoonline.pt\/portal\/wp-json\/wp\/v2\/tags?post=59069"}],"curies":[{"name":"wp","href":"https:\/\/api.w.org\/{rel}","templated":true}]}}