{"id":58522,"date":"2023-04-26T18:34:59","date_gmt":"2023-04-26T17:34:59","guid":{"rendered":"https:\/\/www.entroncamentoonline.pt\/portal\/?p=58522"},"modified":"2023-04-26T18:57:35","modified_gmt":"2023-04-26T17:57:35","slug":"ferreira-do-zezere-festival-gastronomico-do-lagostim-e-peixe-do-rio","status":"publish","type":"post","link":"https:\/\/www.entroncamentoonline.pt\/portal\/ferreira-do-zezere-festival-gastronomico-do-lagostim-e-peixe-do-rio\/","title":{"rendered":"Ferreira do Z\u00eazere | Festival Gastron\u00f3mico do Lagostim e peixe do Rio"},"content":{"rendered":"<p>Decorreu em Ferreira do Z\u00eazere, de 21 a 25 de abril, o Festival Gastron\u00f3mico do lagostim e do peixe do rio \u2013 Sabores do Z\u00eazere.<\/p>\n<p>Ao longo dos 5 dias, foram muitos os que percorreram os 13 restaurantes, caf\u00e9s e pastelarias aderentes para degustar as variadas receitas com base nos produtos do festival.<\/p>\n<p>No Mercado Municipal, as Escolas Profissionais de F\u00e1tima, de Sic\u00f3 e de Tomar, apresentaram em sess\u00f5es diferenciadas de showcooking,\u00a0 vers\u00f5es tradicionais ou contempor\u00e2neas de lagostim e peixe do rio &#8211; Sabores do Z\u00eazere a despertar sentidos. Ainda no espa\u00e7o do Mercado, foram muitos os que brincaram em fam\u00edlia, com jogos tradicionais e intergeracionais, promovidos pelos alunos de desporto do Agrupamento de Escolas de Ferreira do Z\u00eazere, ou nos insufl\u00e1veis gigantes instalados no local.<\/p>\n<p>Os visitantes tiveram acesso a uma programa\u00e7\u00e3o cultural e desportiva\u00a0 diversa, que complementou o Festival.<\/p>\n<p>O ator e declamador Pedro Lamares apresentou, na Biblioteca, o recital &#8220;A poesia \u00e9 uma arma carregada de futuro&#8221;. Na Casa do Adro Hotel, foram outros os sentidos em evid\u00eancia na prova de vinhos do M\u00e9dio Tejo e na tarde de fado com Ant\u00f3nio Pinto Basto e Ana Fernandes.<\/p>\n<p>Na descoberta da extraordin\u00e1ria paisagem do Z\u00eazere, foram tamb\u00e9m muitos os que participaram na caminhada Sabores do Z\u00eazere &#8211; entre a Castanheira (Lago Azul) e a\u00a0 Pombeira.<\/p>\n<p>De\u00a0 forma a assinalar o Dia Internacional dos Monumentos e S\u00edtios, foi em fam\u00edlia que os visitantes puderam explorar a aldeia ribeirinha de Dornes, uma das 7 Maravilhas de Portugal, participando num peddy-paper..<\/p>\n<p>No Dia da Liberdade, os alunos da Escola Tecnol\u00f3gica e Profissional de Sic\u00f3 (Curso Profissional T\u00e9cnico de restaurante\/bar) apresentaram alguns Cocktail\u00b4s de autor estiveram no Centro Cultural Alfredo Keil durante a inaugura\u00e7\u00e3o da exposi\u00e7\u00e3o &#8220;Anima&#8221; que estar\u00e1 patente ao p\u00fablico at\u00e9 15 de setembro de 2023, das 14h00 \u00e0s 17h00, numa parceria entre Munic\u00edpio de Ferreira do Z\u00eazere e Avi\u00e1rio Studio.<\/p>\n<p>No encerramento do Festival Gastron\u00f3mico &#8220;Sabores do Z\u00eazere&#8221; e para comemorar os 49 anos do 25 de abril, o Munic\u00edpio de Ferreira do Z\u00eazere promoveu um extraordin\u00e1rio concerto com o grupo Qu4rteto que interpretou tamb\u00e9m pela primeira vez em Ferreira do Z\u00eazere, &#8220;Can\u00e7\u00f5es de abril e outros meses&#8221;.<\/p>\n<p>Para o Presidente da C\u00e2mara, Bruno Gomes, o balan\u00e7o destes 5 dias, intensos de atividades, de emo\u00e7\u00f5es fortes e diversas, foi muito positivo para o setor da restaura\u00e7\u00e3o, hotelaria e com\u00e9rcio do concelho, evidenciando mais uma vez que Ferreira do Z\u00eazere e os Ferreirenses sabem receber com qualidade.<\/p>\n<div class=\"fb-background-color\">\n\t\t\t  <div \n\t\t\t  \tclass = \"fb-comments\" \n\t\t\t  \tdata-href = \"https:\/\/www.entroncamentoonline.pt\/portal\/ferreira-do-zezere-festival-gastronomico-do-lagostim-e-peixe-do-rio\/\"\n\t\t\t  \tdata-numposts = \"10\"\n\t\t\t  \tdata-lazy = \"true\"\n\t\t\t\tdata-colorscheme = \"light\"\n\t\t\t\tdata-order-by = \"social\"\n\t\t\t\tdata-mobile=true>\n\t\t\t  <\/div><\/div>\n\t\t  <style>\n\t\t    .fb-background-color {\n\t\t\t\tbackground:  !important;\n\t\t\t}\n\t\t\t.fb_iframe_widget_fluid_desktop iframe {\n\t\t\t    width: 100% !important;\n\t\t\t}\n\t\t  <\/style>\n\t\t  ","protected":false},"excerpt":{"rendered":"<p>Decorreu em Ferreira do Z\u00eazere, de 21 a 25 de abril, o Festival Gastron\u00f3mico do lagostim e do peixe do rio \u2013 Sabores do Z\u00eazere. Ao longo dos 5 dias, foram muitos os que percorreram os 13 restaurantes, caf\u00e9s e pastelarias aderentes para degustar as variadas receitas com base nos produtos do festival. No Mercado [&hellip;]<\/p>\n","protected":false},"author":1,"featured_media":58523,"comment_status":"open","ping_status":"closed","sticky":false,"template":"","format":"standard","meta":{"_acf_changed":false,"footnotes":""},"categories":[87,68,32],"tags":[],"class_list":{"0":"post-58522","1":"post","2":"type-post","3":"status-publish","4":"format-standard","5":"has-post-thumbnail","7":"category-ferreira-do-zezere","8":"category-na-boa","9":"category-noticias"},"acf":[],"_links":{"self":[{"href":"https:\/\/www.entroncamentoonline.pt\/portal\/wp-json\/wp\/v2\/posts\/58522","targetHints":{"allow":["GET"]}}],"collection":[{"href":"https:\/\/www.entroncamentoonline.pt\/portal\/wp-json\/wp\/v2\/posts"}],"about":[{"href":"https:\/\/www.entroncamentoonline.pt\/portal\/wp-json\/wp\/v2\/types\/post"}],"author":[{"embeddable":true,"href":"https:\/\/www.entroncamentoonline.pt\/portal\/wp-json\/wp\/v2\/users\/1"}],"replies":[{"embeddable":true,"href":"https:\/\/www.entroncamentoonline.pt\/portal\/wp-json\/wp\/v2\/comments?post=58522"}],"version-history":[{"count":0,"href":"https:\/\/www.entroncamentoonline.pt\/portal\/wp-json\/wp\/v2\/posts\/58522\/revisions"}],"wp:featuredmedia":[{"embeddable":true,"href":"https:\/\/www.entroncamentoonline.pt\/portal\/wp-json\/wp\/v2\/media\/58523"}],"wp:attachment":[{"href":"https:\/\/www.entroncamentoonline.pt\/portal\/wp-json\/wp\/v2\/media?parent=58522"}],"wp:term":[{"taxonomy":"category","embeddable":true,"href":"https:\/\/www.entroncamentoonline.pt\/portal\/wp-json\/wp\/v2\/categories?post=58522"},{"taxonomy":"post_tag","embeddable":true,"href":"https:\/\/www.entroncamentoonline.pt\/portal\/wp-json\/wp\/v2\/tags?post=58522"}],"curies":[{"name":"wp","href":"https:\/\/api.w.org\/{rel}","templated":true}]}}