{"id":57951,"date":"2023-03-28T19:52:50","date_gmt":"2023-03-28T18:52:50","guid":{"rendered":"https:\/\/www.entroncamentoonline.pt\/portal\/?p=57951"},"modified":"2023-03-28T19:52:50","modified_gmt":"2023-03-28T18:52:50","slug":"faleceu-geraldina-tavares-da-silva-com-90-anos-residente-na-lamarosa","status":"publish","type":"post","link":"https:\/\/www.entroncamentoonline.pt\/portal\/faleceu-geraldina-tavares-da-silva-com-90-anos-residente-na-lamarosa\/","title":{"rendered":"Faleceu Geraldina Tavares da Silva, com 90 anos, residente na Lamarosa"},"content":{"rendered":"<p><strong>Geraldina Tavares da Silva, com <\/strong><strong>90 anos, residente <em>na Rua Arcebispo de \u00c9vora, na Lamarosa.<\/em><\/strong><\/p>\n<p><em>Sua filha &#8211; Alda Maria da Silva Cerqueira das Neves, genro e restante fam\u00edlia comunicam o falecimento deste ente querido que residia na Rua Arcebispo de \u00c9vora &#8211; Lamarosa.<\/em><\/p>\n<p><em>O funeral ser\u00e1 realizado no dia 29-mar-2023 (quarta-feira) \u00e0s 12:00 no Cremat\u00f3rio do Entroncamento.<\/em><\/p>\n<p><img loading=\"lazy\" decoding=\"async\" class=\"size-full wp-image-19255 aligncenter\" src=\"https:\/\/www.entroncamentoonline.pt\/portal\/wp-content\/uploads\/2020\/05\/AgFunPacheco.jpg\" alt=\"\" width=\"439\" height=\"112\" \/><\/p>\n<div class=\"fb-background-color\">\n\t\t\t  <div \n\t\t\t  \tclass = \"fb-comments\" \n\t\t\t  \tdata-href = \"https:\/\/www.entroncamentoonline.pt\/portal\/faleceu-geraldina-tavares-da-silva-com-90-anos-residente-na-lamarosa\/\"\n\t\t\t  \tdata-numposts = \"10\"\n\t\t\t  \tdata-lazy = \"true\"\n\t\t\t\tdata-colorscheme = \"light\"\n\t\t\t\tdata-order-by = \"social\"\n\t\t\t\tdata-mobile=true>\n\t\t\t  <\/div><\/div>\n\t\t  <style>\n\t\t    .fb-background-color {\n\t\t\t\tbackground:  !important;\n\t\t\t}\n\t\t\t.fb_iframe_widget_fluid_desktop iframe {\n\t\t\t    width: 100% !important;\n\t\t\t}\n\t\t  <\/style>\n\t\t  ","protected":false},"excerpt":{"rendered":"<p>Geraldina Tavares da Silva, com 90 anos, residente na Rua Arcebispo de \u00c9vora, na Lamarosa. Sua filha &#8211; Alda Maria da Silva Cerqueira das Neves, genro e restante fam\u00edlia comunicam o falecimento deste ente querido que residia na Rua Arcebispo de \u00c9vora &#8211; Lamarosa. O funeral ser\u00e1 realizado no dia 29-mar-2023 (quarta-feira) \u00e0s 12:00 no [&hellip;]<\/p>\n","protected":false},"author":1,"featured_media":57952,"comment_status":"open","ping_status":"closed","sticky":false,"template":"","format":"standard","meta":{"_acf_changed":false,"footnotes":""},"categories":[1],"tags":[],"class_list":{"0":"post-57951","1":"post","2":"type-post","3":"status-publish","4":"format-standard","5":"has-post-thumbnail","7":"category-sem-categoria"},"acf":[],"_links":{"self":[{"href":"https:\/\/www.entroncamentoonline.pt\/portal\/wp-json\/wp\/v2\/posts\/57951","targetHints":{"allow":["GET"]}}],"collection":[{"href":"https:\/\/www.entroncamentoonline.pt\/portal\/wp-json\/wp\/v2\/posts"}],"about":[{"href":"https:\/\/www.entroncamentoonline.pt\/portal\/wp-json\/wp\/v2\/types\/post"}],"author":[{"embeddable":true,"href":"https:\/\/www.entroncamentoonline.pt\/portal\/wp-json\/wp\/v2\/users\/1"}],"replies":[{"embeddable":true,"href":"https:\/\/www.entroncamentoonline.pt\/portal\/wp-json\/wp\/v2\/comments?post=57951"}],"version-history":[{"count":0,"href":"https:\/\/www.entroncamentoonline.pt\/portal\/wp-json\/wp\/v2\/posts\/57951\/revisions"}],"wp:featuredmedia":[{"embeddable":true,"href":"https:\/\/www.entroncamentoonline.pt\/portal\/wp-json\/wp\/v2\/media\/57952"}],"wp:attachment":[{"href":"https:\/\/www.entroncamentoonline.pt\/portal\/wp-json\/wp\/v2\/media?parent=57951"}],"wp:term":[{"taxonomy":"category","embeddable":true,"href":"https:\/\/www.entroncamentoonline.pt\/portal\/wp-json\/wp\/v2\/categories?post=57951"},{"taxonomy":"post_tag","embeddable":true,"href":"https:\/\/www.entroncamentoonline.pt\/portal\/wp-json\/wp\/v2\/tags?post=57951"}],"curies":[{"name":"wp","href":"https:\/\/api.w.org\/{rel}","templated":true}]}}