{"id":57875,"date":"2023-03-26T09:08:36","date_gmt":"2023-03-26T08:08:36","guid":{"rendered":"https:\/\/www.entroncamentoonline.pt\/portal\/?p=57875"},"modified":"2023-04-03T18:43:41","modified_gmt":"2023-04-03T17:43:41","slug":"rui-madeira-dos-quatro-cantos-do-mundo","status":"publish","type":"post","link":"https:\/\/www.entroncamentoonline.pt\/portal\/rui-madeira-dos-quatro-cantos-do-mundo\/","title":{"rendered":"RUI MADEIRA | Dos quatro cantos do Mundo&#8230;"},"content":{"rendered":"<figure id=\"attachment_47029\" aria-describedby=\"caption-attachment-47029\" style=\"width: 256px\" class=\"wp-caption alignnone\"><img loading=\"lazy\" decoding=\"async\" class=\" wp-image-47029\" src=\"https:\/\/www.entroncamentoonline.pt\/portal\/wp-content\/uploads\/2022\/02\/Rui_Madeira1.jpeg\" alt=\"\" width=\"256\" height=\"250\" \/><figcaption id=\"caption-attachment-47029\" class=\"wp-caption-text\">Rui Madeira<br \/>rui.madeira@entroncamentoonline.pt<\/figcaption><\/figure>\n<h6><strong>Entroncamento, a meca da migra\u00e7\u00e3o no M\u00e9dio Tejo?<\/strong><br \/>\nDurante os \u00faltimos anos a popula\u00e7\u00e3o do concelho sofreu algumas altera\u00e7\u00f5es que s\u00e3o hoje realidades bem vis\u00edveis. Evocando a espirituosa carater\u00edstica que nos \u00e9 reconhecida, podemos referir-nos a esta situa\u00e7\u00e3o como mais um fen\u00f3meno local, pois atualmente acolhemos migrantes dos quatro cantos do Mundo, num total a rondar as 50 nacionalidades.<\/h6>\n<p>Esta din\u00e2mica de imigra\u00e7\u00e3o \u00e9 o reconhecimento do nosso territ\u00f3rio como uma localiza\u00e7\u00e3o interessante, para novos residentes, contribuindo para a renova\u00e7\u00e3o do tecido social e do tecido econ\u00f3mico, com todas as vantagens inerentes, mas tamb\u00e9m com todos os correspondentes inconvenientes.<\/p>\n<p><strong>Globaliza\u00e7\u00e3o, localiza\u00e7\u00e3o e migra\u00e7\u00e3o<\/strong><br \/>\nA causa destes comportamentos migrat\u00f3rios \u00e9 frequentemente atribu\u00edda \u00e0 globaliza\u00e7\u00e3o. Mas as migra\u00e7\u00f5es globais manifestam-se, de forma muito particular, nos territ\u00f3rios locais, para onde se dirigem. Por v\u00e1rias ordens de raz\u00e3o o fen\u00f3meno da globaliza\u00e7\u00e3o materializa-se atualmente no Entroncamento, atrav\u00e9s do chamado fen\u00f3meno da localiza\u00e7\u00e3o, associado \u00e0 necess\u00e1ria adapta\u00e7\u00e3o das pessoas aos novos territ\u00f3rios e locais.<\/p>\n<p>Quando falamos na globaliza\u00e7\u00e3o n\u00e3o podemos deixar de falar nos fen\u00f3menos de localiza\u00e7\u00e3o, pois s\u00e3o as duas faces da mesma \u201cmoeda\u201d migrat\u00f3ria. Temos de analisar a migra\u00e7\u00e3o \u00e0 luz destes dois conceitos, sendo mais importante a problem\u00e1tica da localiza\u00e7\u00e3o, porque sobre a globaliza\u00e7\u00e3o o poder de atua\u00e7\u00e3o do nosso concelho \u00e9 \u00ednfimo, para n\u00e3o dizer nulo ou que n\u00e3o risca nada, para falar em bom portugu\u00eas.<\/p>\n<p><strong>Qual a capacidade do 2\u00ba concelho mais pequeno do Pa\u00eds para receber mais pessoas?<\/strong><br \/>\nCom menos de 14 km2 de \u00e1rea o Entroncamento \u00e9 considerado um concelho muito pequeno do ponto de vista do territ\u00f3rio. Mas \u00e9 um dos concelhos com elevada dimens\u00e3o, a n\u00edvel nacional, quando considerada a respetiva densidade populacional. Nestas condi\u00e7\u00f5es, o fen\u00f3meno da migra\u00e7\u00e3o no concelho n\u00e3o passa despercebido, como poder\u00e1 acontecer em concelhos com maior \u00e1rea territorial e de menor densidade populacional.<\/p>\n<p>Para compreender este novo fen\u00f3meno temos de perceber qual a nossa capacidade para absorver mais pessoas. N\u00e3o podemos deixar ao abandono e \u00e0 sua sorte quem aqui entronca na esperan\u00e7a de um acolhimento adequado \u00e0s suas expetativas, acreditando que o destino tratou de lhe proporcionar uma nova oportunidade para a vida.<\/p>\n<p><strong>A realidade dos factos vista \u00e0 lupa da massa cinzenta<\/strong><br \/>\nAo conhecimento dos dados emp\u00edricos resultantes da nossa experi\u00eancia pessoal tamb\u00e9m se juntam dados objetivos. \u00c9 o caso do estudo explorat\u00f3rio compilado por Gon\u00e7alo Serras, multifacetado agente cultural (entre outras val\u00eancias), c\u00e1 do burgo (e n\u00e3o s\u00f3), que nos fez chegar v\u00e1rios dados, referindo que em 2021, os novos estrangeiros no concelho eram 984, ou seja, perto de um milhar de pessoas.<\/p>\n<p>O not\u00e1vel Professor Manuel Fernandes Vicente, em artigo no EOL, a 27 de agosto de 2022, tamb\u00e9m contabilizou mais de 826 estrangeiros, desde janeiro de 2022 at\u00e9 25 de agosto do mesmo ano, no que considera ser uma r\u00e1pida altera\u00e7\u00e3o. Para pouco mais de meio ano, este valor correspondeu a um aumento de 84%, relativamente ao ano anterior.<\/p>\n<p><strong>Uma \u201crealidade aumentada\u201d e a engordar&#8230;<\/strong><br \/>\nFazendo f\u00e9 nestes dados, o n\u00famero total de estrangeiros situava-se \u00e0 data nos 1810 e representava cerca de 8% da nossa popula\u00e7\u00e3o. Mas, entretanto, como passaram alguns meses ser\u00e1 de esperar uma \u201crealidade aumentada\u201d ao dia de hoje.<\/p>\n<p>Por exemplo, recentemente uma das nossas duas freguesias registou &#8211; num s\u00f3 dia &#8211; 30 (trinta) novos pedidos de atestados de resid\u00eancia, por estrangeiros acabados de chegar \u00e0 cidade. N\u00e3o \u00e9 de admirar que esta aflu\u00eancia se fa\u00e7a ao ritmo de 100 novos estrangeiros por m\u00eas, \u201cengordando\u201d o nosso concelho.<\/p>\n<p><strong>As messi\u00e2nicas profecias do Bandarra, o sapateiro de Trancoso<\/strong><br \/>\nMais dados e informa\u00e7\u00f5es devem ser obtidos para compreender este fen\u00f3meno. Mas os dados existentes evidenciam a magnitude da recente din\u00e2mica populacional no concelho, onde a popula\u00e7\u00e3o estrangeira, registada e n\u00e3o registada, dever\u00e1 representar, at\u00e9 ao final do presente ano de 2023, cerca de 15% de toda a popula\u00e7\u00e3o.<\/p>\n<p>N\u00e3o ser\u00e1 preciso recorrer \u00e0s m\u00edticas profecias do Bandarra, que estiveram na base do messianismo sebasti\u00e2nico, para perceber que esta tend\u00eancia continuar\u00e1 no futuro pr\u00f3ximo e n\u00e3o ser\u00e1 D. Sebasti\u00e3o quem iremos receber&#8230;<\/p>\n<p><strong>O que nos reserva o futuro: antecipar cen\u00e1rios previs\u00edveis<\/strong><br \/>\nOs dados anteriormente indicados ter\u00e3o de ser objeto de adequada verifica\u00e7\u00e3o, para compreender a realidade e perceber como proceder. A tend\u00eancia n\u00e3o permite perspetivar a diminui\u00e7\u00e3o dos fluxos migrat\u00f3rios. Antes pelo contr\u00e1rio. A elabora\u00e7\u00e3o de um diagn\u00f3stico real \u00e9 de toda a conveni\u00eancia, para antecipar cen\u00e1rios prospetivos adequados para implementar no futuro.<\/p>\n<p><strong>Uma realidade escondida<\/strong><br \/>\nA quest\u00e3o da imigra\u00e7\u00e3o vai muito para al\u00e9m dos aspetos vis\u00edveis do dia-a-dia do concelho. Por baixo da sua real manifesta\u00e7\u00e3o podem colocar-se problemas &#8211; provavelmente at\u00e9 j\u00e1 se colocam &#8211; relacionados com a sa\u00fade, com a educa\u00e7\u00e3o e a l\u00edngua, com a cultura, com o racismo e discrimina\u00e7\u00e3o, com o mercado de trabalho, com a habita\u00e7\u00e3o, com a religi\u00e3o, com a cidadania e a participa\u00e7\u00e3o c\u00edvica, com a opini\u00e3o p\u00fablica local, com os servi\u00e7os de acolhimento e at\u00e9 com as rela\u00e7\u00f5es internacionais relativas aos pa\u00edses de origem dos migrantes chegados ao concelho.<\/p>\n<p><strong>Aten\u00e7\u00e3o \u00e0 press\u00e3o sobre os servi\u00e7os do concelho<\/strong><br \/>\nComo se percebe \u00e9 grande a pan\u00f3plia de eventuais problemas. Mas aten\u00e7\u00e3o! Estes problemas n\u00e3o afetam apenas os imigrantes. Afetam tamb\u00e9m quem j\u00e1 reside no concelho, por raz\u00f5es \u00f3bvias de dimensionamento dos servi\u00e7os de apoio e da press\u00e3o a que, cada vez mais, v\u00e3o ficar sujeitos, limitando a sua capacidade de funcionamento eficiente.<\/p>\n<p>\u00c9, portanto, um problema complexo que importa \u201catacar\u201d quanto antes, com os procedimentos corretos e, sobretudo, com intelig\u00eancia, para minimizar problemas futuros, evitando o que aconteceu no passado com comunidades e popula\u00e7\u00f5es \u00e0s quais n\u00e3o se deu a devida aten\u00e7\u00e3o, em termos de enquadramento e respetivo acompanhamento.<\/p>\n<p><strong>Dar a m\u00e3o ao Governo com o Plano Municipal Integra\u00e7\u00e3o de Migrantes &#8211; PMIM<\/strong><br \/>\nAdeptos da popular sabedoria onde mais vale prevenir do que remediar, consideramos urgente realizar um Plano Municipal de Integra\u00e7\u00e3o de Migrantes (PMIM), para lidar convenientemente com uma situa\u00e7\u00e3o que a prazo &#8211; at\u00e9 mesmo a curto prazo &#8211; tem previs\u00edvel potencial para se transformar num problema s\u00e9rio e com consequ\u00eancias inadequadas para a dignidade que qualquer vida humana merece.<\/p>\n<p>Nos \u00faltimos tempos o nosso concelho tem dado a m\u00e3o \u00e0s pol\u00edticas sociais do Governo da Na\u00e7\u00e3o, cujo alvo s\u00e3o popula\u00e7\u00f5es com um reduzido n\u00famero de pessoas. Mas, por muito que se concorde com essas iniciativas, \u00e9 altura do nosso Governo dar a m\u00e3o \u00e0s pol\u00edticas locais do Munic\u00edpio do Entroncamento, para benef\u00edcio da maioria das pessoas do concelho.<\/p>\n<p>Viva o Entroncamento<\/p>\n<div class=\"fb-background-color\">\n\t\t\t  <div \n\t\t\t  \tclass = \"fb-comments\" \n\t\t\t  \tdata-href = \"https:\/\/www.entroncamentoonline.pt\/portal\/rui-madeira-dos-quatro-cantos-do-mundo\/\"\n\t\t\t  \tdata-numposts = \"10\"\n\t\t\t  \tdata-lazy = \"true\"\n\t\t\t\tdata-colorscheme = \"light\"\n\t\t\t\tdata-order-by = \"social\"\n\t\t\t\tdata-mobile=true>\n\t\t\t  <\/div><\/div>\n\t\t  <style>\n\t\t    .fb-background-color {\n\t\t\t\tbackground:  !important;\n\t\t\t}\n\t\t\t.fb_iframe_widget_fluid_desktop iframe {\n\t\t\t    width: 100% !important;\n\t\t\t}\n\t\t  <\/style>\n\t\t  ","protected":false},"excerpt":{"rendered":"<p>Entroncamento, a meca da migra\u00e7\u00e3o no M\u00e9dio Tejo? Durante os \u00faltimos anos a popula\u00e7\u00e3o do concelho sofreu algumas altera\u00e7\u00f5es que s\u00e3o hoje realidades bem vis\u00edveis. Evocando a espirituosa carater\u00edstica que nos \u00e9 reconhecida, podemos referir-nos a esta situa\u00e7\u00e3o como mais um fen\u00f3meno local, pois atualmente acolhemos migrantes dos quatro cantos do Mundo, num total a [&hellip;]<\/p>\n","protected":false},"author":37,"featured_media":0,"comment_status":"open","ping_status":"closed","sticky":false,"template":"","format":"standard","meta":{"_acf_changed":false,"footnotes":""},"categories":[55,85],"tags":[],"class_list":{"0":"post-57875","1":"post","2":"type-post","3":"status-publish","4":"format-standard","6":"category-cronica","7":"category-rui-madeira"},"acf":[],"_links":{"self":[{"href":"https:\/\/www.entroncamentoonline.pt\/portal\/wp-json\/wp\/v2\/posts\/57875","targetHints":{"allow":["GET"]}}],"collection":[{"href":"https:\/\/www.entroncamentoonline.pt\/portal\/wp-json\/wp\/v2\/posts"}],"about":[{"href":"https:\/\/www.entroncamentoonline.pt\/portal\/wp-json\/wp\/v2\/types\/post"}],"author":[{"embeddable":true,"href":"https:\/\/www.entroncamentoonline.pt\/portal\/wp-json\/wp\/v2\/users\/37"}],"replies":[{"embeddable":true,"href":"https:\/\/www.entroncamentoonline.pt\/portal\/wp-json\/wp\/v2\/comments?post=57875"}],"version-history":[{"count":0,"href":"https:\/\/www.entroncamentoonline.pt\/portal\/wp-json\/wp\/v2\/posts\/57875\/revisions"}],"wp:attachment":[{"href":"https:\/\/www.entroncamentoonline.pt\/portal\/wp-json\/wp\/v2\/media?parent=57875"}],"wp:term":[{"taxonomy":"category","embeddable":true,"href":"https:\/\/www.entroncamentoonline.pt\/portal\/wp-json\/wp\/v2\/categories?post=57875"},{"taxonomy":"post_tag","embeddable":true,"href":"https:\/\/www.entroncamentoonline.pt\/portal\/wp-json\/wp\/v2\/tags?post=57875"}],"curies":[{"name":"wp","href":"https:\/\/api.w.org\/{rel}","templated":true}]}}