{"id":57787,"date":"2023-03-23T16:36:15","date_gmt":"2023-03-23T16:36:15","guid":{"rendered":"https:\/\/www.entroncamentoonline.pt\/portal\/?p=57787"},"modified":"2023-03-26T13:58:31","modified_gmt":"2023-03-26T12:58:31","slug":"abrantes-municipio-adere-a-hora-do-planeta-e-convida-populacao-a-participar-em-atividade-solidaria","status":"publish","type":"post","link":"https:\/\/www.entroncamentoonline.pt\/portal\/abrantes-municipio-adere-a-hora-do-planeta-e-convida-populacao-a-participar-em-atividade-solidaria\/","title":{"rendered":"Abrantes | Munic\u00edpio adere \u00e0 Hora do Planeta e convida popula\u00e7\u00e3o a participar em atividade solid\u00e1ria"},"content":{"rendered":"<p>Com o objetivo de consciencializar para a import\u00e2ncia de tomar decis\u00f5es que mitiguem as altera\u00e7\u00f5es clim\u00e1ticas, a C\u00e2mara Municipal de Abrantes vai aderir \u00e0 \u201cHora do Planeta\u201d, que se realiza desde 2007, desligando as luzes interiores e exteriores do edif\u00edcio Pa\u00e7os do Concelho, Castelo de Abrantes, Pra\u00e7a D. Francisco de Almeida, Torre das Telecomunica\u00e7\u00f5es e ponte rodovi\u00e1ria sobre o Rio Tejo, que liga Abrantes a Rossio ao Sul do Tejo, este s\u00e1bado, entre as 20h30 e 21h30.<\/p>\n<p>Este ano, a iniciativa est\u00e1 subordinada ao tema \u201cAlimenta\u00e7\u00e3o\u201d e, neste sentido, o Munic\u00edpio ir\u00e1 realizar a atividade \u201cRoda da M\u00e3e Terra\u201d que ir\u00e1 decorrer no relvado central da Alameda de Santo Ant\u00f3nio e onde os participantes s\u00e3o desafiados a trazer consigo um alimento de produ\u00e7\u00e3o local (uma fruta, um legume, ou outro) que depois ser\u00e1 usado para a cria\u00e7\u00e3o de cabazes que ser\u00e3o oferecidos a fam\u00edlias carenciadas.<\/p>\n<p>A iniciativa pretende sensibilizar para a import\u00e2ncia da produ\u00e7\u00e3o local e de car\u00e1ter sustent\u00e1vel e de gest\u00e3o integrada, em detrimento da agricultura intensiva, otimizando-se e potenciando-se, desta forma, os recursos end\u00f3genos, estabelecendo-se uma maior proximidade entre o produtor e o consumidor, com a consequente minimiza\u00e7\u00e3o de emiss\u00f5es poluentes geradas pelos transportes e com menor uso de adubos, produtos fitofarmac\u00eauticos e outros produtos qu\u00edmicos, contribuindo assim para a preserva\u00e7\u00e3o dos ecossistemas e revers\u00e3o da crescente desertifica\u00e7\u00e3o dos territ\u00f3rios rurais.<\/p>\n<p>A atividade \u201cRoda da M\u00e3e Terra\u201d ter\u00e1 in\u00edcio com o apagar das luzes da Torre de Telecomunica\u00e7\u00f5es seguindo-se uma a\u00e7\u00e3o de movimento, em grupo, com dan\u00e7as orientadas pela m\u00fasica e pelo movimento corporal, de p\u00e9 descal\u00e7o, para promover sensa\u00e7\u00f5es de bem-estar, de alegria e de celebra\u00e7\u00e3o em agradecimento \u00e0 M\u00e3e Terra.<\/p>\n<p>O ponto de encontro ser\u00e1 no Edif\u00edcio Pir\u00e2mide, \u00e0s 20h15. Apare\u00e7a e venha celebrar a \u201cHora do Planeta\u201d connosco.<\/p>\n<div class=\"fb-background-color\">\n\t\t\t  <div \n\t\t\t  \tclass = \"fb-comments\" \n\t\t\t  \tdata-href = \"https:\/\/www.entroncamentoonline.pt\/portal\/abrantes-municipio-adere-a-hora-do-planeta-e-convida-populacao-a-participar-em-atividade-solidaria\/\"\n\t\t\t  \tdata-numposts = \"10\"\n\t\t\t  \tdata-lazy = \"true\"\n\t\t\t\tdata-colorscheme = \"light\"\n\t\t\t\tdata-order-by = \"social\"\n\t\t\t\tdata-mobile=true>\n\t\t\t  <\/div><\/div>\n\t\t  <style>\n\t\t    .fb-background-color {\n\t\t\t\tbackground:  !important;\n\t\t\t}\n\t\t\t.fb_iframe_widget_fluid_desktop iframe {\n\t\t\t    width: 100% !important;\n\t\t\t}\n\t\t  <\/style>\n\t\t  ","protected":false},"excerpt":{"rendered":"<p>Com o objetivo de consciencializar para a import\u00e2ncia de tomar decis\u00f5es que mitiguem as altera\u00e7\u00f5es clim\u00e1ticas, a C\u00e2mara Municipal de Abrantes vai aderir \u00e0 \u201cHora do Planeta\u201d, que se realiza desde 2007, desligando as luzes interiores e exteriores do edif\u00edcio Pa\u00e7os do Concelho, Castelo de Abrantes, Pra\u00e7a D. Francisco de Almeida, Torre das Telecomunica\u00e7\u00f5es e [&hellip;]<\/p>\n","protected":false},"author":1,"featured_media":57789,"comment_status":"open","ping_status":"closed","sticky":false,"template":"","format":"standard","meta":{"_acf_changed":false,"footnotes":""},"categories":[1],"tags":[],"class_list":{"0":"post-57787","1":"post","2":"type-post","3":"status-publish","4":"format-standard","5":"has-post-thumbnail","7":"category-sem-categoria"},"acf":[],"_links":{"self":[{"href":"https:\/\/www.entroncamentoonline.pt\/portal\/wp-json\/wp\/v2\/posts\/57787","targetHints":{"allow":["GET"]}}],"collection":[{"href":"https:\/\/www.entroncamentoonline.pt\/portal\/wp-json\/wp\/v2\/posts"}],"about":[{"href":"https:\/\/www.entroncamentoonline.pt\/portal\/wp-json\/wp\/v2\/types\/post"}],"author":[{"embeddable":true,"href":"https:\/\/www.entroncamentoonline.pt\/portal\/wp-json\/wp\/v2\/users\/1"}],"replies":[{"embeddable":true,"href":"https:\/\/www.entroncamentoonline.pt\/portal\/wp-json\/wp\/v2\/comments?post=57787"}],"version-history":[{"count":0,"href":"https:\/\/www.entroncamentoonline.pt\/portal\/wp-json\/wp\/v2\/posts\/57787\/revisions"}],"wp:featuredmedia":[{"embeddable":true,"href":"https:\/\/www.entroncamentoonline.pt\/portal\/wp-json\/wp\/v2\/media\/57789"}],"wp:attachment":[{"href":"https:\/\/www.entroncamentoonline.pt\/portal\/wp-json\/wp\/v2\/media?parent=57787"}],"wp:term":[{"taxonomy":"category","embeddable":true,"href":"https:\/\/www.entroncamentoonline.pt\/portal\/wp-json\/wp\/v2\/categories?post=57787"},{"taxonomy":"post_tag","embeddable":true,"href":"https:\/\/www.entroncamentoonline.pt\/portal\/wp-json\/wp\/v2\/tags?post=57787"}],"curies":[{"name":"wp","href":"https:\/\/api.w.org\/{rel}","templated":true}]}}