{"id":5750,"date":"2019-04-17T21:13:35","date_gmt":"2019-04-17T20:13:35","guid":{"rendered":"https:\/\/www.entroncamentoonline.pt\/portal\/?p=5750"},"modified":"2019-04-17T21:13:35","modified_gmt":"2019-04-17T20:13:35","slug":"empresas-da-regiao-partem-em-viagem-de-negocios-no-final-de-abril","status":"publish","type":"post","link":"https:\/\/www.entroncamentoonline.pt\/portal\/empresas-da-regiao-partem-em-viagem-de-negocios-no-final-de-abril\/","title":{"rendered":"Empresas da regi\u00e3o partem em viagem de neg\u00f3cios no final de abril"},"content":{"rendered":"<p><span style=\"color: #666666;\">\u00c9 j\u00e1 no pr\u00f3ximo dia 29 de abril que um conjunto de empresas da regi\u00e3o viaja com a NERSANT &#8211; Associa\u00e7\u00e3o Empresarial da Regi\u00e3o de Santar\u00e9m, para o Canad\u00e1. A miss\u00e3o empresarial \u00e9 uma iniciativa do projeto financiado Neg\u00f3cios no Mundo, do qual a associa\u00e7\u00e3o ribatejana \u00e9 parceira.<\/span><\/p>\n<p>Com foco na cidade de Toronto, a miss\u00e3o tem um car\u00e1ter multissetorial e engloba a identifica\u00e7\u00e3o de oportunidades de neg\u00f3cio de acordo com os interesses das empresas participantes, a realiza\u00e7\u00e3o de reuni\u00f5es institucionais e a realiza\u00e7\u00e3o de reuni\u00f5es bilaterais com empresas locais, que possam vir a ser potenciais clientes, parceiros ou fornecedores. Sendo uma a\u00e7\u00e3o integrante de um Projeto Conjunto de apoio \u00e0 internacionaliza\u00e7\u00e3o, as empresas que eleg\u00edveis usufruem de incentivo at\u00e9 50 por cento de cofinanciamento.<\/p>\n<p>O \u201cNeg\u00f3cios no Mundo\u201d \u00e9 um projeto financiado pelo Portugal 2020, vocacionado para a potencializa\u00e7\u00e3o da internacionaliza\u00e7\u00e3o das PME nacionais, atrav\u00e9s de uma atua\u00e7\u00e3o integrada de a\u00e7\u00f5es externas, miss\u00f5es inversas e capacita\u00e7\u00e3o de empres\u00e1rios e encontra-se estruturado de forma a envolver diretamente 150 empresas de Portugal Continental que apresentam reduzidos valores de exporta\u00e7\u00e3o, que procuram diversificar a sua presen\u00e7a no exterior, bem como a sua rede de parceiros internacionais em novos mercados.<\/p>\n<p>O projeto resulta de uma candidatura da AIP &#8211; Associa\u00e7\u00e3o Industrial Portuguesa ao Sistema de Incentivos &#8220;Internacionaliza\u00e7\u00e3o das PME&#8221;, na modalidade de Projetos Conjuntos, em copromo\u00e7\u00e3o com sete associa\u00e7\u00f5es empresariais. S\u00e3o elas a NERSANT, a AEBB &#8211; Associa\u00e7\u00e3o Empresarial da Beira Baixa (Castelo Branco), NERA &#8211; Associa\u00e7\u00e3o Empresarial da Regi\u00e3o do Algarve (Faro), NERBE &#8211; N\u00facleo Empresarial da Regi\u00e3o de Beja, AEBAL &#8211; Associa\u00e7\u00e3o Empresarial do Baixo Alentejo e Litoral (Beja), NERC &#8211; Associa\u00e7\u00e3o Empresarial da Regi\u00e3o da Coimbra, NERE &#8211; N\u00facleo Empresarial da Regi\u00e3o de \u00c9vora e a NERPOR &#8211; Associa\u00e7\u00e3o Empresarial da Regi\u00e3o de Portalegre.<\/p>\n<p>O Canad\u00e1 \u00e9 um dos pa\u00edses mais desenvolvidos do mundo, com uma economia s\u00f3lida e aberta ao exterior que mantem com Portugal rela\u00e7\u00f5es hist\u00f3ricas de amizade e coopera\u00e7\u00e3o. O acordo de livre com\u00e9rcio entre a Uni\u00e3o Europeia (UE) e o Canad\u00e1, conhecido como CETA, levou a um aumento de 15% nas exporta\u00e7\u00f5es portuguesas para o Canad\u00e1. Desde a entrada em vigor provis\u00f3ria, em setembro de 2017, o valor das exporta\u00e7\u00f5es de Portugal para o Canad\u00e1 ascendeu aos 322 milh\u00f5es de euros.<\/p>\n<p>A miss\u00e3o empresarial ao Canad\u00e1 realiza-se de 29 de abril a 3 de maio. Para mais informa\u00e7\u00f5es sobre esta ou outras a\u00e7\u00f5es de internacionaliza\u00e7\u00e3o da NERSANT, os interessados devem contactar a associa\u00e7\u00e3o empresarial atrav\u00e9s dos contactos <a href=\"mailto:negociosnomundo@nersant.pt\">negociosnomundo@nersant.pt<\/a> ou 249 839\u00a0500. A calendariza\u00e7\u00e3o de a\u00e7\u00f5es est\u00e1 ainda dispon\u00edvel na agenda do portal da NERSANT, em <a href=\"http:\/\/www.nersant.pt\">www.nersant.pt<\/a>.<\/p>\n<div class=\"fb-background-color\">\n\t\t\t  <div \n\t\t\t  \tclass = \"fb-comments\" \n\t\t\t  \tdata-href = \"https:\/\/www.entroncamentoonline.pt\/portal\/empresas-da-regiao-partem-em-viagem-de-negocios-no-final-de-abril\/\"\n\t\t\t  \tdata-numposts = \"10\"\n\t\t\t  \tdata-lazy = \"true\"\n\t\t\t\tdata-colorscheme = \"light\"\n\t\t\t\tdata-order-by = \"social\"\n\t\t\t\tdata-mobile=true>\n\t\t\t  <\/div><\/div>\n\t\t  <style>\n\t\t    .fb-background-color {\n\t\t\t\tbackground:  !important;\n\t\t\t}\n\t\t\t.fb_iframe_widget_fluid_desktop iframe {\n\t\t\t    width: 100% !important;\n\t\t\t}\n\t\t  <\/style>\n\t\t  ","protected":false},"excerpt":{"rendered":"<p>\u00c9 j\u00e1 no pr\u00f3ximo dia 29 de abril que um conjunto de empresas da regi\u00e3o viaja com a NERSANT &#8211; Associa\u00e7\u00e3o Empresarial da Regi\u00e3o de Santar\u00e9m, para o Canad\u00e1. A miss\u00e3o empresarial \u00e9 uma iniciativa do projeto financiado Neg\u00f3cios no Mundo, do qual a associa\u00e7\u00e3o ribatejana \u00e9 parceira. Com foco na cidade de Toronto, a [&hellip;]<\/p>\n","protected":false},"author":1,"featured_media":0,"comment_status":"open","ping_status":"closed","sticky":false,"template":"","format":"standard","meta":{"_acf_changed":false,"footnotes":""},"categories":[51],"tags":[],"class_list":{"0":"post-5750","1":"post","2":"type-post","3":"status-publish","4":"format-standard","6":"category-breves"},"acf":[],"_links":{"self":[{"href":"https:\/\/www.entroncamentoonline.pt\/portal\/wp-json\/wp\/v2\/posts\/5750","targetHints":{"allow":["GET"]}}],"collection":[{"href":"https:\/\/www.entroncamentoonline.pt\/portal\/wp-json\/wp\/v2\/posts"}],"about":[{"href":"https:\/\/www.entroncamentoonline.pt\/portal\/wp-json\/wp\/v2\/types\/post"}],"author":[{"embeddable":true,"href":"https:\/\/www.entroncamentoonline.pt\/portal\/wp-json\/wp\/v2\/users\/1"}],"replies":[{"embeddable":true,"href":"https:\/\/www.entroncamentoonline.pt\/portal\/wp-json\/wp\/v2\/comments?post=5750"}],"version-history":[{"count":0,"href":"https:\/\/www.entroncamentoonline.pt\/portal\/wp-json\/wp\/v2\/posts\/5750\/revisions"}],"wp:attachment":[{"href":"https:\/\/www.entroncamentoonline.pt\/portal\/wp-json\/wp\/v2\/media?parent=5750"}],"wp:term":[{"taxonomy":"category","embeddable":true,"href":"https:\/\/www.entroncamentoonline.pt\/portal\/wp-json\/wp\/v2\/categories?post=5750"},{"taxonomy":"post_tag","embeddable":true,"href":"https:\/\/www.entroncamentoonline.pt\/portal\/wp-json\/wp\/v2\/tags?post=5750"}],"curies":[{"name":"wp","href":"https:\/\/api.w.org\/{rel}","templated":true}]}}