{"id":57482,"date":"2023-03-10T16:34:25","date_gmt":"2023-03-10T16:34:25","guid":{"rendered":"https:\/\/www.entroncamentoonline.pt\/portal\/?p=57482"},"modified":"2023-03-10T16:34:25","modified_gmt":"2023-03-10T16:34:25","slug":"tomar-vai-debater-como-defender-o-consumidor-no-seculo-xxi","status":"publish","type":"post","link":"https:\/\/www.entroncamentoonline.pt\/portal\/tomar-vai-debater-como-defender-o-consumidor-no-seculo-xxi\/","title":{"rendered":"Tomar vai debater como defender o consumidor no s\u00e9culo XXI"},"content":{"rendered":"<p>O Munic\u00edpio de Tomar vai celebrar o Dia Mundial do Consumidor, atrav\u00e9s do seu CIAC \u2013 Centro de Informa\u00e7\u00e3o Aut\u00e1rquico ao Consumidor, com uma confer\u00eancia a decorrer a 17 de mar\u00e7o, a partir das 9h30 da manh\u00e3, no Audit\u00f3rio da Biblioteca Municipal Ant\u00f3nio Cartaxo da Fonseca.<\/p>\n<p>Sob o t\u00edtulo gen\u00e9rico \u201cDefender o consumidor no s\u00e9culo XXI\u201d, a iniciativa, que, sendo aberta a todos os interessados, visa essencialmente consciencializar os jovens da popula\u00e7\u00e3o estudantil (ensino secund\u00e1rio e superior), come\u00e7ar\u00e1 com uma interven\u00e7\u00e3o da presidente da C\u00e2mara de Tomar, Anabela Freitas, na sess\u00e3o de abertura.<\/p>\n<p>Seguir-se-\u00e1 a primeira parte, dedicada \u00e0s no\u00e7\u00f5es gerais sobre o tema. Ser\u00e3o preletores Ana Catarina Fonseca (Dire\u00e7\u00e3o Geral do Consumidor) sobre \u201cPol\u00edticas de defesa dos direitos do consumidor\u201d; M\u00e1rio Frota (presidente em\u00e9rito da apDC) com o t\u00edtulo \u201cCom papas e bolos\u2026: Os ant\u00eddotos \u00e0s pr\u00e1ticas comerciais desleais\u201d; \u00c2ngela Frota (apDC) qua abordar\u00e1 os \u201cServi\u00e7os do quotidiano, servi\u00e7os vitais: ou mais um neg\u00f3cio sem a dignidade pr\u00f3pria?\u201d e Fernando Viana (CNIACC) que se pronunciar\u00e1 sobre a \u201cResolu\u00e7\u00e3o extrajudicial de conflitos de consumo\u201d. O per\u00edodo matinal terminar\u00e1 com um debate moderado por M\u00e1rio Beja Santos.<\/p>\n<p>\u00c0 tarde, a partir das 14h30, entrar-se-\u00e1 na era do digital, com Jos\u00e9 Ribeiro Mendes (IPT) a abordar a \u201cLiberdade de escolher e participar no espa\u00e7o p\u00fablico\u00a0<em>online<\/em>\u201d; seguido das observa\u00e7\u00f5es de Lu\u00eds Pisco (DECO) sobre \u201cConte\u00fados e servi\u00e7os digitais: Os direitos dos consumidores\u201c; Lu\u00eds Veloso (PSP) falando sobre os \u201cPerigos no ciberespa\u00e7o. A estrat\u00e9gia nacional de ciberdefesa\u201d; Ana Francisca Dias (CDC da FDUC) refletindo sobre \u201cO Livro de Reclama\u00e7\u00f5es (f\u00edsico e eletr\u00f3nico): O seu contributo\u201d e Eduardo Barra (ASAE) demonstrando \u201cO relevo da ASAE na defesa dos direitos dos consumidores\u201d.<\/p>\n<p>A sess\u00e3o de encerramento est\u00e1 prevista para as 17 horas, com a interven\u00e7\u00e3o de Filipa Fernandes, vereadora da C\u00e2mara Municipal de Tomar respons\u00e1vel pelo CIAC.<\/p>\n<div class=\"fb-background-color\">\n\t\t\t  <div \n\t\t\t  \tclass = \"fb-comments\" \n\t\t\t  \tdata-href = \"https:\/\/www.entroncamentoonline.pt\/portal\/tomar-vai-debater-como-defender-o-consumidor-no-seculo-xxi\/\"\n\t\t\t  \tdata-numposts = \"10\"\n\t\t\t  \tdata-lazy = \"true\"\n\t\t\t\tdata-colorscheme = \"light\"\n\t\t\t\tdata-order-by = \"social\"\n\t\t\t\tdata-mobile=true>\n\t\t\t  <\/div><\/div>\n\t\t  <style>\n\t\t    .fb-background-color {\n\t\t\t\tbackground:  !important;\n\t\t\t}\n\t\t\t.fb_iframe_widget_fluid_desktop iframe {\n\t\t\t    width: 100% !important;\n\t\t\t}\n\t\t  <\/style>\n\t\t  ","protected":false},"excerpt":{"rendered":"<p>O Munic\u00edpio de Tomar vai celebrar o Dia Mundial do Consumidor, atrav\u00e9s do seu CIAC \u2013 Centro de Informa\u00e7\u00e3o Aut\u00e1rquico ao Consumidor, com uma confer\u00eancia a decorrer a 17 de mar\u00e7o, a partir das 9h30 da manh\u00e3, no Audit\u00f3rio da Biblioteca Municipal Ant\u00f3nio Cartaxo da Fonseca. Sob o t\u00edtulo gen\u00e9rico \u201cDefender o consumidor no s\u00e9culo [&hellip;]<\/p>\n","protected":false},"author":1,"featured_media":0,"comment_status":"open","ping_status":"closed","sticky":false,"template":"","format":"standard","meta":{"_acf_changed":false,"footnotes":""},"categories":[51],"tags":[],"class_list":{"0":"post-57482","1":"post","2":"type-post","3":"status-publish","4":"format-standard","6":"category-breves"},"acf":[],"_links":{"self":[{"href":"https:\/\/www.entroncamentoonline.pt\/portal\/wp-json\/wp\/v2\/posts\/57482","targetHints":{"allow":["GET"]}}],"collection":[{"href":"https:\/\/www.entroncamentoonline.pt\/portal\/wp-json\/wp\/v2\/posts"}],"about":[{"href":"https:\/\/www.entroncamentoonline.pt\/portal\/wp-json\/wp\/v2\/types\/post"}],"author":[{"embeddable":true,"href":"https:\/\/www.entroncamentoonline.pt\/portal\/wp-json\/wp\/v2\/users\/1"}],"replies":[{"embeddable":true,"href":"https:\/\/www.entroncamentoonline.pt\/portal\/wp-json\/wp\/v2\/comments?post=57482"}],"version-history":[{"count":0,"href":"https:\/\/www.entroncamentoonline.pt\/portal\/wp-json\/wp\/v2\/posts\/57482\/revisions"}],"wp:attachment":[{"href":"https:\/\/www.entroncamentoonline.pt\/portal\/wp-json\/wp\/v2\/media?parent=57482"}],"wp:term":[{"taxonomy":"category","embeddable":true,"href":"https:\/\/www.entroncamentoonline.pt\/portal\/wp-json\/wp\/v2\/categories?post=57482"},{"taxonomy":"post_tag","embeddable":true,"href":"https:\/\/www.entroncamentoonline.pt\/portal\/wp-json\/wp\/v2\/tags?post=57482"}],"curies":[{"name":"wp","href":"https:\/\/api.w.org\/{rel}","templated":true}]}}