{"id":57095,"date":"2023-02-22T17:45:01","date_gmt":"2023-02-22T17:45:01","guid":{"rendered":"https:\/\/www.entroncamentoonline.pt\/portal\/?p=57095"},"modified":"2023-02-24T20:11:00","modified_gmt":"2023-02-24T20:11:00","slug":"comissoes-de-utentes-do-medio-tejo-recolhem-mais-de-13-mil-assinaturas-pela-abolicao-das-portagens-na-a-23-e-a13","status":"publish","type":"post","link":"https:\/\/www.entroncamentoonline.pt\/portal\/comissoes-de-utentes-do-medio-tejo-recolhem-mais-de-13-mil-assinaturas-pela-abolicao-das-portagens-na-a-23-e-a13\/","title":{"rendered":"Comiss\u00f5es de Utentes do M\u00e9dio Tejo | Recolhem mais de 13 mil assinaturas pela aboli\u00e7\u00e3o das portagens na A 23 e A13"},"content":{"rendered":"<p>A Comiss\u00e3o de utentes dos Servi\u00e7os P\u00fablicos da Regi\u00e3o do M\u00e9dio tejo recolheu mais de 13 mil assinaturas \u201cPela aboli\u00e7\u00e3o das portagens na A23 e na A13!\u201d.<\/p>\n<p>Em per\u00edodo de discuss\u00e3o do Or\u00e7amento de Estado para 2023, as estruturas de utentes da Regi\u00e3o do M\u00e9dio Tejo, depois de outras dilig\u00eancias em situa\u00e7\u00f5es id\u00eanticas, lan\u00e7aram um abaixo-assinado \u201cPela aboli\u00e7\u00e3o das portagens na A23 e na A13!\u201d. Foram recolhidas mais de 13 mil assinaturas, uma das maiores a\u00e7\u00f5es reivindicativas dos \u00faltimos anos a n\u00edvel nacional. No passado dia 17 foi feita a apresenta\u00e7\u00e3o p\u00fablica das assinaturas recolhidas, que ser\u00e3o entregues no pr\u00f3ximo dia 3 de mar\u00e7o, no Minist\u00e9rio das Infraestruturas.<\/p>\n<p>&#8220;A exist\u00eancia de portagens no M\u00e9dio Tejo (A23 e A13) s\u00e3o um problema para a mobilidade de pessoas e bens. S\u00e3o um entrave ao desenvolvimento social e econ\u00f3mico. N\u00e3o contribuem para a coes\u00e3o territorial. Potenciam os problemas ambientais nas zonas urbanas, afetam a seguran\u00e7a rodovi\u00e1ria e estragam as vias por onde o tr\u00e2nsito \u00e9 reencaminhado. De notar, ainda, que estas vias s\u00e3o fundamentais no acesso a cuidados de sa\u00fade nos tr\u00eas hospitais da Regi\u00e3o do M\u00e9dio Tejo, que constituem o CHMT. Os protestos das popula\u00e7\u00f5es for\u00e7aram a redu\u00e7\u00e3o do pre\u00e7o. A atual Ministra da Coes\u00e3o Territorial diz \u201cs\u00f3 ficaremos satisfeitos quando abolirmos as portagens no interior\u201d (eco 5.5.22), e n\u00f3s n\u00e3o descansaremos enquanto n\u00e3o se concretizar a aboli\u00e7\u00e3o das portagens na A23 e na A13.Temos conhecimento que no pr\u00f3ximo dia 23 fevereiro se v\u00e3o debater os Projeto de Lei n.\u00ba 554\/XV\/1.\u00aa (PCP) \u201cElimina as portagens na A13\u201d e o Projeto de Lei n.\u00ba 556\/XV\/1.\u00aa (PCP) \u201cElimina as portagens na A23\u201d e que no dia seguinte ter\u00e1 lugar a vota\u00e7\u00e3o\u201d, diz a comiss\u00e3o que apela a que \u201cos deputados da AR levem em considera\u00e7\u00e3o o apelo da popula\u00e7\u00e3o do M\u00e9dio Tejo e de autarcas (p.e. AM de Tomar e Abrantes) que se manifestaram unanimemente pela aboli\u00e7\u00e3o, sabendo-se que n\u00e3o existem quaisquer tomadas de posi\u00e7\u00e3o de autarcas e\/ou outras organiza\u00e7\u00f5es a favor da exist\u00eancia de portagens\u201d.<\/p>\n<div class=\"fb-background-color\">\n\t\t\t  <div \n\t\t\t  \tclass = \"fb-comments\" \n\t\t\t  \tdata-href = \"https:\/\/www.entroncamentoonline.pt\/portal\/comissoes-de-utentes-do-medio-tejo-recolhem-mais-de-13-mil-assinaturas-pela-abolicao-das-portagens-na-a-23-e-a13\/\"\n\t\t\t  \tdata-numposts = \"10\"\n\t\t\t  \tdata-lazy = \"true\"\n\t\t\t\tdata-colorscheme = \"light\"\n\t\t\t\tdata-order-by = \"social\"\n\t\t\t\tdata-mobile=true>\n\t\t\t  <\/div><\/div>\n\t\t  <style>\n\t\t    .fb-background-color {\n\t\t\t\tbackground:  !important;\n\t\t\t}\n\t\t\t.fb_iframe_widget_fluid_desktop iframe {\n\t\t\t    width: 100% !important;\n\t\t\t}\n\t\t  <\/style>\n\t\t  ","protected":false},"excerpt":{"rendered":"<p>A Comiss\u00e3o de utentes dos Servi\u00e7os P\u00fablicos da Regi\u00e3o do M\u00e9dio tejo recolheu mais de 13 mil assinaturas \u201cPela aboli\u00e7\u00e3o das portagens na A23 e na A13!\u201d. Em per\u00edodo de discuss\u00e3o do Or\u00e7amento de Estado para 2023, as estruturas de utentes da Regi\u00e3o do M\u00e9dio Tejo, depois de outras dilig\u00eancias em situa\u00e7\u00f5es id\u00eanticas, lan\u00e7aram um [&hellip;]<\/p>\n","protected":false},"author":1,"featured_media":57096,"comment_status":"open","ping_status":"closed","sticky":false,"template":"","format":"standard","meta":{"_acf_changed":false,"footnotes":""},"categories":[1],"tags":[],"class_list":{"0":"post-57095","1":"post","2":"type-post","3":"status-publish","4":"format-standard","5":"has-post-thumbnail","7":"category-sem-categoria"},"acf":[],"_links":{"self":[{"href":"https:\/\/www.entroncamentoonline.pt\/portal\/wp-json\/wp\/v2\/posts\/57095","targetHints":{"allow":["GET"]}}],"collection":[{"href":"https:\/\/www.entroncamentoonline.pt\/portal\/wp-json\/wp\/v2\/posts"}],"about":[{"href":"https:\/\/www.entroncamentoonline.pt\/portal\/wp-json\/wp\/v2\/types\/post"}],"author":[{"embeddable":true,"href":"https:\/\/www.entroncamentoonline.pt\/portal\/wp-json\/wp\/v2\/users\/1"}],"replies":[{"embeddable":true,"href":"https:\/\/www.entroncamentoonline.pt\/portal\/wp-json\/wp\/v2\/comments?post=57095"}],"version-history":[{"count":0,"href":"https:\/\/www.entroncamentoonline.pt\/portal\/wp-json\/wp\/v2\/posts\/57095\/revisions"}],"wp:featuredmedia":[{"embeddable":true,"href":"https:\/\/www.entroncamentoonline.pt\/portal\/wp-json\/wp\/v2\/media\/57096"}],"wp:attachment":[{"href":"https:\/\/www.entroncamentoonline.pt\/portal\/wp-json\/wp\/v2\/media?parent=57095"}],"wp:term":[{"taxonomy":"category","embeddable":true,"href":"https:\/\/www.entroncamentoonline.pt\/portal\/wp-json\/wp\/v2\/categories?post=57095"},{"taxonomy":"post_tag","embeddable":true,"href":"https:\/\/www.entroncamentoonline.pt\/portal\/wp-json\/wp\/v2\/tags?post=57095"}],"curies":[{"name":"wp","href":"https:\/\/api.w.org\/{rel}","templated":true}]}}