{"id":56147,"date":"2023-01-06T16:32:29","date_gmt":"2023-01-06T16:32:29","guid":{"rendered":"https:\/\/www.entroncamentoonline.pt\/portal\/?p=56147"},"modified":"2023-01-09T06:40:49","modified_gmt":"2023-01-09T06:40:49","slug":"chuva-vento-e-agitacao-maritima-medidas-preventivas","status":"publish","type":"post","link":"https:\/\/www.entroncamentoonline.pt\/portal\/chuva-vento-e-agitacao-maritima-medidas-preventivas\/","title":{"rendered":"Chuva, vento e agita\u00e7\u00e3o mar\u00edtima | Medidas preventivas"},"content":{"rendered":"<p>De acordo com a informa\u00e7\u00e3o disponibilizada pelo Instituto Portugu\u00eas do Mar e da Atmosfera (IPMA), prev\u00ea-se para as pr\u00f3ximas 48 horas um agravamento das condi\u00e7\u00f5es meteorol\u00f3gicas (chuva, vento e agita\u00e7\u00e3o mar\u00edtima), salientando-se o seguinte:<\/p>\n<p>S\u00e1bado, 7 de janeiro:<\/p>\n<p>\u2212 Precipita\u00e7\u00e3o, por vezes forte e persistente, no litoral a norte do Cabo Mondego, sendo o per\u00edodo mais cr\u00edtico entre as 3h e as 12h, com acumulados entre 50 a 70 mm\/12h, em especial no Minho, e entre 30 a 50 mm\/12h no Douro Litoral, passando a regime de aguaceiros a partir da tarde nas regi\u00f5es Norte e Centro (at\u00e9 30-40 mm\/12h). Possibilidade de queda de neve nos pontos mais altos da Serra da Estrela.<\/p>\n<p>Domingo, 8 de janeiro:<\/p>\n<p>\u2212 Precipita\u00e7\u00e3o, por vezes forte e persistente, no litoral a norte do Cabo Mondego, sendo o per\u00edodo mais cr\u00edtico entre as 9h e as 15h com acumulados entre 50 a 70 mm\/12h, em especial no Minho e no distrito de Vila Real, e entre 30 a 50 mm\/12h, em particular no Douro Litoral, passando a regime de aguaceiros a partir da tarde nas regi\u00f5es Norte e Centro, com acumulados at\u00e9 30 a 50 mm\/12h;<\/p>\n<p>\u2212 Vento de sudoeste forte (at\u00e9 50 km\/h) na faixa costeira ocidental e nas terras altas, com rajadas at\u00e9 80 km\/h, em especial no litoral Norte, rodando gradualmente para oeste a partir da tarde.<\/p>\n<p>\u2212 Agita\u00e7\u00e3o mar\u00edtima forte na costa ocidental, com ondas de noroeste com 5 a 6 m (podendo atingir 11 m de altura m\u00e1xima) a partir da tarde de s\u00e1bado at\u00e9 ao final do dia de domingo, 8 de janeiro.<\/p>\n<p>Informa\u00e7\u00e3o Hidrol\u00f3gica Relevante:<\/p>\n<p>De acordo com a informa\u00e7\u00e3o disponibilizada pela Ag\u00eancia Portuguesa do Ambiente (APA), \u00e9 expect\u00e1vel que ocorram, nas pr\u00f3ximas 48 horas, um aumento das aflu\u00eancias a v\u00e1rias bacias, podendo causar inunda\u00e7\u00f5es nas zonas ribeirinhas e em zonas urbanas historicamente vulner\u00e1veis, de acordo com o seguinte:<\/p>\n<p>\u2212 Bacia hidrogr\u00e1fica do Minho: as aflu\u00eancias no rio Minho poder\u00e3o aumentar significativamente. Podem ocorrer inunda\u00e7\u00f5es em Caminha, Mon\u00e7\u00e3o e Valen\u00e7a;<\/p>\n<p>\u2212 Bacia hidrogr\u00e1fica do Lima: as aflu\u00eancias na sub-bacia do rio Vez poder\u00e3o aumentar significativamente provocando inunda\u00e7\u00f5es. As aflu\u00eancias a Ponte da Barca e Ponte de Lima ir\u00e3o aumentar, e podem ocorrer inunda\u00e7\u00f5es;<\/p>\n<p>\u2212 Bacia hidrogr\u00e1fica do C\u00e1vado: os caudais do rio Homem e do C\u00e1vado a jusante da Cani\u00e7ada podem ser superiores a 300 m3\/s. As aflu\u00eancias no rio Este e C\u00e1vado ir\u00e3o aumentar, podendo provocar inunda\u00e7\u00f5es em Braga, Barcelos e Esposende;<\/p>\n<p>\u2212 Bacia hidrogr\u00e1fica do Ave: poder\u00e1 haver um aumento significativo de caudais em Santo Tirso;<\/p>\n<p>\u2212 Bacia hidrogr\u00e1fica do Douro: as aflu\u00eancias a Crestuma v\u00e3o ser elevadas, face ao aumento de caudais do T\u00e2mega (Chaves, Amarante). Rio Sousa (Paredes) poder\u00e1 ter um aumento significativo das aflu\u00eancias. Haver\u00e1 um aumento das aflu\u00eancias \u00e0 foz do Douro (Porto, Vila Nova de Gaia) que poder\u00e1 ser agravado com a mar\u00e9;<\/p>\n<p>\u2212 Bacia hidrogr\u00e1fica do Vouga: poder\u00e1 ocorrer uma subida do rio \u00c1gueda, caso se verifiquem a precipita\u00e7\u00e3o prevista. No rio Vouga poder\u00e1 ocorrer um aumento de aflu\u00eancias \u00e0 Regi\u00e3o de Aveiro;<\/p>\n<p>\u2212 Bacia hidrogr\u00e1fica do Mondego: as aflu\u00eancias ao baixo Mondego poder\u00e3o aumentar, n\u00e3o s\u00e3o expect\u00e1veis situa\u00e7\u00f5es cr\u00edticas.<\/p>\n<p>\u2212 Ocorr\u00eancia de inunda\u00e7\u00f5es em zonas urbanas, causadas por acumula\u00e7\u00e3o de \u00e1guas pluviais por obstru\u00e7\u00e3o dos sistemas de escoamento;<\/p>\n<p>\u2212 Ocorr\u00eancia de cheias, potenciadas pelo transbordo do leito de alguns cursos de \u00e1gua, rios e ribeiras;<\/p>\n<p>\u2212 Instabilidade de vertentes, conduzindo a movimentos de massa (deslizamentos, derrocadas e outros) motivados pela infiltra\u00e7\u00e3o da \u00e1gua, podendo ser potenciados pela remo\u00e7\u00e3o do coberto vegetal na sequ\u00eancia de inc\u00eandios rurais, ou por artificializa\u00e7\u00e3o do solo;<\/p>\n<p>\u2212 Arrastamento para as vias rodovi\u00e1rias de objetos soltos, ou ao desprendimento de estruturas m\u00f3veis ou deficientemente fixadas, por efeito de epis\u00f3dios de vento forte, que podem causar acidentes com ve\u00edculos em circula\u00e7\u00e3o ou transeuntes na via p\u00fablica;<\/p>\n<p>\u2212 Piso rodovi\u00e1rio escorregadio e forma\u00e7\u00e3o de len\u00e7\u00f3is de \u00e1gua.<\/p>\n<p>A Autoridade Nacional de Emerg\u00eancia e Prote\u00e7\u00e3o Civil (ANEPC) recomenda \u00e0 popula\u00e7\u00e3o a tomada das necess\u00e1rias medidas de preven\u00e7\u00e3o, nomeadamente:<\/p>\n<p>\u2212 Garantir a desobstru\u00e7\u00e3o dos sistemas de escoamento das \u00e1guas pluviais e retirada de inertes e outros objetos que possam ser arrastados ou criem obst\u00e1culos ao livre escoamento das \u00e1guas;<\/p>\n<p>\u2212 N\u00e3o se expor \u00e0s zonas afetadas pelas cheias;<\/p>\n<p>\u2212 Garantir uma adequada fixa\u00e7\u00e3o de estruturas soltas, nomeadamente, andaimes, placards e outras estruturas suspensas;<\/p>\n<p>\u2212 Ter especial cuidado na circula\u00e7\u00e3o e perman\u00eancia junto de \u00e1reas arborizadas, estando atento para a possibilidade de queda de ramos e \u00e1rvores, em virtude de vento mais forte;<\/p>\n<p>\u2212 Ter especial cuidado na circula\u00e7\u00e3o junto a zonas ribeirinhas historicamente mais vulner\u00e1veis a fen\u00f3menos de transbordo dos cursos de \u00e1gua, evitando a circula\u00e7\u00e3o e perman\u00eancia nestes locais;<\/p>\n<p>\u2212 Adotar uma condu\u00e7\u00e3o defensiva, reduzindo a velocidade e tendo especial cuidado com a poss\u00edvel forma\u00e7\u00e3o de len\u00e7\u00f3is de \u00e1gua nas vias;<\/p>\n<p>\u2212 N\u00e3o atravessar zonas inundadas, de modo a precaver o arrastamento de pessoas ou viaturas para buracos no pavimento ou caixas de esgoto abertas;<\/p>\n<p>\u2212 N\u00e3o praticar atividades relacionadas com o mar, nomeadamente pesca desportiva, desportos n\u00e1uticos e passeios \u00e0 beira-mar, evitando ainda o estacionamento de ve\u00edculos muito pr\u00f3ximos da orla mar\u00edtima;<\/p>\n<p>\u2212 Estar atento \u00e0s informa\u00e7\u00f5es da meteorologia e \u00e0s indica\u00e7\u00f5es da Prote\u00e7\u00e3o Civil e For\u00e7as de Seguran\u00e7a.<\/p>\n<div class=\"fb-background-color\">\n\t\t\t  <div \n\t\t\t  \tclass = \"fb-comments\" \n\t\t\t  \tdata-href = \"https:\/\/www.entroncamentoonline.pt\/portal\/chuva-vento-e-agitacao-maritima-medidas-preventivas\/\"\n\t\t\t  \tdata-numposts = \"10\"\n\t\t\t  \tdata-lazy = \"true\"\n\t\t\t\tdata-colorscheme = \"light\"\n\t\t\t\tdata-order-by = \"social\"\n\t\t\t\tdata-mobile=true>\n\t\t\t  <\/div><\/div>\n\t\t  <style>\n\t\t    .fb-background-color {\n\t\t\t\tbackground:  !important;\n\t\t\t}\n\t\t\t.fb_iframe_widget_fluid_desktop iframe {\n\t\t\t    width: 100% !important;\n\t\t\t}\n\t\t  <\/style>\n\t\t  ","protected":false},"excerpt":{"rendered":"<p>De acordo com a informa\u00e7\u00e3o disponibilizada pelo Instituto Portugu\u00eas do Mar e da Atmosfera (IPMA), prev\u00ea-se para as pr\u00f3ximas 48 horas um agravamento das condi\u00e7\u00f5es meteorol\u00f3gicas (chuva, vento e agita\u00e7\u00e3o mar\u00edtima), salientando-se o seguinte: S\u00e1bado, 7 de janeiro: \u2212 Precipita\u00e7\u00e3o, por vezes forte e persistente, no litoral a norte do Cabo Mondego, sendo o per\u00edodo [&hellip;]<\/p>\n","protected":false},"author":1,"featured_media":44520,"comment_status":"open","ping_status":"closed","sticky":false,"template":"","format":"standard","meta":{"_acf_changed":false,"footnotes":""},"categories":[1],"tags":[],"class_list":{"0":"post-56147","1":"post","2":"type-post","3":"status-publish","4":"format-standard","5":"has-post-thumbnail","7":"category-sem-categoria"},"acf":[],"_links":{"self":[{"href":"https:\/\/www.entroncamentoonline.pt\/portal\/wp-json\/wp\/v2\/posts\/56147","targetHints":{"allow":["GET"]}}],"collection":[{"href":"https:\/\/www.entroncamentoonline.pt\/portal\/wp-json\/wp\/v2\/posts"}],"about":[{"href":"https:\/\/www.entroncamentoonline.pt\/portal\/wp-json\/wp\/v2\/types\/post"}],"author":[{"embeddable":true,"href":"https:\/\/www.entroncamentoonline.pt\/portal\/wp-json\/wp\/v2\/users\/1"}],"replies":[{"embeddable":true,"href":"https:\/\/www.entroncamentoonline.pt\/portal\/wp-json\/wp\/v2\/comments?post=56147"}],"version-history":[{"count":0,"href":"https:\/\/www.entroncamentoonline.pt\/portal\/wp-json\/wp\/v2\/posts\/56147\/revisions"}],"wp:featuredmedia":[{"embeddable":true,"href":"https:\/\/www.entroncamentoonline.pt\/portal\/wp-json\/wp\/v2\/media\/44520"}],"wp:attachment":[{"href":"https:\/\/www.entroncamentoonline.pt\/portal\/wp-json\/wp\/v2\/media?parent=56147"}],"wp:term":[{"taxonomy":"category","embeddable":true,"href":"https:\/\/www.entroncamentoonline.pt\/portal\/wp-json\/wp\/v2\/categories?post=56147"},{"taxonomy":"post_tag","embeddable":true,"href":"https:\/\/www.entroncamentoonline.pt\/portal\/wp-json\/wp\/v2\/tags?post=56147"}],"curies":[{"name":"wp","href":"https:\/\/api.w.org\/{rel}","templated":true}]}}