{"id":56137,"date":"2023-01-05T16:59:28","date_gmt":"2023-01-05T16:59:28","guid":{"rendered":"https:\/\/www.entroncamentoonline.pt\/portal\/?p=56137"},"modified":"2023-01-06T12:04:57","modified_gmt":"2023-01-06T12:04:57","slug":"ferreira-do-zezere-piscina-municipal-ja-reabriu","status":"publish","type":"post","link":"https:\/\/www.entroncamentoonline.pt\/portal\/ferreira-do-zezere-piscina-municipal-ja-reabriu\/","title":{"rendered":"Ferreira do Z\u00eazere | Piscina Municipal j\u00e1 reabriu"},"content":{"rendered":"<p>A Piscina Municipal de Ferreira do Z\u00eazere reabriu esta sexta-feira, dia 6 de janeiro, ultrapassados os constrangimentos t\u00e9cnicos.<\/p>\n<p>O Hor\u00e1rio de funcionamento \u00e9 o seguinte:<\/p>\n<p>Manh\u00e3: 2\u00aa a 6\u00aa feira: 9h00 \u00e0s 13h00;<\/p>\n<p>Tarde: 2\u00aa a 5\u00aa feira: 15h00 \u00e0s 21h00 \/ 6\u00aafeira: das 15h00 \u00e0s 20h00.<\/p>\n<div class=\"fb-background-color\">\n\t\t\t  <div \n\t\t\t  \tclass = \"fb-comments\" \n\t\t\t  \tdata-href = \"https:\/\/www.entroncamentoonline.pt\/portal\/ferreira-do-zezere-piscina-municipal-ja-reabriu\/\"\n\t\t\t  \tdata-numposts = \"10\"\n\t\t\t  \tdata-lazy = \"true\"\n\t\t\t\tdata-colorscheme = \"light\"\n\t\t\t\tdata-order-by = \"social\"\n\t\t\t\tdata-mobile=true>\n\t\t\t  <\/div><\/div>\n\t\t  <style>\n\t\t    .fb-background-color {\n\t\t\t\tbackground:  !important;\n\t\t\t}\n\t\t\t.fb_iframe_widget_fluid_desktop iframe {\n\t\t\t    width: 100% !important;\n\t\t\t}\n\t\t  <\/style>\n\t\t  ","protected":false},"excerpt":{"rendered":"<p>A Piscina Municipal de Ferreira do Z\u00eazere reabriu esta sexta-feira, dia 6 de janeiro, ultrapassados os constrangimentos t\u00e9cnicos. O Hor\u00e1rio de funcionamento \u00e9 o seguinte: Manh\u00e3: 2\u00aa a 6\u00aa feira: 9h00 \u00e0s 13h00; Tarde: 2\u00aa a 5\u00aa feira: 15h00 \u00e0s 21h00 \/ 6\u00aafeira: das 15h00 \u00e0s 20h00.<\/p>\n","protected":false},"author":1,"featured_media":56139,"comment_status":"open","ping_status":"closed","sticky":false,"template":"","format":"standard","meta":{"_acf_changed":false,"footnotes":""},"categories":[87,32],"tags":[],"class_list":{"0":"post-56137","1":"post","2":"type-post","3":"status-publish","4":"format-standard","5":"has-post-thumbnail","7":"category-ferreira-do-zezere","8":"category-noticias"},"acf":[],"_links":{"self":[{"href":"https:\/\/www.entroncamentoonline.pt\/portal\/wp-json\/wp\/v2\/posts\/56137","targetHints":{"allow":["GET"]}}],"collection":[{"href":"https:\/\/www.entroncamentoonline.pt\/portal\/wp-json\/wp\/v2\/posts"}],"about":[{"href":"https:\/\/www.entroncamentoonline.pt\/portal\/wp-json\/wp\/v2\/types\/post"}],"author":[{"embeddable":true,"href":"https:\/\/www.entroncamentoonline.pt\/portal\/wp-json\/wp\/v2\/users\/1"}],"replies":[{"embeddable":true,"href":"https:\/\/www.entroncamentoonline.pt\/portal\/wp-json\/wp\/v2\/comments?post=56137"}],"version-history":[{"count":0,"href":"https:\/\/www.entroncamentoonline.pt\/portal\/wp-json\/wp\/v2\/posts\/56137\/revisions"}],"wp:featuredmedia":[{"embeddable":true,"href":"https:\/\/www.entroncamentoonline.pt\/portal\/wp-json\/wp\/v2\/media\/56139"}],"wp:attachment":[{"href":"https:\/\/www.entroncamentoonline.pt\/portal\/wp-json\/wp\/v2\/media?parent=56137"}],"wp:term":[{"taxonomy":"category","embeddable":true,"href":"https:\/\/www.entroncamentoonline.pt\/portal\/wp-json\/wp\/v2\/categories?post=56137"},{"taxonomy":"post_tag","embeddable":true,"href":"https:\/\/www.entroncamentoonline.pt\/portal\/wp-json\/wp\/v2\/tags?post=56137"}],"curies":[{"name":"wp","href":"https:\/\/api.w.org\/{rel}","templated":true}]}}