{"id":56025,"date":"2022-12-31T08:00:24","date_gmt":"2022-12-31T08:00:24","guid":{"rendered":"https:\/\/www.entroncamentoonline.pt\/portal\/?p=56025"},"modified":"2023-01-02T07:09:13","modified_gmt":"2023-01-02T07:09:13","slug":"tempo-agravamento-das-condicoes-meteorologicas-precipitacao-e-vento-forte-medidas-preventivas","status":"publish","type":"post","link":"https:\/\/www.entroncamentoonline.pt\/portal\/tempo-agravamento-das-condicoes-meteorologicas-precipitacao-e-vento-forte-medidas-preventivas\/","title":{"rendered":"Tempo | Agravamento das condi\u00e7\u00f5es meteorol\u00f3gicas (precipita\u00e7\u00e3o e vento forte) | Medidas preventivas"},"content":{"rendered":"<p>De acordo com a informa\u00e7\u00e3o disponibilizada pelo Instituto Portugu\u00eas do Mar e da Atmosfera (IPMA), prev\u00ea-se para as pr\u00f3ximas 72 horas um agravamento das condi\u00e7\u00f5es meteorol\u00f3gicas (chuva e vento forte), salientando-se o seguinte:<\/p>\n<p>\u2212 Per\u00edodos de chuva persistente, por vezes forte, a partir do final da tarde de hoje, s\u00e1bado, 31 de dezembro, no Minho e Douro Litoral, estendendo-se ao restante Norte e ao Centro a partir da madrugada de domingo, dia 1 de janeiro;<\/p>\n<p>\u2212 Vento sul\/sudoeste mais intenso no litoral a norte do Cabo Raso e terras altas do Norte e Centro, com rajadas at\u00e9 85 km\/h e 90 km\/h respetivamente;<\/p>\n<p>\u2212 Queda de neve acima de 1500 metros de altitude (nas serras do extremo norte e na Serra da Estrela) no dia 1 de janeiro;<\/p>\n<p>\u2212 Agita\u00e7\u00e3o mar\u00edtima na costa ocidental com ondas de oeste\/sudoeste at\u00e9 4,5 metros entre o in\u00edcio do dia de s\u00e1bado e o fim da tarde de domingo.<\/p>\n<p>De acordo com a informa\u00e7\u00e3o disponibilizada pela Ag\u00eancia Portuguesa do Ambiente (APA), podem ocorrer varia\u00e7\u00f5es significativas dos n\u00edveis hidrom\u00e9tricos nas zonas historicamente mais vulner\u00e1veis:<\/p>\n<p>Hoje (s\u00e1bado), 31 de dezembro<\/p>\n<p>\u2212 Bacia hidrogr\u00e1fica do Lima: as aflu\u00eancias a Ponte da Barca ir\u00e3o aumentar face \u00e0 necessidade de criar encaixe na albufeira de Alto Lindoso;<\/p>\n<p>\u2212 Bacia hidrogr\u00e1fica do C\u00e1vado: os caudais do rio Homem e do C\u00e1vado a jusante da Cani\u00e7ada ir\u00e3o manter-se elevados.<\/p>\n<p>Domingo, 1 de janeiro:<\/p>\n<p>\u2212 Bacia Hidrogr\u00e1fica do Minho: as aflu\u00eancias no rio poder\u00e3o aumentar significativamente, podendo ocorrer inunda\u00e7\u00f5es em Caminha, Mon\u00e7\u00e3o e Valen\u00e7a;<\/p>\n<p>\u2212 Bacia hidrogr\u00e1fica do Lima: as aflu\u00eancias na sub-bacia do rio Vez poder\u00e3o aumentar significativamente, provocando inunda\u00e7\u00f5es nas povoa\u00e7\u00f5es ribeirinhas em risco. As aflu\u00eancias a Ponte da Barca e Ponte de Lima ir\u00e3o aumentar podendo causar inunda\u00e7\u00f5es;<\/p>\n<p>\u2212 Bacia hidrogr\u00e1fica do C\u00e1vado: os caudais do rio Homem e do C\u00e1vado a jusante da Cani\u00e7ada poder\u00e3o aumentar significativamente. As aflu\u00eancias no rio Este e C\u00e1vado (Braga) poder\u00e3o provocar inunda\u00e7\u00f5es. Poder\u00e3o ocorrer inunda\u00e7\u00f5es em Braga (C\u00e1vado), no rio Este (Braga) e Barcelos;<\/p>\n<p>\u2212 Bacia hidrogr\u00e1fica do Ave: caso ocorreram as precipita\u00e7\u00f5es previstas poder\u00e1 haver um aumento significativo de caudais (Santo Tirso);<\/p>\n<p>\u2212 Bacia hidrogr\u00e1fica do Douro: as aflu\u00eancias a Crestuma ir\u00e3o ser elevadas, face ao aumento de caudais do T\u00e2mega. No Rio Sousa (Paredes) poder\u00e1 ocorrer um aumento significativo das aflu\u00eancias. Haver\u00e1 um aumento das aflu\u00eancias \u00e0 foz do Douro que poder\u00e1 ser agravado com a mar\u00e9;<\/p>\n<p>\u2212 Bacia hidrogr\u00e1fica do Vouga: poder\u00e1 ocorrer uma subida do rio \u00c1gueda, caso se verifiquem as precipita\u00e7\u00f5es previstas. No Vouga poder\u00e1 ocorrer um aumento de aflu\u00eancias a S. Pedro do Sul;<\/p>\n<p>\u2212 Bacia hidrogr\u00e1fica do Mondego: as aflu\u00eancias ao baixo Mondego poder\u00e3o aumentar significativamente;<\/p>\n<p>\u2212 Bacia hidrogr\u00e1fica do Tejo: na sub-bacia do Nab\u00e3o (Tomar) as aflu\u00eancias poder\u00e3o aumentar. As aflu\u00eancias \u00e0 cascata do Z\u00eazere poder\u00e3o aumentar significativamente.<\/p>\n<p>Face \u00e0 situa\u00e7\u00e3o acima descrita, poder\u00e3o ocorrer os seguintes efeitos:<\/p>\n<p>\u2212 Ocorr\u00eancia de inunda\u00e7\u00f5es em zonas urbanas, causadas por acumula\u00e7\u00e3o de \u00e1guas pluviais por obstru\u00e7\u00e3o dos sistemas de escoamento;<\/p>\n<p>\u2212 Ocorr\u00eancia de cheias, potenciadas pelo transbordo do leito de alguns cursos de \u00e1gua, rios e ribeiras;<\/p>\n<p>\u2212 Instabilidade de vertentes, conduzindo a movimentos de massa (deslizamentos, derrocadas e outros) motivados pela infiltra\u00e7\u00e3o da \u00e1gua, podendo ser potenciados pela remo\u00e7\u00e3o do coberto vegetal na sequ\u00eancia de inc\u00eandios rurais, ou por artificializa\u00e7\u00e3o do solo;<\/p>\n<p>\u2212 Arrastamento para as vias rodovi\u00e1rias de objetos soltos, ou ao desprendimento de estruturas m\u00f3veis ou deficientemente fixadas, por efeito de epis\u00f3dios de vento forte, que podem causar acidentes com ve\u00edculos em circula\u00e7\u00e3o ou transeuntes na via p\u00fablica;<\/p>\n<p>\u2212 Piso rodovi\u00e1rio escorregadio e forma\u00e7\u00e3o de len\u00e7\u00f3is de \u00e1gua.<\/p>\n<p>A Autoridade Nacional de Emerg\u00eancia e Prote\u00e7\u00e3o Civil (ANEPC) recomenda \u00e0 popula\u00e7\u00e3o a tomada das necess\u00e1rias medidas de preven\u00e7\u00e3o, nomeadamente:<\/p>\n<p>\u2212 Garantir a desobstru\u00e7\u00e3o dos sistemas de escoamento das \u00e1guas pluviais e retirada de inertes e outros objetos que possam ser arrastados ou criem obst\u00e1culos ao livre escoamento das \u00e1guas;<\/p>\n<p>\u2212 N\u00e3o se expor \u00e0s zonas afetadas pelas cheias;<\/p>\n<p>\u2212 Garantir uma adequada fixa\u00e7\u00e3o de estruturas soltas, nomeadamente, andaimes, placards e outras estruturas suspensas;<\/p>\n<p>\u2212 Ter especial cuidado na circula\u00e7\u00e3o e perman\u00eancia junto de \u00e1reas arborizadas, estando atento para a possibilidade de queda de ramos e \u00e1rvores, em virtude de vento mais forte;<\/p>\n<p>\u2212 Ter especial cuidado na circula\u00e7\u00e3o junto a zonas ribeirinhas historicamente mais vulner\u00e1veis a fen\u00f3menos de transbordo dos cursos de \u00e1gua, evitando a circula\u00e7\u00e3o e perman\u00eancia nestes locais;<\/p>\n<p>\u2212 Adotar uma condu\u00e7\u00e3o defensiva, reduzindo a velocidade e tendo especial cuidado com a poss\u00edvel forma\u00e7\u00e3o de len\u00e7\u00f3is de \u00e1gua nas vias;<\/p>\n<p>\u2212 N\u00e3o atravessar zonas inundadas, de modo a precaver o arrastamento de pessoas ou viaturas para buracos no pavimento ou caixas de esgoto abertas;<\/p>\n<p>\u2212 N\u00e3o praticar atividades relacionadas com o mar, nomeadamente pesca desportiva, desportos n\u00e1uticos e passeios \u00e0 beira-mar, evitando ainda o estacionamento de ve\u00edculos muito pr\u00f3ximos da orla mar\u00edtima;<\/p>\n<div class=\"fb-background-color\">\n\t\t\t  <div \n\t\t\t  \tclass = \"fb-comments\" \n\t\t\t  \tdata-href = \"https:\/\/www.entroncamentoonline.pt\/portal\/tempo-agravamento-das-condicoes-meteorologicas-precipitacao-e-vento-forte-medidas-preventivas\/\"\n\t\t\t  \tdata-numposts = \"10\"\n\t\t\t  \tdata-lazy = \"true\"\n\t\t\t\tdata-colorscheme = \"light\"\n\t\t\t\tdata-order-by = \"social\"\n\t\t\t\tdata-mobile=true>\n\t\t\t  <\/div><\/div>\n\t\t  <style>\n\t\t    .fb-background-color {\n\t\t\t\tbackground:  !important;\n\t\t\t}\n\t\t\t.fb_iframe_widget_fluid_desktop iframe {\n\t\t\t    width: 100% !important;\n\t\t\t}\n\t\t  <\/style>\n\t\t  ","protected":false},"excerpt":{"rendered":"<p>De acordo com a informa\u00e7\u00e3o disponibilizada pelo Instituto Portugu\u00eas do Mar e da Atmosfera (IPMA), prev\u00ea-se para as pr\u00f3ximas 72 horas um agravamento das condi\u00e7\u00f5es meteorol\u00f3gicas (chuva e vento forte), salientando-se o seguinte: \u2212 Per\u00edodos de chuva persistente, por vezes forte, a partir do final da tarde de hoje, s\u00e1bado, 31 de dezembro, no Minho [&hellip;]<\/p>\n","protected":false},"author":1,"featured_media":6756,"comment_status":"open","ping_status":"closed","sticky":false,"template":"","format":"standard","meta":{"_acf_changed":false,"footnotes":""},"categories":[1],"tags":[],"class_list":{"0":"post-56025","1":"post","2":"type-post","3":"status-publish","4":"format-standard","5":"has-post-thumbnail","7":"category-sem-categoria"},"acf":[],"_links":{"self":[{"href":"https:\/\/www.entroncamentoonline.pt\/portal\/wp-json\/wp\/v2\/posts\/56025","targetHints":{"allow":["GET"]}}],"collection":[{"href":"https:\/\/www.entroncamentoonline.pt\/portal\/wp-json\/wp\/v2\/posts"}],"about":[{"href":"https:\/\/www.entroncamentoonline.pt\/portal\/wp-json\/wp\/v2\/types\/post"}],"author":[{"embeddable":true,"href":"https:\/\/www.entroncamentoonline.pt\/portal\/wp-json\/wp\/v2\/users\/1"}],"replies":[{"embeddable":true,"href":"https:\/\/www.entroncamentoonline.pt\/portal\/wp-json\/wp\/v2\/comments?post=56025"}],"version-history":[{"count":0,"href":"https:\/\/www.entroncamentoonline.pt\/portal\/wp-json\/wp\/v2\/posts\/56025\/revisions"}],"wp:featuredmedia":[{"embeddable":true,"href":"https:\/\/www.entroncamentoonline.pt\/portal\/wp-json\/wp\/v2\/media\/6756"}],"wp:attachment":[{"href":"https:\/\/www.entroncamentoonline.pt\/portal\/wp-json\/wp\/v2\/media?parent=56025"}],"wp:term":[{"taxonomy":"category","embeddable":true,"href":"https:\/\/www.entroncamentoonline.pt\/portal\/wp-json\/wp\/v2\/categories?post=56025"},{"taxonomy":"post_tag","embeddable":true,"href":"https:\/\/www.entroncamentoonline.pt\/portal\/wp-json\/wp\/v2\/tags?post=56025"}],"curies":[{"name":"wp","href":"https:\/\/api.w.org\/{rel}","templated":true}]}}