{"id":55796,"date":"2022-12-20T15:09:44","date_gmt":"2022-12-20T15:09:44","guid":{"rendered":"https:\/\/www.entroncamentoonline.pt\/portal\/?p=55796"},"modified":"2022-12-20T15:14:37","modified_gmt":"2022-12-20T15:14:37","slug":"cronica-automovel-volkswagen-golf-2-0-tdi-150cv-ainda-o-rei-do-segmento","status":"publish","type":"post","link":"https:\/\/www.entroncamentoonline.pt\/portal\/cronica-automovel-volkswagen-golf-2-0-tdi-150cv-ainda-o-rei-do-segmento\/","title":{"rendered":"CR\u00d3NICA AUTOM\u00d3VEL | Volkswagen Golf 2.0 TDI 150cv \u2013 Ainda o rei do segmento?"},"content":{"rendered":"<figure id=\"attachment_2142\" aria-describedby=\"caption-attachment-2142\" style=\"width: 278px\" class=\"wp-caption alignnone\"><img loading=\"lazy\" decoding=\"async\" class=\" wp-image-2142\" src=\"https:\/\/www.entroncamentoonline.pt\/portal\/wp-content\/uploads\/2019\/01\/Jo\u00e3oMarques1.jpg\" alt=\"\" width=\"278\" height=\"188\" \/><figcaption id=\"caption-attachment-2142\" class=\"wp-caption-text\">Jo\u00e3o Marques joaomarques@entroncamentoonline.pt<\/figcaption><\/figure>\n<p>Durante muitos anos o Golf foi o l\u00edder do segmento C, mas com uma concorr\u00eancia agressiva que tem vindo a lan\u00e7ar cada vez melhores modelos (por exemplo Kia Ceed e Ford Focus) ser\u00e1 que o Golf ainda tem argumentos para se manter o reio do seu segmento? Eu acredito que sim, mas tamb\u00e9m acredito que a sua perman\u00eanica no lugar cimeiro do p\u00f3dio est\u00e1 seriamente amea\u00e7ada.<\/p>\n<p>Relativamente ao seu design, acho que o Golf j\u00e1 esteve melhor, al\u00edas todos os Volkswagen, pois a nova linguagem de design da Volkswagen est\u00e1 muito direcionada para os el\u00e9tricos e como tal, mesmo em carros a combust\u00e3o, temos elementos t\u00edpicos dos el\u00e9tricos. Para come\u00e7ar temos uma frente muita fechada e lisa, e sem grandes pormenores coisa que n\u00e3o t\u00ednhamos at\u00e9 agora. Por exemplo a grelha desapareceu por completo e a refrigera\u00e7\u00e3o d\u00e1-se por uma abertura no para-choques, para-choques esse com poucos \u00e2ngulos e detalhes. As \u00f3ticas foram renovadas e t\u00eam um formato um pouco diferente, mas conseguimos associar facilmente como sendo um Golf. Para al\u00e9m disso temos agora uma faixa luminosa que liga as duas \u00f3ticas dianteiras, fazendo parecer que de noite o Golf tem um bigode. Na parte lateral tamb\u00e9m conseguimos identificar imediatamente como sendo um Golf pois a sua silhueta mant\u00eam-se muito igual, e temos umas jantes de 16 polegadas que s\u00e3o as jantes de s\u00e9rie na vers\u00e3o base (LIFE). \u00c9 tamb\u00e9m aqui na parte lateral que conseguimos ter a perce\u00e7\u00e3o a olho nu de que o Golf cresceu um pouco. A parte traseira para mim, \u00e9 a parte que melhorou mais. Temos uns \u00e2ngulos mais retos na bagageira, o que eu gosto bastante, e temos umas \u00f3ticas mais finas e que se assemelham \u00e0s da BMW. H\u00e1 agora tamb\u00e9m umas imita\u00e7\u00f5es de ponteiras de escape que nesta vers\u00e3o est\u00e3o muito disfar\u00e7adas, sendo que nas vers\u00f5es superiores j\u00e1 temos uns cromados que fazem sobresair mais as ponteiras.<\/p>\n<p>O design interior evoluiu muito, e \u00e9 para mim o interior mais agrad\u00e1vel de sempre! Para come\u00e7ar gostava de frisar um elemento muito Audi, que \u00e9 haver uma linha cont\u00ednua de efeitos cromados que ligam ambas as sa\u00eddas de ventil\u00e7\u00e3o nas extremidades do carro, fazendo parecer que temos uma sa\u00edda de ventila\u00e7\u00e3o gigante em todo o tablier. Depois foi toda uma surpresa, pois nunca achei que iria gostar mais deste interior do que o do seu \u201cprimo\u201d Seat Leon, pois as fotos do Golf que tinha visto n\u00e3o lhe faziam jus. Tal como no Leon, o Golf disp\u00f5e de uma luz ambiente, luz essa que podemos alterar a cor para quase todas as cores presentes no espectro de luz. No entanto temos que ter em mente, que ao alterar a luz ambiente alteramos tamb\u00e9m a cor do painel de instrumentos, e embora uma cor possa parecer muito gira para luz ambiente, para os nossos olhos no painel de instrumentos poder\u00e1 ser muito berrante ou muito escura. Passando para a parte traseira verificamos a diminui\u00e7\u00e3o da qualidade dos materiais, sendo que nas portas temos apenas pl\u00e1stico. J\u00e1 que passamos para a parte traseira, posso falar da habitabilidade que \u00e9 bastante boa. Temos imenso espa\u00e7o para as pernas e cabe\u00e7a dos ocupantes traseiros, e para levar tr\u00eas adultos n\u00e3o ser\u00e1 um problema em pequenas\/m\u00e9dias viagens, dado que o carro \u00e9 largo o suficiente para transportar tr\u00eas adultos com o m\u00ednimo de conforto. De destacar, que para al\u00e9m da t\u00edpica bolsa de \u201ccadeira de avi\u00e3o\u201d, temos uma mais pequena e numa posi\u00e7\u00e3o mais elevada \u00e0 medida do nosso smartphone. No espa\u00e7o para mercadorias, o Golf disp\u00f5e de 380lts de bagageira, mas nunca me canso de dizer que o que conta \u00e9 a bagagem que efetivamente conseguimos colocar no carro e n\u00e3o s\u00f3 os litros no papel, e nesse aspeto considero que o Golf tem um \u00f3tima babageira.<\/p>\n\r\n                <style type=\"text\/css\">\r\n                    \r\n                    #tdi_1  .td-doubleSlider-2 .td-item1 {\r\n                        background: url(https:\/\/www.entroncamentoonline.pt\/portal\/wp-content\/uploads\/2022\/12\/IMG_0122-80x60.jpg) 0 0 no-repeat;\r\n                    }\r\n                    #tdi_1  .td-doubleSlider-2 .td-item2 {\r\n                        background: url(https:\/\/www.entroncamentoonline.pt\/portal\/wp-content\/uploads\/2022\/12\/IMG_0121-80x60.jpg) 0 0 no-repeat;\r\n                    }\r\n                    #tdi_1  .td-doubleSlider-2 .td-item3 {\r\n                        background: url(https:\/\/www.entroncamentoonline.pt\/portal\/wp-content\/uploads\/2022\/12\/IMG_0119-80x60.jpg) 0 0 no-repeat;\r\n                    }\r\n                    #tdi_1  .td-doubleSlider-2 .td-item4 {\r\n                        background: url(https:\/\/www.entroncamentoonline.pt\/portal\/wp-content\/uploads\/2022\/12\/IMG_0118-80x60.jpg) 0 0 no-repeat;\r\n                    }\r\n                    #tdi_1  .td-doubleSlider-2 .td-item5 {\r\n                        background: url(https:\/\/www.entroncamentoonline.pt\/portal\/wp-content\/uploads\/2022\/12\/IMG_0116-80x60.jpg) 0 0 no-repeat;\r\n                    }\r\n                <\/style>\r\n\r\n                <div id=\"tdi_1\" class=\"td-gallery td-slide-on-2-columns\">\r\n                    <div class=\"post_td_gallery\">\r\n                        <div class=\"td-gallery-slide-top\">\r\n                           <div class=\"td-gallery-title\"><\/div>\r\n\r\n                            <div class=\"td-gallery-controls-wrapper\">\r\n                                <div class=\"td-gallery-slide-count\"><span class=\"td-gallery-slide-item-focus\">1<\/span> de 5<\/div>\r\n                                <div class=\"td-gallery-slide-prev-next-but\">\r\n                                    <i class = \"td-icon-left doubleSliderPrevButton\"><\/i>\r\n                                    <i class = \"td-icon-right doubleSliderNextButton\"><\/i>\r\n                                <\/div>\r\n                            <\/div>\r\n                        <\/div>\r\n\r\n                        <div class = \"td-doubleSlider-1 \">\r\n                            <div class = \"td-slider\">\r\n                                \r\n                    <div class = \"td-slide-item td-item1\">\r\n                        <figure class=\"td-slide-galery-figure td-slide-popup-gallery\">\r\n                            <a class=\"slide-gallery-image-link\" href=\"https:\/\/www.entroncamentoonline.pt\/portal\/wp-content\/uploads\/2022\/12\/IMG_0122.jpg\" title=\"IMG_0122\"  data-caption=\"Foto Jo\u00e3o Marques\"  data-description=\"\">\r\n                                <img decoding=\"async\" src=\"https:\/\/www.entroncamentoonline.pt\/portal\/wp-content\/uploads\/2022\/12\/IMG_0122-560x420.jpg\" srcset=\"https:\/\/www.entroncamentoonline.pt\/portal\/wp-content\/uploads\/2022\/12\/IMG_0122-560x420.jpg 560w, https:\/\/www.entroncamentoonline.pt\/portal\/wp-content\/uploads\/2022\/12\/IMG_0122-80x60.jpg 80w, https:\/\/www.entroncamentoonline.pt\/portal\/wp-content\/uploads\/2022\/12\/IMG_0122-265x198.jpg 265w, https:\/\/www.entroncamentoonline.pt\/portal\/wp-content\/uploads\/2022\/12\/IMG_0122.jpg 620w\" sizes=\"(max-width: 560px) 100vw, 560px\" alt=\"\">\r\n                            <\/a>\r\n                            <figcaption class = \"td-slide-caption td-gallery-slide-content\"><div class = \"td-gallery-slide-copywrite\">Foto Jo\u00e3o Marques<\/div><\/figcaption>\r\n                        <\/figure>\r\n                    <\/div>\r\n                    <div class = \"td-slide-item td-item2\">\r\n                        <figure class=\"td-slide-galery-figure td-slide-popup-gallery\">\r\n                            <a class=\"slide-gallery-image-link\" href=\"https:\/\/www.entroncamentoonline.pt\/portal\/wp-content\/uploads\/2022\/12\/IMG_0121.jpg\" title=\"IMG_0121\"  data-caption=\"Foto Jo\u00e3o Marques\"  data-description=\"\">\r\n                                <img decoding=\"async\" src=\"https:\/\/www.entroncamentoonline.pt\/portal\/wp-content\/uploads\/2022\/12\/IMG_0121-560x420.jpg\" srcset=\"https:\/\/www.entroncamentoonline.pt\/portal\/wp-content\/uploads\/2022\/12\/IMG_0121-560x420.jpg 560w, https:\/\/www.entroncamentoonline.pt\/portal\/wp-content\/uploads\/2022\/12\/IMG_0121-80x60.jpg 80w, https:\/\/www.entroncamentoonline.pt\/portal\/wp-content\/uploads\/2022\/12\/IMG_0121-265x198.jpg 265w, https:\/\/www.entroncamentoonline.pt\/portal\/wp-content\/uploads\/2022\/12\/IMG_0121.jpg 620w\" sizes=\"(max-width: 560px) 100vw, 560px\" alt=\"\">\r\n                            <\/a>\r\n                            <figcaption class = \"td-slide-caption td-gallery-slide-content\"><div class = \"td-gallery-slide-copywrite\">Foto Jo\u00e3o Marques<\/div><\/figcaption>\r\n                        <\/figure>\r\n                    <\/div>\r\n                    <div class = \"td-slide-item td-item3\">\r\n                        <figure class=\"td-slide-galery-figure td-slide-popup-gallery\">\r\n                            <a class=\"slide-gallery-image-link\" href=\"https:\/\/www.entroncamentoonline.pt\/portal\/wp-content\/uploads\/2022\/12\/IMG_0119.jpg\" title=\"IMG_0119\"  data-caption=\"Foto Jo\u00e3o Marques\"  data-description=\"\">\r\n                                <img decoding=\"async\" src=\"https:\/\/www.entroncamentoonline.pt\/portal\/wp-content\/uploads\/2022\/12\/IMG_0119-560x420.jpg\" srcset=\"https:\/\/www.entroncamentoonline.pt\/portal\/wp-content\/uploads\/2022\/12\/IMG_0119-560x420.jpg 560w, https:\/\/www.entroncamentoonline.pt\/portal\/wp-content\/uploads\/2022\/12\/IMG_0119-80x60.jpg 80w, https:\/\/www.entroncamentoonline.pt\/portal\/wp-content\/uploads\/2022\/12\/IMG_0119-265x198.jpg 265w, https:\/\/www.entroncamentoonline.pt\/portal\/wp-content\/uploads\/2022\/12\/IMG_0119.jpg 620w\" sizes=\"(max-width: 560px) 100vw, 560px\" alt=\"\">\r\n                            <\/a>\r\n                            <figcaption class = \"td-slide-caption td-gallery-slide-content\"><div class = \"td-gallery-slide-copywrite\">Foto Jo\u00e3o Marques<\/div><\/figcaption>\r\n                        <\/figure>\r\n                    <\/div>\r\n                    <div class = \"td-slide-item td-item4\">\r\n                        <figure class=\"td-slide-galery-figure td-slide-popup-gallery\">\r\n                            <a class=\"slide-gallery-image-link\" href=\"https:\/\/www.entroncamentoonline.pt\/portal\/wp-content\/uploads\/2022\/12\/IMG_0118.jpg\" title=\"IMG_0118\"  data-caption=\"Foto Jo\u00e3o Marques\"  data-description=\"\">\r\n                                <img decoding=\"async\" src=\"https:\/\/www.entroncamentoonline.pt\/portal\/wp-content\/uploads\/2022\/12\/IMG_0118-560x420.jpg\" srcset=\"https:\/\/www.entroncamentoonline.pt\/portal\/wp-content\/uploads\/2022\/12\/IMG_0118-560x420.jpg 560w, https:\/\/www.entroncamentoonline.pt\/portal\/wp-content\/uploads\/2022\/12\/IMG_0118-80x60.jpg 80w, https:\/\/www.entroncamentoonline.pt\/portal\/wp-content\/uploads\/2022\/12\/IMG_0118-265x198.jpg 265w, https:\/\/www.entroncamentoonline.pt\/portal\/wp-content\/uploads\/2022\/12\/IMG_0118.jpg 620w\" sizes=\"(max-width: 560px) 100vw, 560px\" alt=\"\">\r\n                            <\/a>\r\n                            <figcaption class = \"td-slide-caption td-gallery-slide-content\"><div class = \"td-gallery-slide-copywrite\">Foto Jo\u00e3o Marques<\/div><\/figcaption>\r\n                        <\/figure>\r\n                    <\/div>\r\n                    <div class = \"td-slide-item td-item5\">\r\n                        <figure class=\"td-slide-galery-figure td-slide-popup-gallery\">\r\n                            <a class=\"slide-gallery-image-link\" href=\"https:\/\/www.entroncamentoonline.pt\/portal\/wp-content\/uploads\/2022\/12\/IMG_0116.jpg\" title=\"IMG_0116\"  data-caption=\"Foto Jo\u00e3o Marques\"  data-description=\"\">\r\n                                <img decoding=\"async\" src=\"https:\/\/www.entroncamentoonline.pt\/portal\/wp-content\/uploads\/2022\/12\/IMG_0116-560x420.jpg\" srcset=\"https:\/\/www.entroncamentoonline.pt\/portal\/wp-content\/uploads\/2022\/12\/IMG_0116-560x420.jpg 560w, https:\/\/www.entroncamentoonline.pt\/portal\/wp-content\/uploads\/2022\/12\/IMG_0116-80x60.jpg 80w, https:\/\/www.entroncamentoonline.pt\/portal\/wp-content\/uploads\/2022\/12\/IMG_0116-265x198.jpg 265w, https:\/\/www.entroncamentoonline.pt\/portal\/wp-content\/uploads\/2022\/12\/IMG_0116.jpg 620w\" sizes=\"(max-width: 560px) 100vw, 560px\" alt=\"\">\r\n                            <\/a>\r\n                            <figcaption class = \"td-slide-caption td-gallery-slide-content\"><div class = \"td-gallery-slide-copywrite\">Foto Jo\u00e3o Marques<\/div><\/figcaption>\r\n                        <\/figure>\r\n                    <\/div>\r\n                            <\/div>\r\n                        <\/div>\r\n\r\n                        <div class = \"td-doubleSlider-2\">\r\n                            <div class = \"td-slider\">\r\n                                \r\n                    <div class = \"td-button td-item1\">\r\n                        <div class = \"td-border\"><\/div>\r\n                    <\/div>\r\n                    <div class = \"td-button td-item2\">\r\n                        <div class = \"td-border\"><\/div>\r\n                    <\/div>\r\n                    <div class = \"td-button td-item3\">\r\n                        <div class = \"td-border\"><\/div>\r\n                    <\/div>\r\n                    <div class = \"td-button td-item4\">\r\n                        <div class = \"td-border\"><\/div>\r\n                    <\/div>\r\n                    <div class = \"td-button td-item5\">\r\n                        <div class = \"td-border\"><\/div>\r\n                    <\/div>\r\n                            <\/div>\r\n                        <\/div>\r\n\r\n                    <\/div>\r\n\r\n                <\/div>\r\n                \n<p>No campo das tecnologias temos um painel de instrumentos digital que pode assumir v\u00e1rias formas de se apresentar, se bem que eu apenas goste de usar o \u201cmodo cl\u00e1ssico\u201d que s\u00e3o os mostradores como se fossem anal\u00f3gicos, ou os mostradores do modo desportivo. Para al\u00e9m disso \u00e9 bastante completo, pois como j\u00e1 referi anteiormente pode ter v\u00e1rias cores, e dentro de cada roda (conta rota\u00e7\u00f5es e veloc\u00edmetro) podemos alternar por todo o tipo de informa\u00e7\u00e3o e mais alguma, tal como a informa\u00e7\u00e3o presente no centro do display. O sistema de infotaiment por sua vez tamb\u00e9m \u00e9 bastante completo, a par do que j\u00e1 vinha a ser feito no grupo VW, que na minha opini\u00e3o sempre teve os melhores infotaiments. Na verdade este novo sistema \u00e9 muito igual ao anterior, apenas est\u00e1 de cara lavada com uma nova apresenta\u00e7\u00e3o dos logot\u00edpos e menu\u2019s, e quando vamos para a aplica\u00e7\u00e3o do controlo do carro, em vez de termos uma imagem est\u00e1tica do carro, temos agora uma anima\u00e7\u00e3o que vai rodando pelo carro, inclusive o interior. A velocidade de processamento tamb\u00e9m continua a ser excelente. Ainda nas tecnologias mas nas ajudas \u00e0 condu\u00e7\u00e3o o Golf tem tudo o que necessitamos, como o cruise control adaptativo, sistema de pr\u00e9-colis\u00e3o com travagem de emerg\u00eancia, sistema de manuten\u00e7\u00e3o na faixa de rodagem, m\u00e1ximos autom\u00e1ticos, entre outros.<\/p>\n<p>A unidade ensaiada vem equipada com um motor 2.0 cilindrada a diesel com 150cv, uma pe\u00e7a em vias de extin\u00e7\u00e3o dado a marca\u00e7\u00e3o serrada que o mercado anda a fazer aos motores a combust\u00e3o, em especial o diesel. Este motor \u00e9 bastante econ\u00f3mico, e numa condu\u00e7\u00e3o mista de auto estrada com cidade consegui consumo de 4,5lts por 100kms, consumos de autom\u00f3vel h\u00edbrido!<\/p>\n<p>Na sua condu\u00e7\u00e3o o Golf \u00e9 bom em todos os aspetos.<\/p>\n<p>Para condu\u00e7\u00e3o em percursos urbanos, a direa\u00e7\u00e3o \u00e9 bastante leve e temos boa precep\u00e7\u00e3o dos \u00e2ngulos para podermos estacionar, se bem que ainda temos a c\u00e2mara de marcha-atr\u00e1s para ajduar. A suspens\u00e3o \u00e9 suave e lida bem com as irregularidades que temos na estrada, que em Munique (onde testei o carro) se resume aos carris do el\u00e9trico. Arriscaria dizer que o conforto est\u00e1 praticamente ao n\u00edvel da Volvo! Em auto-estrada tamb\u00e9m temos uma viagem bastante confort\u00e1vel, mais uma vez devido \u00e0 suspens\u00e3o do Golf, e tamb\u00e9m \u00e0 insonoriza\u00e7\u00e3o que \u00e9 excelente, e n\u00e3o ouvimos muito o barulho do rolar das rodas nem do motor. Deixo aqui uma ressalva que as estradas na Alemanha s\u00e3o de extrema qualidade comparado com as estradas portguesas, pelo que acredito que em Portugal se ouvir\u00e1 um pouco mais o rolar das rodas devido ao nosso alcatr\u00e3o mais \u201c\u00e1spero\u201d. Na condu\u00e7\u00e3o desportiva foi a\u00ed que mais me surpreendeu, pois dada \u00e0 sua suspens\u00e3o leve, pensei que n\u00e3o fosse ter um comportamento din\u00e2mico semelhante ao do seu \u201cprimo desportista\u201d Leon, e muito pelo contr\u00e1rio, est\u00e1 l\u00e1 a bater muito perto. Depois este motor \u00e9 o t\u00edpico TDI com aquela for\u00e7a que n\u00f3s conhecemos, e que com a mudan\u00e7a certa conseguimos ter um arranque brutal. Destaco tamb\u00e9m a caixa autom\u00e1tica que \u00e9 bastante r\u00e1pida quer em modo autom\u00e1tico quer em manual, sendo que responde de imediato assim que toco nas patilhas no volante (quando em modo manual).<\/p>\n<p>Em suma, considero que o Golf ainda tem todos os argumentos para ser o rei e bestseller do seu segmento, apesar de no geral gostar mais do design do modelo anterior.<\/p>\n<p>Deixo a nota que esta motoriza\u00e7\u00e3o n\u00e3o est\u00e1 dispon\u00edvel em Portugal, sendo que o 2.0 TDI que temos \u00e9 apenas o de 115cv. No entanto posso indicar que em Portugal o pre\u00e7o base do Golf s\u00e3o 28.615\u20ac, e mantendo tudo igual mas com a motoriza\u00e7\u00e3o de 115cv o pre\u00e7o deste Golf ficaria em 40.793\u20ac. A vers\u00e3o ensaiada paga 226,98\u20ac de IUC.<\/p>\n<p>O Golf obteve 5 estrelas nos testes de seguran\u00e7a do EuroNcap, com 88% na seguran\u00e7a dos adultos, 87% na seguran\u00e7a das crian\u00e7as, 74% na seguran\u00e7a dos pedestres e 82% nas ajudas \u00e0 condu\u00e7\u00e3o.<\/p>\n<p><iframe loading=\"lazy\" title=\"Volkswagen Golf 2.0 TDI 150cv - Ensaio Portugal (Review Portugal)\" width=\"696\" height=\"392\" src=\"https:\/\/www.youtube.com\/embed\/ih8h29bAm1E?feature=oembed\" frameborder=\"0\" allow=\"accelerometer; autoplay; clipboard-write; encrypted-media; gyroscope; picture-in-picture\" allowfullscreen><\/iframe><\/p>\n<p>&nbsp;<\/p>\n<div class=\"fb-background-color\">\n\t\t\t  <div \n\t\t\t  \tclass = \"fb-comments\" \n\t\t\t  \tdata-href = \"https:\/\/www.entroncamentoonline.pt\/portal\/cronica-automovel-volkswagen-golf-2-0-tdi-150cv-ainda-o-rei-do-segmento\/\"\n\t\t\t  \tdata-numposts = \"10\"\n\t\t\t  \tdata-lazy = \"true\"\n\t\t\t\tdata-colorscheme = \"light\"\n\t\t\t\tdata-order-by = \"social\"\n\t\t\t\tdata-mobile=true>\n\t\t\t  <\/div><\/div>\n\t\t  <style>\n\t\t    .fb-background-color {\n\t\t\t\tbackground:  !important;\n\t\t\t}\n\t\t\t.fb_iframe_widget_fluid_desktop iframe {\n\t\t\t    width: 100% !important;\n\t\t\t}\n\t\t  <\/style>\n\t\t  ","protected":false},"excerpt":{"rendered":"<p>Durante muitos anos o Golf foi o l\u00edder do segmento C, mas com uma concorr\u00eancia agressiva que tem vindo a lan\u00e7ar cada vez melhores modelos (por exemplo Kia Ceed e Ford Focus) ser\u00e1 que o Golf ainda tem argumentos para se manter o reio do seu segmento? Eu acredito que sim, mas tamb\u00e9m acredito que [&hellip;]<\/p>\n","protected":false},"author":1,"featured_media":55803,"comment_status":"open","ping_status":"closed","sticky":false,"template":"","format":"standard","meta":{"_acf_changed":false,"footnotes":""},"categories":[62],"tags":[],"class_list":{"0":"post-55796","1":"post","2":"type-post","3":"status-publish","4":"format-standard","5":"has-post-thumbnail","7":"category-cronica-automovel"},"acf":[],"_links":{"self":[{"href":"https:\/\/www.entroncamentoonline.pt\/portal\/wp-json\/wp\/v2\/posts\/55796","targetHints":{"allow":["GET"]}}],"collection":[{"href":"https:\/\/www.entroncamentoonline.pt\/portal\/wp-json\/wp\/v2\/posts"}],"about":[{"href":"https:\/\/www.entroncamentoonline.pt\/portal\/wp-json\/wp\/v2\/types\/post"}],"author":[{"embeddable":true,"href":"https:\/\/www.entroncamentoonline.pt\/portal\/wp-json\/wp\/v2\/users\/1"}],"replies":[{"embeddable":true,"href":"https:\/\/www.entroncamentoonline.pt\/portal\/wp-json\/wp\/v2\/comments?post=55796"}],"version-history":[{"count":0,"href":"https:\/\/www.entroncamentoonline.pt\/portal\/wp-json\/wp\/v2\/posts\/55796\/revisions"}],"wp:featuredmedia":[{"embeddable":true,"href":"https:\/\/www.entroncamentoonline.pt\/portal\/wp-json\/wp\/v2\/media\/55803"}],"wp:attachment":[{"href":"https:\/\/www.entroncamentoonline.pt\/portal\/wp-json\/wp\/v2\/media?parent=55796"}],"wp:term":[{"taxonomy":"category","embeddable":true,"href":"https:\/\/www.entroncamentoonline.pt\/portal\/wp-json\/wp\/v2\/categories?post=55796"},{"taxonomy":"post_tag","embeddable":true,"href":"https:\/\/www.entroncamentoonline.pt\/portal\/wp-json\/wp\/v2\/tags?post=55796"}],"curies":[{"name":"wp","href":"https:\/\/api.w.org\/{rel}","templated":true}]}}