{"id":55623,"date":"2022-12-18T11:16:13","date_gmt":"2022-12-18T11:16:13","guid":{"rendered":"https:\/\/www.entroncamentoonline.pt\/portal\/?p=55623"},"modified":"2022-12-30T14:09:14","modified_gmt":"2022-12-30T14:09:14","slug":"agravamento-da-situacao-meteorologica-para-o-distrito-de-santarem","status":"publish","type":"post","link":"https:\/\/www.entroncamentoonline.pt\/portal\/agravamento-da-situacao-meteorologica-para-o-distrito-de-santarem\/","title":{"rendered":"Aviso \u00e1 popula\u00e7\u00e3o | Chuva, vento e agita\u00e7\u00e3o mar\u00edtima | Medidas preventivas autoridade nacional de emerg\u00eancia e prote\u00e7\u00e3o civil | Comunicado deste s\u00e1bado"},"content":{"rendered":"<p style=\"text-align: center;\">AVISO \u00c0 POPULA\u00c7\u00c3O<\/p>\n<p>Condi\u00e7\u00f5es meteorol\u00f3gicas adversas:<\/p>\n<p>Chuva, vento e agita\u00e7\u00e3o mar\u00edtima | Medidas preventivas autoridade nacional de emerg\u00eancia e prote\u00e7\u00e3o civil<\/p>\n<p>SITUA\u00c7\u00c3O<\/p>\n<p>No seguimento do contacto com o Instituto Portugu\u00eas do Mar e da Atmosfera (IPMA)\u00a0realizado hoje, 24 de dezembro, pelo Comando Nacional de Emerg\u00eancia e Prote\u00e7\u00e3o\u00a0Civil, a previs\u00e3o meteorol\u00f3gica para as pr\u00f3ximas horas aponta para o agravamento do\u00a0estado do tempo devido \u00e0 precipita\u00e7\u00e3o prevista para os distritos de Coimbra, Leiria,\u00a0Santar\u00e9m, Lisboa, Set\u00fabal, Viseu, Guarda e Castelo Branco, sendo expet\u00e1vel que o\u00a0per\u00edodo mais cr\u00edtico se verifique entre as 00h e as 12h do dia 25 de dezembro.<\/p>\n<p>Informa\u00e7\u00e3o Hidrol\u00f3gica Relevante:<\/p>\n<p>De acordo com a informa\u00e7\u00e3o disponibilizada pela Ag\u00eancia Portuguesa do Ambiente\u00a0(APA), podem ocorrer varia\u00e7\u00f5es significativas dos n\u00edveis hidrom\u00e9tricos nas zonas\u00a0historicamente mais vulner\u00e1veis:<\/p>\n<p>\u2212 Bacia do Lima &#8211; Na sub-bacia do rio Vez haver\u00e1 um aumento das aflu\u00eancias que\u00a0poder\u00e3o provocar inunda\u00e7\u00f5es nas povoa\u00e7\u00f5es ribeirinhas em Arcos de Valdevez.<\/p>\n<p>Poder\u00e3o ocorrer tamb\u00e9m inunda\u00e7\u00f5es em Ponte da Barca e Ponte de Lima, zonas\u00a0ribeirinhas;<\/p>\n<p>\u2212 Bacia do C\u00e1vado \u2013 As aflu\u00eancias \u00e0s barragens da Cani\u00e7ada e Salamonde ser\u00e3o\u00a0elevadas. Poder\u00e3o ocorrer inunda\u00e7\u00f5es em Braga, Barcelos e no rio Este (Braga).<\/p>\n<p>\u2212 Bacia do Douro \u2013 As aflu\u00eancias a Crestuma poder\u00e3o aumentar, face ao aumento\u00a0de caudais do T\u00e2mega, poder\u00e1 ser necess\u00e1rio efetuar descargas caso as\u00a0aflu\u00eancias ao Torr\u00e3o aumentem. As aflu\u00eancias de Espanha tamb\u00e9m poder\u00e3o\u00a0aumentar, face \u00e0 precipita\u00e7\u00e3o prevista para esta bacia, em territ\u00f3rio espanhol.<\/p>\n<p>\u2212 Bacia do Vouga &#8211; Poder\u00e1 ocorrer uma subida do rio \u00c1gueda, caso se verifiquem\u00a0as precipita\u00e7\u00f5es a montante;<\/p>\n<p>\u2212 Bacia do Mondego &#8211; Poder\u00e1 ocorrer um aumento das aflu\u00eancias ao baixo\u00a0Mondego;<\/p>\n<p>\u2212 Bacia do Tejo e Sorraia \u2013 As previs\u00f5es de precipita\u00e7\u00e3o em Espanha n\u00e3o indicam\u00a0nenhum aviso. H\u00e1 previs\u00f5es de precipita\u00e7\u00e3o na bacia portuguesa do Tejo, poder\u00e1\u00a0haver um aumento de caudais, mas sem impacto.<\/p>\n<p>EFEITOS EXPECT\u00c1VEIS<\/p>\n<p>Em fun\u00e7\u00e3o das condi\u00e7\u00f5es meteorol\u00f3gicas presentes e previstas \u00e9 expect\u00e1vel:<\/p>\n<p>\u2212 Ocorr\u00eancia de inunda\u00e7\u00f5es em zonas urbanas, causadas por acumula\u00e7\u00e3o de \u00e1guas\u00a0pluviais por obstru\u00e7\u00e3o dos sistemas de escoamento;<\/p>\n<p>\u2212 Ocorr\u00eancia de cheias, potenciadas pelo transbordo do leito de alguns cursos de\u00a0\u00e1gua, rios e ribeiras;<\/p>\n<p>\u2212 Instabilidade de vertentes, conduzindo a movimentos de massa (deslizamentos,\u00a0derrocadas e outros) motivados pela infiltra\u00e7\u00e3o da \u00e1gua, podendo ser\u00a0potenciados pela remo\u00e7\u00e3o do coberto vegetal na sequ\u00eancia de inc\u00eandios rurais,\u00a0ou por artificializa\u00e7\u00e3o do solo;<\/p>\n<p>\u2212 Arrastamento para as vias rodovi\u00e1rias de objetos soltos, ou ao desprendimento\u00a0de estruturas m\u00f3veis ou deficientemente fixadas, por efeito de epis\u00f3dios de\u00a0vento forte, que podem causar acidentes com ve\u00edculos em circula\u00e7\u00e3o ou\u00a0transeuntes na via p\u00fablica;<\/p>\n<p>\u2212 Piso rodovi\u00e1rio escorregadio e forma\u00e7\u00e3o de len\u00e7\u00f3is de \u00e1gua.<\/p>\n<p>MEDIDAS PREVENTIVAS<\/p>\n<p>A ANEPC recorda que o eventual impacto destes efeitos pode ser minimizado, sobretudo\u00a0atrav\u00e9s da ado\u00e7\u00e3o de comportamentos adequados, pelo que, e em particular nas zonas\u00a0historicamente mais vulner\u00e1veis, se recomenda a observa\u00e7\u00e3o e divulga\u00e7\u00e3o das\u00a0principais medidas de autoprote\u00e7\u00e3o para estas situa\u00e7\u00f5es, nomeadamente:<\/p>\n<p>\u2212 Garantir a desobstru\u00e7\u00e3o dos sistemas de escoamento das \u00e1guas pluviais e retirada\u00a0de inertes e outros objetos que possam ser arrastados ou criem obst\u00e1culos ao\u00a0livre escoamento das \u00e1guas;<\/p>\n<p>\u2212 N\u00e3o se expor \u00e0s zonas afetadas pelas cheias;<\/p>\n<p>&nbsp;<\/p>\n<p>\u2212 Garantir uma adequada fixa\u00e7\u00e3o de estruturas soltas, nomeadamente, andaimes,\u00a0placards e outras estruturas suspensas;<\/p>\n<p>\u2212 Ter especial cuidado na circula\u00e7\u00e3o e perman\u00eancia junto de \u00e1reas arborizadas,\u00a0estando atento para a possibilidade de queda de ramos e \u00e1rvores, em virtude de\u00a0vento mais forte;<\/p>\n<p>\u2212 Ter especial cuidado na circula\u00e7\u00e3o junto a zonas ribeirinhas historicamente mais\u00a0vulner\u00e1veis a fen\u00f3menos de transbordo dos cursos de \u00e1gua, evitando a circula\u00e7\u00e3o\u00a0e perman\u00eancia nestes locais;<\/p>\n<p>\u2212 Adotar uma condu\u00e7\u00e3o defensiva, reduzindo a velocidade e tendo especial\u00a0cuidado com a poss\u00edvel forma\u00e7\u00e3o de len\u00e7\u00f3is de \u00e1gua nas vias;<\/p>\n<p>\u2212 N\u00e3o atravessar zonas inundadas, de modo a precaver o arrastamento de pessoas\u00a0ou viaturas para buracos no pavimento ou caixas de esgoto abertas;<\/p>\n<p>\u2212 N\u00e3o praticar atividades relacionadas com o mar, nomeadamente pesca\u00a0desportiva, desportos n\u00e1uticos e passeios \u00e0 beira-mar, evitando ainda o\u00a0estacionamento de ve\u00edculos muito pr\u00f3ximos da orla mar\u00edtima;<\/p>\n<p>\u2212 Estar atento \u00e0s informa\u00e7\u00f5es da meteorologia e \u00e0s indica\u00e7\u00f5es da Prote\u00e7\u00e3o Civil e\u00a0For\u00e7as de Seguran\u00e7a.<\/p>\n<p>&nbsp;<\/p>\n<div class=\"fb-background-color\">\n\t\t\t  <div \n\t\t\t  \tclass = \"fb-comments\" \n\t\t\t  \tdata-href = \"https:\/\/www.entroncamentoonline.pt\/portal\/agravamento-da-situacao-meteorologica-para-o-distrito-de-santarem\/\"\n\t\t\t  \tdata-numposts = \"10\"\n\t\t\t  \tdata-lazy = \"true\"\n\t\t\t\tdata-colorscheme = \"light\"\n\t\t\t\tdata-order-by = \"social\"\n\t\t\t\tdata-mobile=true>\n\t\t\t  <\/div><\/div>\n\t\t  <style>\n\t\t    .fb-background-color {\n\t\t\t\tbackground:  !important;\n\t\t\t}\n\t\t\t.fb_iframe_widget_fluid_desktop iframe {\n\t\t\t    width: 100% !important;\n\t\t\t}\n\t\t  <\/style>\n\t\t  ","protected":false},"excerpt":{"rendered":"<p>AVISO \u00c0 POPULA\u00c7\u00c3O Condi\u00e7\u00f5es meteorol\u00f3gicas adversas: Chuva, vento e agita\u00e7\u00e3o mar\u00edtima | Medidas preventivas autoridade nacional de emerg\u00eancia e prote\u00e7\u00e3o civil SITUA\u00c7\u00c3O No seguimento do contacto com o Instituto Portugu\u00eas do Mar e da Atmosfera (IPMA)\u00a0realizado hoje, 24 de dezembro, pelo Comando Nacional de Emerg\u00eancia e Prote\u00e7\u00e3o\u00a0Civil, a previs\u00e3o meteorol\u00f3gica para as pr\u00f3ximas horas aponta [&hellip;]<\/p>\n","protected":false},"author":1,"featured_media":55701,"comment_status":"open","ping_status":"closed","sticky":false,"template":"","format":"standard","meta":{"_acf_changed":false,"footnotes":""},"categories":[1],"tags":[],"class_list":{"0":"post-55623","1":"post","2":"type-post","3":"status-publish","4":"format-standard","5":"has-post-thumbnail","7":"category-sem-categoria"},"acf":[],"_links":{"self":[{"href":"https:\/\/www.entroncamentoonline.pt\/portal\/wp-json\/wp\/v2\/posts\/55623","targetHints":{"allow":["GET"]}}],"collection":[{"href":"https:\/\/www.entroncamentoonline.pt\/portal\/wp-json\/wp\/v2\/posts"}],"about":[{"href":"https:\/\/www.entroncamentoonline.pt\/portal\/wp-json\/wp\/v2\/types\/post"}],"author":[{"embeddable":true,"href":"https:\/\/www.entroncamentoonline.pt\/portal\/wp-json\/wp\/v2\/users\/1"}],"replies":[{"embeddable":true,"href":"https:\/\/www.entroncamentoonline.pt\/portal\/wp-json\/wp\/v2\/comments?post=55623"}],"version-history":[{"count":0,"href":"https:\/\/www.entroncamentoonline.pt\/portal\/wp-json\/wp\/v2\/posts\/55623\/revisions"}],"wp:featuredmedia":[{"embeddable":true,"href":"https:\/\/www.entroncamentoonline.pt\/portal\/wp-json\/wp\/v2\/media\/55701"}],"wp:attachment":[{"href":"https:\/\/www.entroncamentoonline.pt\/portal\/wp-json\/wp\/v2\/media?parent=55623"}],"wp:term":[{"taxonomy":"category","embeddable":true,"href":"https:\/\/www.entroncamentoonline.pt\/portal\/wp-json\/wp\/v2\/categories?post=55623"},{"taxonomy":"post_tag","embeddable":true,"href":"https:\/\/www.entroncamentoonline.pt\/portal\/wp-json\/wp\/v2\/tags?post=55623"}],"curies":[{"name":"wp","href":"https:\/\/api.w.org\/{rel}","templated":true}]}}