{"id":55593,"date":"2022-12-08T21:16:57","date_gmt":"2022-12-08T21:16:57","guid":{"rendered":"https:\/\/www.entroncamentoonline.pt\/portal\/?p=55593"},"modified":"2022-12-09T09:57:04","modified_gmt":"2022-12-09T09:57:04","slug":"chuva-volta-esta-noite-aviso-laranja-para-o-distrito-de-santarem","status":"publish","type":"post","link":"https:\/\/www.entroncamentoonline.pt\/portal\/chuva-volta-esta-noite-aviso-laranja-para-o-distrito-de-santarem\/","title":{"rendered":"Chuva volta esta noite | Aviso laranja para o Distrito de Santar\u00e9m"},"content":{"rendered":"<p>De acordo a informa\u00e7\u00e3o disponibilizada pelo Instituto Portugu\u00eas do Mar e da Atmosfera (IPMA) para as pr\u00f3ximas horas, prev\u00ea-se-precipita\u00e7\u00e3o em regime de aguaceiros fortes acompanhados de trovoada nas regi\u00f5es do Centro e Sul. Especial aten\u00e7\u00e3o para o per\u00edodo cr\u00edtico no dia 9 entre as 00 UTC e as 09 UTC, vento do quadrante sul, tornando-se do quadrante oeste no dia 9, por vezes forte no litoral e nas terras altas. Possibilidade fen\u00f3menos extremos nas regi\u00f5es do Centro e Sul;<\/p>\n<p>O IPMA emitiu um Aviso Laranja \u2013 precipita\u00e7\u00e3o &#8211; para os distritos de: Leiria, Lisboa, Set\u00fabal, Santar\u00e9m e Faro.<\/p>\n<p>Face \u00e0 situa\u00e7\u00e3o acima descrita, poder\u00e3o ocorrer inunda\u00e7\u00f5es em zonas urbanas, causadas por acumula\u00e7\u00e3o de \u00e1guas pluviais por obstru\u00e7\u00e3o dos sistemas de escoamento. Ocorr\u00eancia de cheias, potenciadas pelo transbordo do leito de alguns cursos de \u00e1gua, rios e ribeiras. Instabilidade de vertentes, conduzindo a movimentos de massa (deslizamentos, derrocadas e outros) motivados pela infiltra\u00e7\u00e3o da \u00e1gua, podendo ser potenciados pela remo\u00e7\u00e3o do coberto vegetal na sequ\u00eancia de inc\u00eandios rurais, ou por artificializa\u00e7\u00e3o do solo. Arrastamento para as vias rodovi\u00e1rias de objetos soltos, ou ao desprendimento de estruturas m\u00f3veis ou deficientemente fixadas, por efeito de epis\u00f3dios de vento forte, que podem causar acidentes com ve\u00edculos em circula\u00e7\u00e3o ou transeuntes na via p\u00fablica. Piso rodovi\u00e1rio escorregadio, e forma\u00e7\u00e3o de len\u00e7\u00f3is de \u00e1gua.<\/p>\n<p>A Autoridade Nacional de Emerg\u00eancia e Prote\u00e7\u00e3o Civil (ANEPC) recorda que o eventual impacto destes efeitos pode ser minimizado, sobretudo atrav\u00e9s da ado\u00e7\u00e3o de comportamentos adequados, pelo que, e em particular nas zonas historicamente mais vulner\u00e1veis, se recomenda a ado\u00e7\u00e3o e divulga\u00e7\u00e3o das principais medidas de autoprote\u00e7\u00e3o para estas situa\u00e7\u00f5es, nomeadamente garantir a desobstru\u00e7\u00e3o dos sistemas de escoamento das \u00e1guas pluviais e retirada de inertes e outros objetos que possam ser arrastados ou criem obst\u00e1culos ao livre escoamento das \u00e1guas. Garantir uma adequada fixa\u00e7\u00e3o de estruturas soltas, nomeadamente, andaimes, placards e outras estruturas suspensas.<\/p>\n<p>Ter especial cuidado na circula\u00e7\u00e3o e perman\u00eancia junto de \u00e1reas arborizadas, estando atento para a possibilidade de queda de ramos e \u00e1rvores, em virtude de vento mais forte. Ter especial cuidado na circula\u00e7\u00e3o junto a zonas ribeirinhas historicamente mais vulner\u00e1veis a fen\u00f3menos de transbordo dos cursos de \u00e1gua, evitando a circula\u00e7\u00e3o e perman\u00eancia nestes locais. Adotar uma condu\u00e7\u00e3o defensiva, reduzindo a velocidade e tendo especial cuidado com a poss\u00edvel forma\u00e7\u00e3o de len\u00e7\u00f3is de \u00e1gua nas vias.<\/p>\n<p>N\u00e3o atravessar zonas inundadas, de modo a precaver o arrastamento de pessoas ou viaturas para buracos no pavimento ou caixas de esgoto abertas. N\u00e3o praticar atividades relacionadas com o mar, nomeadamente pesca desportiva, desportos n\u00e1uticos e passeios \u00e0 beira-mar, evitando ainda o estacionamento de ve\u00edculos muito pr\u00f3ximos da orla mar\u00edtima.<\/p>\n<div class=\"fb-background-color\">\n\t\t\t  <div \n\t\t\t  \tclass = \"fb-comments\" \n\t\t\t  \tdata-href = \"https:\/\/www.entroncamentoonline.pt\/portal\/chuva-volta-esta-noite-aviso-laranja-para-o-distrito-de-santarem\/\"\n\t\t\t  \tdata-numposts = \"10\"\n\t\t\t  \tdata-lazy = \"true\"\n\t\t\t\tdata-colorscheme = \"light\"\n\t\t\t\tdata-order-by = \"social\"\n\t\t\t\tdata-mobile=true>\n\t\t\t  <\/div><\/div>\n\t\t  <style>\n\t\t    .fb-background-color {\n\t\t\t\tbackground:  !important;\n\t\t\t}\n\t\t\t.fb_iframe_widget_fluid_desktop iframe {\n\t\t\t    width: 100% !important;\n\t\t\t}\n\t\t  <\/style>\n\t\t  ","protected":false},"excerpt":{"rendered":"<p>De acordo a informa\u00e7\u00e3o disponibilizada pelo Instituto Portugu\u00eas do Mar e da Atmosfera (IPMA) para as pr\u00f3ximas horas, prev\u00ea-se-precipita\u00e7\u00e3o em regime de aguaceiros fortes acompanhados de trovoada nas regi\u00f5es do Centro e Sul. Especial aten\u00e7\u00e3o para o per\u00edodo cr\u00edtico no dia 9 entre as 00 UTC e as 09 UTC, vento do quadrante sul, tornando-se [&hellip;]<\/p>\n","protected":false},"author":1,"featured_media":55594,"comment_status":"open","ping_status":"closed","sticky":false,"template":"","format":"standard","meta":{"_acf_changed":false,"footnotes":""},"categories":[1],"tags":[],"class_list":{"0":"post-55593","1":"post","2":"type-post","3":"status-publish","4":"format-standard","5":"has-post-thumbnail","7":"category-sem-categoria"},"acf":[],"_links":{"self":[{"href":"https:\/\/www.entroncamentoonline.pt\/portal\/wp-json\/wp\/v2\/posts\/55593","targetHints":{"allow":["GET"]}}],"collection":[{"href":"https:\/\/www.entroncamentoonline.pt\/portal\/wp-json\/wp\/v2\/posts"}],"about":[{"href":"https:\/\/www.entroncamentoonline.pt\/portal\/wp-json\/wp\/v2\/types\/post"}],"author":[{"embeddable":true,"href":"https:\/\/www.entroncamentoonline.pt\/portal\/wp-json\/wp\/v2\/users\/1"}],"replies":[{"embeddable":true,"href":"https:\/\/www.entroncamentoonline.pt\/portal\/wp-json\/wp\/v2\/comments?post=55593"}],"version-history":[{"count":0,"href":"https:\/\/www.entroncamentoonline.pt\/portal\/wp-json\/wp\/v2\/posts\/55593\/revisions"}],"wp:featuredmedia":[{"embeddable":true,"href":"https:\/\/www.entroncamentoonline.pt\/portal\/wp-json\/wp\/v2\/media\/55594"}],"wp:attachment":[{"href":"https:\/\/www.entroncamentoonline.pt\/portal\/wp-json\/wp\/v2\/media?parent=55593"}],"wp:term":[{"taxonomy":"category","embeddable":true,"href":"https:\/\/www.entroncamentoonline.pt\/portal\/wp-json\/wp\/v2\/categories?post=55593"},{"taxonomy":"post_tag","embeddable":true,"href":"https:\/\/www.entroncamentoonline.pt\/portal\/wp-json\/wp\/v2\/tags?post=55593"}],"curies":[{"name":"wp","href":"https:\/\/api.w.org\/{rel}","templated":true}]}}