{"id":55527,"date":"2022-12-06T08:02:04","date_gmt":"2022-12-06T08:02:04","guid":{"rendered":"https:\/\/www.entroncamentoonline.pt\/portal\/?p=55527"},"modified":"2022-12-08T12:16:41","modified_gmt":"2022-12-08T12:16:41","slug":"chamusca-parque-dos-sonhos-de-natal-abre-esta-quarta-feira","status":"publish","type":"post","link":"https:\/\/www.entroncamentoonline.pt\/portal\/chamusca-parque-dos-sonhos-de-natal-abre-esta-quarta-feira\/","title":{"rendered":"Chamusca | Parque dos Sonhos de Natal abre esta quarta-feira"},"content":{"rendered":"<p>O Parque dos Sonhos de Natal abre esta quarta-feira, pelas 18 com um \u201cRecital de Natal\u201d, interpretado pelo Coro Conv\u00edvio do Chamusca Abra\u00e7a CLDS-4G, no Cineteatro da Chamusca.<\/p>\n<p>Em palco v\u00e3o estar cerca de 115 pessoas, num encontro intergeracional que re\u00fane um grupo de crian\u00e7as do 3\u00ba e 4\u00ba ano do Centro Escolar da Chamusca e seniores das v\u00e1rias Freguesias (Carregueira, Ulme, Vale de Cavalos) e Uni\u00f5es de Freguesia (Chamusca e Pinheiro Grande; Parreira e Chouto) do Concelho, que durante cerca de meia hora interpretar\u00e3o cl\u00e1ssicos do Cancioneiro Tradicional de Natal, assim como a tradicional m\u00fasica de Natal \u201cAleluia\u201d de Leonard Cohen, entre outras.<\/p>\n<p>A abertura oficial das portas do Parque dos Sonhos de Natal da Chamusca ocorrer\u00e1 pelas 19H, ocasi\u00e3o que marcar\u00e1 o momento alto da \u00e9poca natal\u00edcia da vila, com o acender da ilumina\u00e7\u00e3o de Natal em toda a vila da Chamusca.<\/p>\n<p>Depois do sucesso do ano passado, o esp\u00edrito natal\u00edcio est\u00e1 assim de volta \u00e0 vila da Chamusca com a magia do Parque dos Sonhos. A iniciativa promovida pelo Munic\u00edpio da Chamusca ir\u00e1 invadir o Parque Municipal de cor, luz, alegria, m\u00fasica e anima\u00e7\u00e3o de Natal, assim como de v\u00e1rias atividades pensadas para toda a fam\u00edlia.<\/p>\n\r\n                <style type=\"text\/css\">\r\n                    \r\n                    #tdi_1  .td-doubleSlider-2 .td-item1 {\r\n                        background: url(https:\/\/www.entroncamentoonline.pt\/portal\/wp-content\/uploads\/2022\/12\/CHAMUSCA_Pista-de-gelo_Parque-dos-Sonhos-80x60.jpg) 0 0 no-repeat;\r\n                    }\r\n                    #tdi_1  .td-doubleSlider-2 .td-item2 {\r\n                        background: url(https:\/\/www.entroncamentoonline.pt\/portal\/wp-content\/uploads\/2022\/12\/CHAMUSCA_CLDS_Parque-dos-Sonhos-1-80x60.jpg) 0 0 no-repeat;\r\n                    }\r\n                    #tdi_1  .td-doubleSlider-2 .td-item3 {\r\n                        background: url(https:\/\/www.entroncamentoonline.pt\/portal\/wp-content\/uploads\/2022\/12\/CHAMUSCA_Frota-dos-Duendes_Parque-dos-Sonhos-de-Natal-002-80x60.jpg) 0 0 no-repeat;\r\n                    }\r\n                <\/style>\r\n\r\n                <div id=\"tdi_1\" class=\"td-gallery td-slide-on-2-columns\">\r\n                    <div class=\"post_td_gallery\">\r\n                        <div class=\"td-gallery-slide-top\">\r\n                           <div class=\"td-gallery-title\"><\/div>\r\n\r\n                            <div class=\"td-gallery-controls-wrapper\">\r\n                                <div class=\"td-gallery-slide-count\"><span class=\"td-gallery-slide-item-focus\">1<\/span> de 3<\/div>\r\n                                <div class=\"td-gallery-slide-prev-next-but\">\r\n                                    <i class = \"td-icon-left doubleSliderPrevButton\"><\/i>\r\n                                    <i class = \"td-icon-right doubleSliderNextButton\"><\/i>\r\n                                <\/div>\r\n                            <\/div>\r\n                        <\/div>\r\n\r\n                        <div class = \"td-doubleSlider-1 \">\r\n                            <div class = \"td-slider\">\r\n                                \r\n                    <div class = \"td-slide-item td-item1\">\r\n                        <figure class=\"td-slide-galery-figure td-slide-popup-gallery\">\r\n                            <a class=\"slide-gallery-image-link\" href=\"https:\/\/www.entroncamentoonline.pt\/portal\/wp-content\/uploads\/2022\/12\/CHAMUSCA_Pista-de-gelo_Parque-dos-Sonhos.jpg\" title=\"CHAMUSCA_Pista de gelo_Parque dos Sonhos\"  data-caption=\"Foto CMC\"  data-description=\"\">\r\n                                <img decoding=\"async\" src=\"https:\/\/www.entroncamentoonline.pt\/portal\/wp-content\/uploads\/2022\/12\/CHAMUSCA_Pista-de-gelo_Parque-dos-Sonhos.jpg\" alt=\"\">\r\n                            <\/a>\r\n                            <figcaption class = \"td-slide-caption td-gallery-slide-content\"><div class = \"td-gallery-slide-copywrite\">Foto CMC<\/div><\/figcaption>\r\n                        <\/figure>\r\n                    <\/div>\r\n                    <div class = \"td-slide-item td-item2\">\r\n                        <figure class=\"td-slide-galery-figure td-slide-popup-gallery\">\r\n                            <a class=\"slide-gallery-image-link\" href=\"https:\/\/www.entroncamentoonline.pt\/portal\/wp-content\/uploads\/2022\/12\/CHAMUSCA_CLDS_Parque-dos-Sonhos-1.jpg\" title=\"CHAMUSCA_CLDS_Parque dos Sonhos 1\"  data-caption=\"Foto CMC\"  data-description=\"\">\r\n                                <img decoding=\"async\" src=\"https:\/\/www.entroncamentoonline.pt\/portal\/wp-content\/uploads\/2022\/12\/CHAMUSCA_CLDS_Parque-dos-Sonhos-1.jpg\" alt=\"\">\r\n                            <\/a>\r\n                            <figcaption class = \"td-slide-caption td-gallery-slide-content\"><div class = \"td-gallery-slide-copywrite\">Foto CMC<\/div><\/figcaption>\r\n                        <\/figure>\r\n                    <\/div>\r\n                    <div class = \"td-slide-item td-item3\">\r\n                        <figure class=\"td-slide-galery-figure td-slide-popup-gallery\">\r\n                            <a class=\"slide-gallery-image-link\" href=\"https:\/\/www.entroncamentoonline.pt\/portal\/wp-content\/uploads\/2022\/12\/CHAMUSCA_Frota-dos-Duendes_Parque-dos-Sonhos-de-Natal-002.jpg\" title=\"CHAMUSCA_Frota dos Duendes_Parque dos Sonhos de Natal (002)\"  data-caption=\"Foto CMC\"  data-description=\"\">\r\n                                <img decoding=\"async\" src=\"https:\/\/www.entroncamentoonline.pt\/portal\/wp-content\/uploads\/2022\/12\/CHAMUSCA_Frota-dos-Duendes_Parque-dos-Sonhos-de-Natal-002.jpg\" srcset=\"https:\/\/www.entroncamentoonline.pt\/portal\/wp-content\/uploads\/2022\/12\/CHAMUSCA_Frota-dos-Duendes_Parque-dos-Sonhos-de-Natal-002.jpg 649w, https:\/\/www.entroncamentoonline.pt\/portal\/wp-content\/uploads\/2022\/12\/CHAMUSCA_Frota-dos-Duendes_Parque-dos-Sonhos-de-Natal-002-356x220.jpg 356w\" sizes=\"(max-width: 649px) 100vw, 649px\" alt=\"\">\r\n                            <\/a>\r\n                            <figcaption class = \"td-slide-caption td-gallery-slide-content\"><div class = \"td-gallery-slide-copywrite\">Foto CMC<\/div><\/figcaption>\r\n                        <\/figure>\r\n                    <\/div>\r\n                            <\/div>\r\n                        <\/div>\r\n\r\n                        <div class = \"td-doubleSlider-2\">\r\n                            <div class = \"td-slider\">\r\n                                \r\n                    <div class = \"td-button td-item1\">\r\n                        <div class = \"td-border\"><\/div>\r\n                    <\/div>\r\n                    <div class = \"td-button td-item2\">\r\n                        <div class = \"td-border\"><\/div>\r\n                    <\/div>\r\n                    <div class = \"td-button td-item3\">\r\n                        <div class = \"td-border\"><\/div>\r\n                    <\/div>\r\n                            <\/div>\r\n                        <\/div>\r\n\r\n                    <\/div>\r\n\r\n                <\/div>\r\n                \n<p>O maior evento de Natal do Concelho, que ter\u00e1 lugar de 07 a 23 de dezembro, vai contar com a presen\u00e7a do Pai Natal e dos seus duendes, que v\u00e3o animar o Parque Municipal e receber as cartas que as crian\u00e7as lhe escreveram.<\/p>\n<p>A pista de gelo natural promete fazer as del\u00edcias de mi\u00fados e gra\u00fados que se queiram arriscar no desafio da patinagem no gelo. Destaque ainda para a Casinha do pai Natal, a roda de Natal (uma das novidades deste ano), o pres\u00e9pio vivo, o carrossel e outras novidades que este ano poder\u00e3o ser encontradas no \u201cParque dos Sonhos\u201d.<\/p>\n<p>O evento inclui, ainda, o tradicional Mercadinho de Natal, com mostra de artesanato, bijuteria e tamb\u00e9m exposi\u00e7\u00e3o de produtos locais e regionais, sem esquecer a oferta gastron\u00f3mica. Do programa faz parte tamb\u00e9m anima\u00e7\u00e3o de rua, exposi\u00e7\u00e3o de produtos locais, espet\u00e1culos musicais, teatro e muitas outras atividades que prometem aquecer umas das \u00e9pocas mais importantes do ano.<\/p>\n<p>Para al\u00e9m da programa\u00e7\u00e3o do evento, destaca ainda para a habitual ilumina\u00e7\u00e3o de Natal, que poder\u00e1 ser encontrada em v\u00e1rios pontos de interesse da Vila da Chamusca, como o Jardim do Coreto, o Largo Vasco da Gama (Junto \u00e0 Biblioteca Municipal), o Largo 25 de Abril (zona envolvente ao Edif\u00edcio dos Pa\u00e7os do Concelho), o Edif\u00edcio de S\u00e3o Francisco e ainda o Miradouro da Nossa Senhora do Pranto.<\/p>\n<p>O \u201cParque dos Sonhos de Natal da Chamusca\u201d estar\u00e1 de portas abertas de segunda-feira a domingo, at\u00e9 ao dia 23 dezembro.<\/p>\n<div class=\"fb-background-color\">\n\t\t\t  <div \n\t\t\t  \tclass = \"fb-comments\" \n\t\t\t  \tdata-href = \"https:\/\/www.entroncamentoonline.pt\/portal\/chamusca-parque-dos-sonhos-de-natal-abre-esta-quarta-feira\/\"\n\t\t\t  \tdata-numposts = \"10\"\n\t\t\t  \tdata-lazy = \"true\"\n\t\t\t\tdata-colorscheme = \"light\"\n\t\t\t\tdata-order-by = \"social\"\n\t\t\t\tdata-mobile=true>\n\t\t\t  <\/div><\/div>\n\t\t  <style>\n\t\t    .fb-background-color {\n\t\t\t\tbackground:  !important;\n\t\t\t}\n\t\t\t.fb_iframe_widget_fluid_desktop iframe {\n\t\t\t    width: 100% !important;\n\t\t\t}\n\t\t  <\/style>\n\t\t  ","protected":false},"excerpt":{"rendered":"<p>O Parque dos Sonhos de Natal abre esta quarta-feira, pelas 18 com um \u201cRecital de Natal\u201d, interpretado pelo Coro Conv\u00edvio do Chamusca Abra\u00e7a CLDS-4G, no Cineteatro da Chamusca. Em palco v\u00e3o estar cerca de 115 pessoas, num encontro intergeracional que re\u00fane um grupo de crian\u00e7as do 3\u00ba e 4\u00ba ano do Centro Escolar da Chamusca [&hellip;]<\/p>\n","protected":false},"author":1,"featured_media":55532,"comment_status":"open","ping_status":"closed","sticky":false,"template":"","format":"standard","meta":{"_acf_changed":false,"footnotes":""},"categories":[1],"tags":[],"class_list":{"0":"post-55527","1":"post","2":"type-post","3":"status-publish","4":"format-standard","5":"has-post-thumbnail","7":"category-sem-categoria"},"acf":[],"_links":{"self":[{"href":"https:\/\/www.entroncamentoonline.pt\/portal\/wp-json\/wp\/v2\/posts\/55527","targetHints":{"allow":["GET"]}}],"collection":[{"href":"https:\/\/www.entroncamentoonline.pt\/portal\/wp-json\/wp\/v2\/posts"}],"about":[{"href":"https:\/\/www.entroncamentoonline.pt\/portal\/wp-json\/wp\/v2\/types\/post"}],"author":[{"embeddable":true,"href":"https:\/\/www.entroncamentoonline.pt\/portal\/wp-json\/wp\/v2\/users\/1"}],"replies":[{"embeddable":true,"href":"https:\/\/www.entroncamentoonline.pt\/portal\/wp-json\/wp\/v2\/comments?post=55527"}],"version-history":[{"count":0,"href":"https:\/\/www.entroncamentoonline.pt\/portal\/wp-json\/wp\/v2\/posts\/55527\/revisions"}],"wp:featuredmedia":[{"embeddable":true,"href":"https:\/\/www.entroncamentoonline.pt\/portal\/wp-json\/wp\/v2\/media\/55532"}],"wp:attachment":[{"href":"https:\/\/www.entroncamentoonline.pt\/portal\/wp-json\/wp\/v2\/media?parent=55527"}],"wp:term":[{"taxonomy":"category","embeddable":true,"href":"https:\/\/www.entroncamentoonline.pt\/portal\/wp-json\/wp\/v2\/categories?post=55527"},{"taxonomy":"post_tag","embeddable":true,"href":"https:\/\/www.entroncamentoonline.pt\/portal\/wp-json\/wp\/v2\/tags?post=55527"}],"curies":[{"name":"wp","href":"https:\/\/api.w.org\/{rel}","templated":true}]}}