{"id":55413,"date":"2022-12-01T17:11:33","date_gmt":"2022-12-01T17:11:33","guid":{"rendered":"https:\/\/www.entroncamentoonline.pt\/portal\/?p=55413"},"modified":"2022-12-13T15:15:12","modified_gmt":"2022-12-13T15:15:12","slug":"tomar-santa-cita-aldeia-natal-de-16-a-18-de-dezembro","status":"publish","type":"post","link":"https:\/\/www.entroncamentoonline.pt\/portal\/tomar-santa-cita-aldeia-natal-de-16-a-18-de-dezembro\/","title":{"rendered":"Tomar | Santa Cita Aldeia Natal | De 16 a 18 de dezembro"},"content":{"rendered":"<p>O evento SANTA CITA \u2013 ALDEIA NATAL de 2021, marcou pela diferen\u00e7a o Natal de toda a regi\u00e3o do M\u00e9dio Tejo. Uma atmosfera m\u00e1gica de genuinidade, harmonia, paix\u00e3o e afetos, que s\u00f3 podem ser criadas por um evento de cariz comunit\u00e1rio.<\/p>\n<p>Os respons\u00e1veis afirmam que \u201cA g\u00e9nese do Santa Cita Aldeia Natal foi, \u00e9 e ser\u00e1: dar, agregar, partilhar, incluir, bem fazer e receber por todos e para todos, ganhar os sorrisos de quem a visita. O extraordin\u00e1rio feedback dos muitos visitantes foi o mote para a reedi\u00e7\u00e3o\u201d.<\/p>\n<p>O programa do Santa Cita Aldeia Natal 2022 agregar\u00e1 a essa g\u00e9nese a inspira\u00e7\u00e3o nas crian\u00e7as, na sua ingenuidade, na sua autenticidade e verdade. A anfitri\u00e3 ursa polar Ur&#8217; Cita ter\u00e1 este ano a companhia da sua fiel amiga Rapo&#8217; Cita e abrir\u00e1 no fim-de-semana de 16 a 18 de dezembro as portas do parque. Tr\u00eas dias que ir\u00e3o juntar algumas novidades ao melhor que aconteceu em 2021: pres\u00e9pio vivo, artes circenses, casa do Pai Natal, divers\u00f5es para crian\u00e7as, mercado Natal, m\u00fasica, luz, cor\u2026<\/p>\n<p><img loading=\"lazy\" decoding=\"async\" class=\"wp-image-55415 alignleft\" src=\"https:\/\/www.entroncamentoonline.pt\/portal\/wp-content\/uploads\/2022\/12\/Cartaz-Geral-2022.jpg\" alt=\"\" width=\"284\" height=\"402\" srcset=\"https:\/\/www.entroncamentoonline.pt\/portal\/wp-content\/uploads\/2022\/12\/Cartaz-Geral-2022.jpg 430w, https:\/\/www.entroncamentoonline.pt\/portal\/wp-content\/uploads\/2022\/12\/Cartaz-Geral-2022-297x420.jpg 297w\" sizes=\"auto, (max-width: 284px) 100vw, 284px\" \/><\/p>\n<p>Esta quinta-feira, ter\u00e1 lugar uma cerim\u00f3nia simples, mas muito significativa, onde para l\u00e1 da divulga\u00e7\u00e3o oficial e detalhada do programa do evento, ao cair da noite o acender das luzes, um momento simb\u00f3lico, enquadrado pelo som de m\u00fasicas de Natal cantadas pelas vozes do coro infantil da Sociedade Filarm\u00f3nica Gualdim Pais e pela presen\u00e7a da tradi\u00e7\u00e3o com mem\u00f3rias vindas dos sabores em coscor\u00f5es e caf\u00e9 quente.<\/p>\n<p>Santa Cita \u2013 Aldeia Natal, \u00e9 um evento singular, que procura a beleza da simplicidade, a humildade do bem receber. As entradas s\u00e3o gratuitas, todos s\u00e3o bem-vindos. As portas de Santa Cita est\u00e3o abertas. Assim acontece um Natal de verdade!<\/p>\n<div class=\"fb-background-color\">\n\t\t\t  <div \n\t\t\t  \tclass = \"fb-comments\" \n\t\t\t  \tdata-href = \"https:\/\/www.entroncamentoonline.pt\/portal\/tomar-santa-cita-aldeia-natal-de-16-a-18-de-dezembro\/\"\n\t\t\t  \tdata-numposts = \"10\"\n\t\t\t  \tdata-lazy = \"true\"\n\t\t\t\tdata-colorscheme = \"light\"\n\t\t\t\tdata-order-by = \"social\"\n\t\t\t\tdata-mobile=true>\n\t\t\t  <\/div><\/div>\n\t\t  <style>\n\t\t    .fb-background-color {\n\t\t\t\tbackground:  !important;\n\t\t\t}\n\t\t\t.fb_iframe_widget_fluid_desktop iframe {\n\t\t\t    width: 100% !important;\n\t\t\t}\n\t\t  <\/style>\n\t\t  ","protected":false},"excerpt":{"rendered":"<p>O evento SANTA CITA \u2013 ALDEIA NATAL de 2021, marcou pela diferen\u00e7a o Natal de toda a regi\u00e3o do M\u00e9dio Tejo. Uma atmosfera m\u00e1gica de genuinidade, harmonia, paix\u00e3o e afetos, que s\u00f3 podem ser criadas por um evento de cariz comunit\u00e1rio. Os respons\u00e1veis afirmam que \u201cA g\u00e9nese do Santa Cita Aldeia Natal foi, \u00e9 e [&hellip;]<\/p>\n","protected":false},"author":1,"featured_media":55414,"comment_status":"open","ping_status":"closed","sticky":false,"template":"","format":"standard","meta":{"_acf_changed":false,"footnotes":""},"categories":[1],"tags":[],"class_list":{"0":"post-55413","1":"post","2":"type-post","3":"status-publish","4":"format-standard","5":"has-post-thumbnail","7":"category-sem-categoria"},"acf":[],"_links":{"self":[{"href":"https:\/\/www.entroncamentoonline.pt\/portal\/wp-json\/wp\/v2\/posts\/55413","targetHints":{"allow":["GET"]}}],"collection":[{"href":"https:\/\/www.entroncamentoonline.pt\/portal\/wp-json\/wp\/v2\/posts"}],"about":[{"href":"https:\/\/www.entroncamentoonline.pt\/portal\/wp-json\/wp\/v2\/types\/post"}],"author":[{"embeddable":true,"href":"https:\/\/www.entroncamentoonline.pt\/portal\/wp-json\/wp\/v2\/users\/1"}],"replies":[{"embeddable":true,"href":"https:\/\/www.entroncamentoonline.pt\/portal\/wp-json\/wp\/v2\/comments?post=55413"}],"version-history":[{"count":0,"href":"https:\/\/www.entroncamentoonline.pt\/portal\/wp-json\/wp\/v2\/posts\/55413\/revisions"}],"wp:featuredmedia":[{"embeddable":true,"href":"https:\/\/www.entroncamentoonline.pt\/portal\/wp-json\/wp\/v2\/media\/55414"}],"wp:attachment":[{"href":"https:\/\/www.entroncamentoonline.pt\/portal\/wp-json\/wp\/v2\/media?parent=55413"}],"wp:term":[{"taxonomy":"category","embeddable":true,"href":"https:\/\/www.entroncamentoonline.pt\/portal\/wp-json\/wp\/v2\/categories?post=55413"},{"taxonomy":"post_tag","embeddable":true,"href":"https:\/\/www.entroncamentoonline.pt\/portal\/wp-json\/wp\/v2\/tags?post=55413"}],"curies":[{"name":"wp","href":"https:\/\/api.w.org\/{rel}","templated":true}]}}