{"id":5500,"date":"2019-04-10T22:31:57","date_gmt":"2019-04-10T21:31:57","guid":{"rendered":"https:\/\/www.entroncamentoonline.pt\/portal\/?p=5500"},"modified":"2019-04-10T22:31:57","modified_gmt":"2019-04-10T21:31:57","slug":"sinergias-do-eco-parque-do-relvao-na-escola-superior-de-gestao-de-tomar","status":"publish","type":"post","link":"https:\/\/www.entroncamentoonline.pt\/portal\/sinergias-do-eco-parque-do-relvao-na-escola-superior-de-gestao-de-tomar\/","title":{"rendered":"Sinergias do Eco Parque do Relv\u00e3o na Escola Superior de Gest\u00e3o de Tomar"},"content":{"rendered":"<p>Numa apresenta\u00e7\u00e3o subordinada ao tema: \u201cEco Parque do Relv\u00e3o na Rota da Sustentabilidade com a Economia Circular\u201d Domingos Saraiva contextualizou este caso de sucesso de simbioses industriais analisando os principais desafios em curso. O Diretor Geral desta Associa\u00e7\u00e3o foi convidado para abrir o 3\u00ba painel, sob o mote \u201cNovos Ecossistemas Empresariais\u201d, numa oportunidade privilegiada para apresentar \u00e0 comunidade universit\u00e1ria as principais iniciativas da AEPR em curso.<\/p>\n<p>Nestes dias da Semana de Gest\u00e3o, o Instituto Polit\u00e9cnico de Tomar tem dado palco a individualidades e entidades procurando assim \u201ccontribuir para a forma\u00e7\u00e3o dos alunos, permitindo um contacto em discurso direto com estas personalidades e terem igualmente a perce\u00e7\u00e3o dos temas importantes com que se deparar\u00e3o no seu ingresso no mercado de trabalho\u201d. Face \u00e0 insustentabilidade do modelo f\u00f3ssil, o atual debate sobre o desempenho dos Eco Parques e sobre o seu papel no futuro assume-se como nevr\u00e1lgico num contexto global que tem impulsionado a ado\u00e7\u00e3o massiva dos princ\u00edpios da Economia Verde: os parques ecol\u00f3gicos industriais surgem como \u201ccomunidades conceptuais\u201d de ind\u00fastrias, neg\u00f3cios e servi\u00e7os de diferentes sectores que cooperam entre si de forma eficiente, permutam recursos e servi\u00e7os.<\/p>\n<p>A Associa\u00e7\u00e3o Eco Parque do Relv\u00e3o continua assim empenhada em marcar presen\u00e7a em eventos sobre Economia Circular e simbioses industriais em cumprimento do \u201cEixo Comunica\u00e7\u00e3o e Reconhecimento\u201d do seu Plano Estrat\u00e9gico 2017-27.<\/p>\n<div class=\"fb-background-color\">\n\t\t\t  <div \n\t\t\t  \tclass = \"fb-comments\" \n\t\t\t  \tdata-href = \"https:\/\/www.entroncamentoonline.pt\/portal\/sinergias-do-eco-parque-do-relvao-na-escola-superior-de-gestao-de-tomar\/\"\n\t\t\t  \tdata-numposts = \"10\"\n\t\t\t  \tdata-lazy = \"true\"\n\t\t\t\tdata-colorscheme = \"light\"\n\t\t\t\tdata-order-by = \"social\"\n\t\t\t\tdata-mobile=true>\n\t\t\t  <\/div><\/div>\n\t\t  <style>\n\t\t    .fb-background-color {\n\t\t\t\tbackground:  !important;\n\t\t\t}\n\t\t\t.fb_iframe_widget_fluid_desktop iframe {\n\t\t\t    width: 100% !important;\n\t\t\t}\n\t\t  <\/style>\n\t\t  ","protected":false},"excerpt":{"rendered":"<p>Numa apresenta\u00e7\u00e3o subordinada ao tema: \u201cEco Parque do Relv\u00e3o na Rota da Sustentabilidade com a Economia Circular\u201d Domingos Saraiva contextualizou este caso de sucesso de simbioses industriais analisando os principais desafios em curso. O Diretor Geral desta Associa\u00e7\u00e3o foi convidado para abrir o 3\u00ba painel, sob o mote \u201cNovos Ecossistemas Empresariais\u201d, numa oportunidade privilegiada para [&hellip;]<\/p>\n","protected":false},"author":1,"featured_media":5501,"comment_status":"open","ping_status":"closed","sticky":false,"template":"","format":"standard","meta":{"_acf_changed":false,"footnotes":""},"categories":[51],"tags":[],"class_list":{"0":"post-5500","1":"post","2":"type-post","3":"status-publish","4":"format-standard","5":"has-post-thumbnail","7":"category-breves"},"acf":[],"_links":{"self":[{"href":"https:\/\/www.entroncamentoonline.pt\/portal\/wp-json\/wp\/v2\/posts\/5500","targetHints":{"allow":["GET"]}}],"collection":[{"href":"https:\/\/www.entroncamentoonline.pt\/portal\/wp-json\/wp\/v2\/posts"}],"about":[{"href":"https:\/\/www.entroncamentoonline.pt\/portal\/wp-json\/wp\/v2\/types\/post"}],"author":[{"embeddable":true,"href":"https:\/\/www.entroncamentoonline.pt\/portal\/wp-json\/wp\/v2\/users\/1"}],"replies":[{"embeddable":true,"href":"https:\/\/www.entroncamentoonline.pt\/portal\/wp-json\/wp\/v2\/comments?post=5500"}],"version-history":[{"count":0,"href":"https:\/\/www.entroncamentoonline.pt\/portal\/wp-json\/wp\/v2\/posts\/5500\/revisions"}],"wp:featuredmedia":[{"embeddable":true,"href":"https:\/\/www.entroncamentoonline.pt\/portal\/wp-json\/wp\/v2\/media\/5501"}],"wp:attachment":[{"href":"https:\/\/www.entroncamentoonline.pt\/portal\/wp-json\/wp\/v2\/media?parent=5500"}],"wp:term":[{"taxonomy":"category","embeddable":true,"href":"https:\/\/www.entroncamentoonline.pt\/portal\/wp-json\/wp\/v2\/categories?post=5500"},{"taxonomy":"post_tag","embeddable":true,"href":"https:\/\/www.entroncamentoonline.pt\/portal\/wp-json\/wp\/v2\/tags?post=5500"}],"curies":[{"name":"wp","href":"https:\/\/api.w.org\/{rel}","templated":true}]}}