{"id":54737,"date":"2022-10-28T08:21:00","date_gmt":"2022-10-28T07:21:00","guid":{"rendered":"https:\/\/www.entroncamentoonline.pt\/portal\/?p=54737"},"modified":"2022-11-25T16:10:47","modified_gmt":"2022-11-25T16:10:47","slug":"54737-2","status":"publish","type":"post","link":"https:\/\/www.entroncamentoonline.pt\/portal\/54737-2\/","title":{"rendered":"Edital das Delibera\u00e7\u00f5es da Sess\u00e3o Extraordin\u00e1ria da Assembleia de Freguesia em 20\/10\/2022"},"content":{"rendered":"<h2><img loading=\"lazy\" decoding=\"async\" class=\"alignnone size-medium wp-image-23180\" src=\"https:\/\/www.entroncamentoonline.pt\/portal\/wp-content\/uploads\/2020\/09\/CabecalhoJFNSF-800x170.jpg\" alt=\"\" width=\"800\" height=\"170\" srcset=\"https:\/\/www.entroncamentoonline.pt\/portal\/wp-content\/uploads\/2020\/09\/CabecalhoJFNSF-800x170.jpg 800w, https:\/\/www.entroncamentoonline.pt\/portal\/wp-content\/uploads\/2020\/09\/CabecalhoJFNSF-768x163.jpg 768w, https:\/\/www.entroncamentoonline.pt\/portal\/wp-content\/uploads\/2020\/09\/CabecalhoJFNSF-696x148.jpg 696w, https:\/\/www.entroncamentoonline.pt\/portal\/wp-content\/uploads\/2020\/09\/CabecalhoJFNSF.jpg 990w\" sizes=\"auto, (max-width: 800px) 100vw, 800px\" \/><\/h2>\n<h2 style=\"text-align: center;\">EDITAL<br \/>\n(DELIBERA\u00c7\u00d5ES)<br \/>\nSESS\u00c3O EXTRAORDIN\u00c1RIA<\/h2>\n<p>AULO JORGE SIM\u00d5ES DE SOUSA, Presidente da Assembleia de Freguesia de Nossa Senhora de F\u00e1tima, TORNA P\u00daBLICO que se realizar\u00e1 no pr\u00f3ximo dia 20 DE OUTUBRO DE 2022, pelas 21:00H, na Sala de Sess\u00f5es da Sede da Junta de Freguesia, uma SESS\u00c3O EXTRAORDIN\u00c1RIA desta Assembleia de Freguesia, convocada a pedido de Ezequiel Estrada Presidente da Junta de Freguesia, ao abrigo da al\u00ednea a) do art\u00ba 12 da Lei 75\/2013 de 12 de setembro, como consequ\u00eancia da ata n\u00ba 6 de 28\/06\/2022 da Assembleia de Freguesia de Nossa Senhora de F\u00e1tima, sujeita a vota\u00e7\u00e3o na Sess\u00e3o do dia 29 de setembro de 2022, ter sido reprovada, e assim a altera\u00e7\u00e3o modificativa aprovada e constante na referida ata, n\u00e3o ter produzido efeito, quando tinha em conta a devida transfer\u00eancia do Or\u00e7amento do Estado no valor de 15. 580,00\u20ac que refor\u00e7aria o or\u00e7amento da Freguesia, na rubrica de Institui\u00e7\u00f5es sem Fins Lucrativos em 8.000,00\u20ac e na A\u00e7\u00e3o Social em 1.200,00\u20ac.<br \/>\nTem a presente sess\u00e3o Extraordin\u00e1ria a seguinte ordem de trabalhos.:<\/p>\n<p>&nbsp;<\/p>\n<p style=\"text-align: center;\"><strong>SESS\u00c3O EXTRAORDIN\u00c1RIA<\/strong><\/p>\n<p>PONTO \u00daNICO: Aprecia\u00e7\u00e3o e Vota\u00e7\u00e3o da 2.\u00aa altera\u00e7\u00e3o modificativa, al\u00ednea a) do n.\u00ba 1 do art.\u00ba 9 da Lei 75 de 2013 de 12 de setembro.<\/p>\n<p>\u2022 Aprovado com o voto de qualidade do Presidente da Assembleia de Freguesia com cinco votos a favor do P.S. &#8211; Partido Socialista; um voto a favor do CDS-PP \u2013 Partido Popular; uma absten\u00e7\u00e3o do B.E. &#8211; Bloco de Esquerda; um voto contra da CDU \u2013 Coliga\u00e7\u00e3o Democr\u00e1tica Unit\u00e1ria; cinco votos contra do P.S.D. &#8211; Partido Social Democrata;<\/p>\n<p style=\"text-align: center;\">Entroncamento, 21 de outubro de 2022<br \/>\nO PRESIDENTE DA ASSEMBLEIA DE FREGUESIA<br \/>\n________________________<br \/>\n(Paulo Jorge Sim\u00f5es de Sousa)<\/p>\n<p><img loading=\"lazy\" decoding=\"async\" class=\"size-full wp-image-49434 aligncenter\" src=\"https:\/\/www.entroncamentoonline.pt\/portal\/wp-content\/uploads\/2022\/04\/RodapeJFNSF.jpg\" alt=\"\" width=\"600\" height=\"49\" \/><\/p>\n<div class=\"fb-background-color\">\n\t\t\t  <div \n\t\t\t  \tclass = \"fb-comments\" \n\t\t\t  \tdata-href = \"https:\/\/www.entroncamentoonline.pt\/portal\/54737-2\/\"\n\t\t\t  \tdata-numposts = \"10\"\n\t\t\t  \tdata-lazy = \"true\"\n\t\t\t\tdata-colorscheme = \"light\"\n\t\t\t\tdata-order-by = \"social\"\n\t\t\t\tdata-mobile=true>\n\t\t\t  <\/div><\/div>\n\t\t  <style>\n\t\t    .fb-background-color {\n\t\t\t\tbackground:  !important;\n\t\t\t}\n\t\t\t.fb_iframe_widget_fluid_desktop iframe {\n\t\t\t    width: 100% !important;\n\t\t\t}\n\t\t  <\/style>\n\t\t  ","protected":false},"excerpt":{"rendered":"<p>EDITAL (DELIBERA\u00c7\u00d5ES) SESS\u00c3O EXTRAORDIN\u00c1RIA AULO JORGE SIM\u00d5ES DE SOUSA, Presidente da Assembleia de Freguesia de Nossa Senhora de F\u00e1tima, TORNA P\u00daBLICO que se realizar\u00e1 no pr\u00f3ximo dia 20 DE OUTUBRO DE 2022, pelas 21:00H, na Sala de Sess\u00f5es da Sede da Junta de Freguesia, uma SESS\u00c3O EXTRAORDIN\u00c1RIA desta Assembleia de Freguesia, convocada a pedido de [&hellip;]<\/p>\n","protected":false},"author":1,"featured_media":0,"comment_status":"open","ping_status":"closed","sticky":false,"template":"","format":"standard","meta":{"_acf_changed":false,"footnotes":""},"categories":[1],"tags":[],"class_list":{"0":"post-54737","1":"post","2":"type-post","3":"status-publish","4":"format-standard","6":"category-sem-categoria"},"acf":[],"_links":{"self":[{"href":"https:\/\/www.entroncamentoonline.pt\/portal\/wp-json\/wp\/v2\/posts\/54737","targetHints":{"allow":["GET"]}}],"collection":[{"href":"https:\/\/www.entroncamentoonline.pt\/portal\/wp-json\/wp\/v2\/posts"}],"about":[{"href":"https:\/\/www.entroncamentoonline.pt\/portal\/wp-json\/wp\/v2\/types\/post"}],"author":[{"embeddable":true,"href":"https:\/\/www.entroncamentoonline.pt\/portal\/wp-json\/wp\/v2\/users\/1"}],"replies":[{"embeddable":true,"href":"https:\/\/www.entroncamentoonline.pt\/portal\/wp-json\/wp\/v2\/comments?post=54737"}],"version-history":[{"count":0,"href":"https:\/\/www.entroncamentoonline.pt\/portal\/wp-json\/wp\/v2\/posts\/54737\/revisions"}],"wp:attachment":[{"href":"https:\/\/www.entroncamentoonline.pt\/portal\/wp-json\/wp\/v2\/media?parent=54737"}],"wp:term":[{"taxonomy":"category","embeddable":true,"href":"https:\/\/www.entroncamentoonline.pt\/portal\/wp-json\/wp\/v2\/categories?post=54737"},{"taxonomy":"post_tag","embeddable":true,"href":"https:\/\/www.entroncamentoonline.pt\/portal\/wp-json\/wp\/v2\/tags?post=54737"}],"curies":[{"name":"wp","href":"https:\/\/api.w.org\/{rel}","templated":true}]}}