{"id":54449,"date":"2022-10-11T19:03:34","date_gmt":"2022-10-11T18:03:34","guid":{"rendered":"https:\/\/www.entroncamentoonline.pt\/portal\/?p=54449"},"modified":"2022-10-27T12:51:27","modified_gmt":"2022-10-27T11:51:27","slug":"sardoal-bombeiros-municipais-comemoram-69-o-aniversario","status":"publish","type":"post","link":"https:\/\/www.entroncamentoonline.pt\/portal\/sardoal-bombeiros-municipais-comemoram-69-o-aniversario\/","title":{"rendered":"Sardoal | Bombeiros Municipais comemoram \u00a069.\u00ba Anivers\u00e1rio"},"content":{"rendered":"<p>Os Bombeiros Municipais de Sardoal, fundados em 1 de outubro de 1953, celebram o seu 69.\u00ba anivers\u00e1rio com uma sess\u00e3o solene a ter lugar no dia 22 de outubro, no Centro Cultural Gil Vicente.<\/p>\n<p>As comemora\u00e7\u00f5es ter\u00e3o in\u00edcio \u00e0s 14h15m com uma romagem ao cemit\u00e9rio numa homenagem aos Bombeiros falecidos, seguindo-se um desfile apeado pelas ruas da Vila.<\/p>\n<p>O Centro Cultural Gil Vicente recebe, pelas 16h00m, a Sess\u00e3o Solene comemorativa do anivers\u00e1rio dos Bombeiros Municipais e a entrega de Condecora\u00e7\u00f5es aos elementos do Corpo de Bombeiros.<\/p>\n<p>A iniciativa \u00e9 aberta a toda a popula\u00e7\u00e3o.<\/p>\n<p>&nbsp;<\/p>\n<div class=\"fb-background-color\">\n\t\t\t  <div \n\t\t\t  \tclass = \"fb-comments\" \n\t\t\t  \tdata-href = \"https:\/\/www.entroncamentoonline.pt\/portal\/sardoal-bombeiros-municipais-comemoram-69-o-aniversario\/\"\n\t\t\t  \tdata-numposts = \"10\"\n\t\t\t  \tdata-lazy = \"true\"\n\t\t\t\tdata-colorscheme = \"light\"\n\t\t\t\tdata-order-by = \"social\"\n\t\t\t\tdata-mobile=true>\n\t\t\t  <\/div><\/div>\n\t\t  <style>\n\t\t    .fb-background-color {\n\t\t\t\tbackground:  !important;\n\t\t\t}\n\t\t\t.fb_iframe_widget_fluid_desktop iframe {\n\t\t\t    width: 100% !important;\n\t\t\t}\n\t\t  <\/style>\n\t\t  ","protected":false},"excerpt":{"rendered":"<p>Os Bombeiros Municipais de Sardoal, fundados em 1 de outubro de 1953, celebram o seu 69.\u00ba anivers\u00e1rio com uma sess\u00e3o solene a ter lugar no dia 22 de outubro, no Centro Cultural Gil Vicente. As comemora\u00e7\u00f5es ter\u00e3o in\u00edcio \u00e0s 14h15m com uma romagem ao cemit\u00e9rio numa homenagem aos Bombeiros falecidos, seguindo-se um desfile apeado pelas [&hellip;]<\/p>\n","protected":false},"author":1,"featured_media":54450,"comment_status":"open","ping_status":"closed","sticky":false,"template":"","format":"standard","meta":{"_acf_changed":false,"footnotes":""},"categories":[1],"tags":[],"class_list":{"0":"post-54449","1":"post","2":"type-post","3":"status-publish","4":"format-standard","5":"has-post-thumbnail","7":"category-sem-categoria"},"acf":[],"_links":{"self":[{"href":"https:\/\/www.entroncamentoonline.pt\/portal\/wp-json\/wp\/v2\/posts\/54449","targetHints":{"allow":["GET"]}}],"collection":[{"href":"https:\/\/www.entroncamentoonline.pt\/portal\/wp-json\/wp\/v2\/posts"}],"about":[{"href":"https:\/\/www.entroncamentoonline.pt\/portal\/wp-json\/wp\/v2\/types\/post"}],"author":[{"embeddable":true,"href":"https:\/\/www.entroncamentoonline.pt\/portal\/wp-json\/wp\/v2\/users\/1"}],"replies":[{"embeddable":true,"href":"https:\/\/www.entroncamentoonline.pt\/portal\/wp-json\/wp\/v2\/comments?post=54449"}],"version-history":[{"count":0,"href":"https:\/\/www.entroncamentoonline.pt\/portal\/wp-json\/wp\/v2\/posts\/54449\/revisions"}],"wp:featuredmedia":[{"embeddable":true,"href":"https:\/\/www.entroncamentoonline.pt\/portal\/wp-json\/wp\/v2\/media\/54450"}],"wp:attachment":[{"href":"https:\/\/www.entroncamentoonline.pt\/portal\/wp-json\/wp\/v2\/media?parent=54449"}],"wp:term":[{"taxonomy":"category","embeddable":true,"href":"https:\/\/www.entroncamentoonline.pt\/portal\/wp-json\/wp\/v2\/categories?post=54449"},{"taxonomy":"post_tag","embeddable":true,"href":"https:\/\/www.entroncamentoonline.pt\/portal\/wp-json\/wp\/v2\/tags?post=54449"}],"curies":[{"name":"wp","href":"https:\/\/api.w.org\/{rel}","templated":true}]}}