{"id":5410,"date":"2019-04-09T10:04:29","date_gmt":"2019-04-09T09:04:29","guid":{"rendered":"https:\/\/www.entroncamentoonline.pt\/portal\/?p=5410"},"modified":"2019-04-09T10:04:29","modified_gmt":"2019-04-09T09:04:29","slug":"acoes-de-formacao-financiada-arrancam-em-maio","status":"publish","type":"post","link":"https:\/\/www.entroncamentoonline.pt\/portal\/acoes-de-formacao-financiada-arrancam-em-maio\/","title":{"rendered":"A\u00e7\u00f5es de forma\u00e7\u00e3o financiada arrancam em maio"},"content":{"rendered":"<p><span style=\"font-size: 14.0pt;\"><strong><span style=\"font-family: 'Calibri',sans-serif;\">Marketing Digital, Lideran\u00e7a e Motiva\u00e7\u00e3o de Equipas e Auditorias ao Sistema de Gest\u00e3o da Qualidade com inscri\u00e7\u00f5es abertas para Abrantes<\/span><\/strong><\/span><\/p>\n<p><span style=\"color: #666666;\">A NERSANT &#8211; Associa\u00e7\u00e3o Empresarial da Regi\u00e3o de Santar\u00e9m vai realizar no seu n\u00facleo de Abrantes, localizado no Tecnopolo do Vale do Tejo, em Alferrarede, em maio, tr\u00eas a\u00e7\u00f5es de forma\u00e7\u00e3o financiadas. Marketing Digital, Lideran\u00e7a e Motiva\u00e7\u00e3o de Equipas e Auditorias ao Sistema de Gest\u00e3o da Qualidade s\u00e3o os cursos previstos, que contam j\u00e1 com inscri\u00e7\u00f5es abertas.<\/span><\/p>\n<p>A a\u00e7\u00e3o de forma\u00e7\u00e3o em Lideran\u00e7a e Motiva\u00e7\u00e3o de Equipas arranca dia 20 de maio, o curso de Marketing Digital come\u00e7a dia 21 e a forma\u00e7\u00e3o em Auditorias ao Sistema de Gest\u00e3o da Qualidade dever\u00e1 iniciar a 28 de maio.<\/p>\n<p>Qualquer das a\u00e7\u00f5es de forma\u00e7\u00e3o decorrem em hor\u00e1rio p\u00f3s-laboral, tendo como destinat\u00e1rios ativos empregados ou desempregados. Os cursos realizam-se no \u00e2mbito da Forma\u00e7\u00e3o Modular Certificada da NERSANT, pelo que s\u00e3o totalmente financiados pelo Fundo Social Europeu e Estado portugu\u00eas. Para al\u00e9m de n\u00e3o terem qualquer custo para os participantes, a forma\u00e7\u00e3o confere ainda a direito a subs\u00eddio de alimenta\u00e7\u00e3o no valor de 4,77 euros por dia, nos dias em que o per\u00edodo de forma\u00e7\u00e3o frequentada seja igual ou superior a tr\u00eas horas e o mesmo decorra fora do hor\u00e1rio de trabalho.<\/p>\n<p>O per\u00edodo de inscri\u00e7\u00f5es ainda se encontra a decorrer, devendo os interessados manifestar interesse junto do portal da NERSANT, em <a href=\"http:\/\/www.nersant.pt\">www.nersant.pt<\/a>. Para mais informa\u00e7\u00f5es, os interessados podem contactar o Departamento de Forma\u00e7\u00e3o e Qualifica\u00e7\u00e3o da associa\u00e7\u00e3o empresarial, atrav\u00e9s dos contactos <a href=\"mailto:dfq@nersant.pt\">dfq@nersant.pt<\/a> ou 249 839\u00a0500.<\/p>\n<div class=\"fb-background-color\">\n\t\t\t  <div \n\t\t\t  \tclass = \"fb-comments\" \n\t\t\t  \tdata-href = \"https:\/\/www.entroncamentoonline.pt\/portal\/acoes-de-formacao-financiada-arrancam-em-maio\/\"\n\t\t\t  \tdata-numposts = \"10\"\n\t\t\t  \tdata-lazy = \"true\"\n\t\t\t\tdata-colorscheme = \"light\"\n\t\t\t\tdata-order-by = \"social\"\n\t\t\t\tdata-mobile=true>\n\t\t\t  <\/div><\/div>\n\t\t  <style>\n\t\t    .fb-background-color {\n\t\t\t\tbackground:  !important;\n\t\t\t}\n\t\t\t.fb_iframe_widget_fluid_desktop iframe {\n\t\t\t    width: 100% !important;\n\t\t\t}\n\t\t  <\/style>\n\t\t  ","protected":false},"excerpt":{"rendered":"<p>Marketing Digital, Lideran\u00e7a e Motiva\u00e7\u00e3o de Equipas e Auditorias ao Sistema de Gest\u00e3o da Qualidade com inscri\u00e7\u00f5es abertas para Abrantes A NERSANT &#8211; Associa\u00e7\u00e3o Empresarial da Regi\u00e3o de Santar\u00e9m vai realizar no seu n\u00facleo de Abrantes, localizado no Tecnopolo do Vale do Tejo, em Alferrarede, em maio, tr\u00eas a\u00e7\u00f5es de forma\u00e7\u00e3o financiadas. Marketing Digital, Lideran\u00e7a [&hellip;]<\/p>\n","protected":false},"author":1,"featured_media":0,"comment_status":"open","ping_status":"closed","sticky":false,"template":"","format":"standard","meta":{"_acf_changed":false,"footnotes":""},"categories":[51],"tags":[],"class_list":{"0":"post-5410","1":"post","2":"type-post","3":"status-publish","4":"format-standard","6":"category-breves"},"acf":[],"_links":{"self":[{"href":"https:\/\/www.entroncamentoonline.pt\/portal\/wp-json\/wp\/v2\/posts\/5410","targetHints":{"allow":["GET"]}}],"collection":[{"href":"https:\/\/www.entroncamentoonline.pt\/portal\/wp-json\/wp\/v2\/posts"}],"about":[{"href":"https:\/\/www.entroncamentoonline.pt\/portal\/wp-json\/wp\/v2\/types\/post"}],"author":[{"embeddable":true,"href":"https:\/\/www.entroncamentoonline.pt\/portal\/wp-json\/wp\/v2\/users\/1"}],"replies":[{"embeddable":true,"href":"https:\/\/www.entroncamentoonline.pt\/portal\/wp-json\/wp\/v2\/comments?post=5410"}],"version-history":[{"count":0,"href":"https:\/\/www.entroncamentoonline.pt\/portal\/wp-json\/wp\/v2\/posts\/5410\/revisions"}],"wp:attachment":[{"href":"https:\/\/www.entroncamentoonline.pt\/portal\/wp-json\/wp\/v2\/media?parent=5410"}],"wp:term":[{"taxonomy":"category","embeddable":true,"href":"https:\/\/www.entroncamentoonline.pt\/portal\/wp-json\/wp\/v2\/categories?post=5410"},{"taxonomy":"post_tag","embeddable":true,"href":"https:\/\/www.entroncamentoonline.pt\/portal\/wp-json\/wp\/v2\/tags?post=5410"}],"curies":[{"name":"wp","href":"https:\/\/api.w.org\/{rel}","templated":true}]}}