{"id":54012,"date":"2022-09-20T11:01:14","date_gmt":"2022-09-20T10:01:14","guid":{"rendered":"https:\/\/www.entroncamentoonline.pt\/portal\/?p=54012"},"modified":"2022-10-09T12:54:11","modified_gmt":"2022-10-09T11:54:11","slug":"entroncamento-exposicao-coletiva-de-pintura-de-sidney-cerqueira-e-mimba-art-gallery-convergencias","status":"publish","type":"post","link":"https:\/\/www.entroncamentoonline.pt\/portal\/entroncamento-exposicao-coletiva-de-pintura-de-sidney-cerqueira-e-mimba-art-gallery-convergencias\/","title":{"rendered":"Entroncamento | Exposi\u00e7\u00e3o Coletiva de Pintura de Sidney Cerqueira e Nimba Art Gallery \u201cConverg\u00eancias\u201d"},"content":{"rendered":"<p>A Galeria Municipal recebe, entre os dias 24 de setembro e 6 de outubro, a Exposi\u00e7\u00e3o Coletiva de Pintura de Sidney Cerqueira e Nimba Art Gallery \u201cConverg\u00eancias\u201d.<\/p>\n<p>Esta exposi\u00e7\u00e3o coletiva congrega um conjunto de artistas pl\u00e1sticos afro-lus\u00f3fona e latino americano, representados pela cole\u00e7\u00e3o Nimba Art Gallery e obras do artista pl\u00e1stico guineense Sidney Cerqueira. Ser\u00e1 alusivo ao m\u00eas de setembro, com o duplo objetivo: representa a celebra\u00e7\u00e3o da independ\u00eancia da Guin\u00e9-Bissau e Cabo-Verde; e a data comemorativa do lan\u00e7amento do Di\u00e1logo entre os Povos Africanos e Latino-Americanos.<\/p>\n<p>\u00c9 importante estimular a coopera\u00e7\u00e3o e a solidariedade entre as sociedades civis destes continentes e Portugal, centrado no desafio de construir uma proposta estrat\u00e9gica de integra\u00e7\u00e3o regional entre os pa\u00edses, baseada no di\u00e1logo entre os povos, sendo aqui a arte uma ponte que representa este esp\u00edrito e converg\u00eancia das na\u00e7\u00f5es que cada artista aqui representa. O palco de exposi\u00e7\u00e3o \u00e9 a Cidade do Entroncamento, um concelho que resulta do seu pr\u00f3prio nome e que \u00e9 uma \u201cCONVERG\u00caNCIA\u201d de v\u00e1rias culturas, identidades, cidades e na\u00e7\u00f5es, que pela sua fant\u00e1stica inser\u00e7\u00e3o geoestrat\u00e9gica faz liga\u00e7\u00f5es entre v\u00e1rios povos e lugares.<\/p>\n<p>A inaugura\u00e7\u00e3o da Exposi\u00e7\u00e3o \u201cConverg\u00eancias\u201d est\u00e1 marcada para o pr\u00f3ximo dia 24 de setembro, s\u00e1bado, pelas 17h00 e estar\u00e1 patente ao p\u00fablico, na Galeria Municipal, at\u00e9 ao dia 6 de outubro, de ter\u00e7a-feira a domingo, entre as 15h00 e as 19h00.<\/p>\n<div class=\"fb-background-color\">\n\t\t\t  <div \n\t\t\t  \tclass = \"fb-comments\" \n\t\t\t  \tdata-href = \"https:\/\/www.entroncamentoonline.pt\/portal\/entroncamento-exposicao-coletiva-de-pintura-de-sidney-cerqueira-e-mimba-art-gallery-convergencias\/\"\n\t\t\t  \tdata-numposts = \"10\"\n\t\t\t  \tdata-lazy = \"true\"\n\t\t\t\tdata-colorscheme = \"light\"\n\t\t\t\tdata-order-by = \"social\"\n\t\t\t\tdata-mobile=true>\n\t\t\t  <\/div><\/div>\n\t\t  <style>\n\t\t    .fb-background-color {\n\t\t\t\tbackground:  !important;\n\t\t\t}\n\t\t\t.fb_iframe_widget_fluid_desktop iframe {\n\t\t\t    width: 100% !important;\n\t\t\t}\n\t\t  <\/style>\n\t\t  ","protected":false},"excerpt":{"rendered":"<p>A Galeria Municipal recebe, entre os dias 24 de setembro e 6 de outubro, a Exposi\u00e7\u00e3o Coletiva de Pintura de Sidney Cerqueira e Nimba Art Gallery \u201cConverg\u00eancias\u201d. Esta exposi\u00e7\u00e3o coletiva congrega um conjunto de artistas pl\u00e1sticos afro-lus\u00f3fona e latino americano, representados pela cole\u00e7\u00e3o Nimba Art Gallery e obras do artista pl\u00e1stico guineense Sidney Cerqueira. Ser\u00e1 [&hellip;]<\/p>\n","protected":false},"author":1,"featured_media":54013,"comment_status":"open","ping_status":"closed","sticky":false,"template":"","format":"standard","meta":{"_acf_changed":false,"footnotes":""},"categories":[1],"tags":[],"class_list":{"0":"post-54012","1":"post","2":"type-post","3":"status-publish","4":"format-standard","5":"has-post-thumbnail","7":"category-sem-categoria"},"acf":[],"_links":{"self":[{"href":"https:\/\/www.entroncamentoonline.pt\/portal\/wp-json\/wp\/v2\/posts\/54012","targetHints":{"allow":["GET"]}}],"collection":[{"href":"https:\/\/www.entroncamentoonline.pt\/portal\/wp-json\/wp\/v2\/posts"}],"about":[{"href":"https:\/\/www.entroncamentoonline.pt\/portal\/wp-json\/wp\/v2\/types\/post"}],"author":[{"embeddable":true,"href":"https:\/\/www.entroncamentoonline.pt\/portal\/wp-json\/wp\/v2\/users\/1"}],"replies":[{"embeddable":true,"href":"https:\/\/www.entroncamentoonline.pt\/portal\/wp-json\/wp\/v2\/comments?post=54012"}],"version-history":[{"count":0,"href":"https:\/\/www.entroncamentoonline.pt\/portal\/wp-json\/wp\/v2\/posts\/54012\/revisions"}],"wp:featuredmedia":[{"embeddable":true,"href":"https:\/\/www.entroncamentoonline.pt\/portal\/wp-json\/wp\/v2\/media\/54013"}],"wp:attachment":[{"href":"https:\/\/www.entroncamentoonline.pt\/portal\/wp-json\/wp\/v2\/media?parent=54012"}],"wp:term":[{"taxonomy":"category","embeddable":true,"href":"https:\/\/www.entroncamentoonline.pt\/portal\/wp-json\/wp\/v2\/categories?post=54012"},{"taxonomy":"post_tag","embeddable":true,"href":"https:\/\/www.entroncamentoonline.pt\/portal\/wp-json\/wp\/v2\/tags?post=54012"}],"curies":[{"name":"wp","href":"https:\/\/api.w.org\/{rel}","templated":true}]}}