{"id":53728,"date":"2022-09-07T07:36:16","date_gmt":"2022-09-07T06:36:16","guid":{"rendered":"https:\/\/www.entroncamentoonline.pt\/portal\/?p=53728"},"modified":"2022-09-07T17:27:19","modified_gmt":"2022-09-07T16:27:19","slug":"peugeot-308-hybrid-225cv-revolucao-francesa","status":"publish","type":"post","link":"https:\/\/www.entroncamentoonline.pt\/portal\/peugeot-308-hybrid-225cv-revolucao-francesa\/","title":{"rendered":"Peugeot 308 Hybrid 225cv &#8211; Revolu\u00e7\u00e3o Francesa"},"content":{"rendered":"<figure id=\"attachment_2142\" aria-describedby=\"caption-attachment-2142\" style=\"width: 272px\" class=\"wp-caption alignnone\"><img loading=\"lazy\" decoding=\"async\" class=\" wp-image-2142\" src=\"https:\/\/www.entroncamentoonline.pt\/portal\/wp-content\/uploads\/2019\/01\/Jo\u00e3oMarques1.jpg\" alt=\"\" width=\"272\" height=\"184\" \/><figcaption id=\"caption-attachment-2142\" class=\"wp-caption-text\">Jo\u00e3o Marques joaomarques@entroncamentoonline.pt<\/figcaption><\/figure>\n<p>O novo 308 n\u00e3o s\u00f3 veio revolucionar o modelo, como tamb\u00e9m o pr\u00f3prio segmento C.<br \/>\nQuer o design interior quer exterior apresenta-se bastante diferente do modelo anteiror e \u00e9 tamb\u00e9m futurista, especialmente se considerarmos os seus concorrentes.<\/p>\n<p>No design exterior, o 308 vai de encontro \u00e0 linguagem de design da Peugeot mas ao mesmo tempo tem o seu pr\u00f3prio estilo.<\/p>\n<p>Na dianteira temos a inscri\u00e7\u00e3o do modelo no capot como nos cl\u00e1ssicos da Peugeot, e que come\u00e7ou a ser aplicado no novo 508 e depois no 208, assim como os leds de circula\u00e7\u00e3o diurna a que Peugeot apelida de \u201cdentes de le\u00e3o\u201d. As \u00f3ticas s\u00e3o semelhantes \u00e0s do 508, ou seja, muito finas. Tratando-se de um h\u00edbrido, a frente \u00e9 bastante fechada, o para-choques n\u00e3o tem muitas aberturas nem a grelha. Na grelha j\u00e1 contamos com o novo logo da Peugeot, que tem um estilo neo-cl\u00e1ssico. A silhueta \u00e9 que identificamos de imediato como um 308 por causa das portas, que mant\u00eam o mesmo formato que no modelo anterior. De resto tudo \u00e9 diferente, as curvas nas portas, a forma como o tejadilho acaba. Temos tamb\u00e9m, e que n\u00e3o existia no modelo anterior, o novo logo da Peugeot perto das portas dianteiras, no entanto acho que esse logo poderia ser mais pequeno. Como se trata da vers\u00e3o GT, temos ainda umas jantes de 18 polegas com um design bastante \u201cnormal\u201d visto tratar-se de um h\u00edbrido, dado que estes carros t\u00eam sempre umas jantes mais fechadas. Na traseira temos tamb\u00e9m umas \u00f3ticas finas e muito semelhantes \u00e0s do 508 e 2008, indo mais uma vez ao encontro da nova linguagem de design da marca. Como se trata da vers\u00e3o GT temos um para-choques mais agressivo com duas ponteiras de escape falsas.<br \/>\nO design interior tamb\u00e9m est\u00e1 muito futurista e muito diferente do modelo anterior.<\/p>\n\r\n                <style type=\"text\/css\">\r\n                    \r\n                    #tdi_1  .td-doubleSlider-2 .td-item1 {\r\n                        background: url(https:\/\/www.entroncamentoonline.pt\/portal\/wp-content\/uploads\/2022\/09\/IMG_20220216_153503-80x60.jpg) 0 0 no-repeat;\r\n                    }\r\n                    #tdi_1  .td-doubleSlider-2 .td-item2 {\r\n                        background: url(https:\/\/www.entroncamentoonline.pt\/portal\/wp-content\/uploads\/2022\/09\/IMG_20220216_124820-80x60.jpg) 0 0 no-repeat;\r\n                    }\r\n                    #tdi_1  .td-doubleSlider-2 .td-item3 {\r\n                        background: url(https:\/\/www.entroncamentoonline.pt\/portal\/wp-content\/uploads\/2022\/09\/IMG_20220216_124810-80x60.jpg) 0 0 no-repeat;\r\n                    }\r\n                    #tdi_1  .td-doubleSlider-2 .td-item4 {\r\n                        background: url(https:\/\/www.entroncamentoonline.pt\/portal\/wp-content\/uploads\/2022\/09\/IMG_20220216_124802-80x60.jpg) 0 0 no-repeat;\r\n                    }\r\n                    #tdi_1  .td-doubleSlider-2 .td-item5 {\r\n                        background: url(https:\/\/www.entroncamentoonline.pt\/portal\/wp-content\/uploads\/2022\/09\/IMG_20220216_124746-80x60.jpg) 0 0 no-repeat;\r\n                    }\r\n                    #tdi_1  .td-doubleSlider-2 .td-item6 {\r\n                        background: url(https:\/\/www.entroncamentoonline.pt\/portal\/wp-content\/uploads\/2022\/09\/IMG_20220216_124710-80x60.jpg) 0 0 no-repeat;\r\n                    }\r\n                    #tdi_1  .td-doubleSlider-2 .td-item7 {\r\n                        background: url(https:\/\/www.entroncamentoonline.pt\/portal\/wp-content\/uploads\/2022\/09\/IMG_20220216_124633-80x60.jpg) 0 0 no-repeat;\r\n                    }\r\n                    #tdi_1  .td-doubleSlider-2 .td-item8 {\r\n                        background: url(https:\/\/www.entroncamentoonline.pt\/portal\/wp-content\/uploads\/2022\/09\/IMG_20220216_153518-80x60.jpg) 0 0 no-repeat;\r\n                    }\r\n                    #tdi_1  .td-doubleSlider-2 .td-item9 {\r\n                        background: url(https:\/\/www.entroncamentoonline.pt\/portal\/wp-content\/uploads\/2022\/09\/IMG_20220216_115254-80x60.jpg) 0 0 no-repeat;\r\n                    }\r\n                    #tdi_1  .td-doubleSlider-2 .td-item10 {\r\n                        background: url(https:\/\/www.entroncamentoonline.pt\/portal\/wp-content\/uploads\/2022\/09\/IMG_20220216_153624-80x60.jpg) 0 0 no-repeat;\r\n                    }\r\n                <\/style>\r\n\r\n                <div id=\"tdi_1\" class=\"td-gallery td-slide-on-2-columns\">\r\n                    <div class=\"post_td_gallery\">\r\n                        <div class=\"td-gallery-slide-top\">\r\n                           <div class=\"td-gallery-title\"><\/div>\r\n\r\n                            <div class=\"td-gallery-controls-wrapper\">\r\n                                <div class=\"td-gallery-slide-count\"><span class=\"td-gallery-slide-item-focus\">1<\/span> de 10<\/div>\r\n                                <div class=\"td-gallery-slide-prev-next-but\">\r\n                                    <i class = \"td-icon-left doubleSliderPrevButton\"><\/i>\r\n                                    <i class = \"td-icon-right doubleSliderNextButton\"><\/i>\r\n                                <\/div>\r\n                            <\/div>\r\n                        <\/div>\r\n\r\n                        <div class = \"td-doubleSlider-1 \">\r\n                            <div class = \"td-slider\">\r\n                                \r\n                    <div class = \"td-slide-item td-item1\">\r\n                        <figure class=\"td-slide-galery-figure td-slide-popup-gallery\">\r\n                            <a class=\"slide-gallery-image-link\" href=\"https:\/\/www.entroncamentoonline.pt\/portal\/wp-content\/uploads\/2022\/09\/IMG_20220216_153503.jpg\" title=\"IMG_20220216_153503\"  data-caption=\"Foto Jo\u00e3o Marques\"  data-description=\"\">\r\n                                <img decoding=\"async\" src=\"https:\/\/www.entroncamentoonline.pt\/portal\/wp-content\/uploads\/2022\/09\/IMG_20220216_153503-560x420.jpg\" srcset=\"https:\/\/www.entroncamentoonline.pt\/portal\/wp-content\/uploads\/2022\/09\/IMG_20220216_153503-560x420.jpg 560w, https:\/\/www.entroncamentoonline.pt\/portal\/wp-content\/uploads\/2022\/09\/IMG_20220216_153503-80x60.jpg 80w, https:\/\/www.entroncamentoonline.pt\/portal\/wp-content\/uploads\/2022\/09\/IMG_20220216_153503-265x198.jpg 265w, https:\/\/www.entroncamentoonline.pt\/portal\/wp-content\/uploads\/2022\/09\/IMG_20220216_153503.jpg 591w\" sizes=\"(max-width: 560px) 100vw, 560px\" alt=\"\">\r\n                            <\/a>\r\n                            <figcaption class = \"td-slide-caption td-gallery-slide-content\"><div class = \"td-gallery-slide-copywrite\">Foto Jo\u00e3o Marques<\/div><\/figcaption>\r\n                        <\/figure>\r\n                    <\/div>\r\n                    <div class = \"td-slide-item td-item2\">\r\n                        <figure class=\"td-slide-galery-figure td-slide-popup-gallery\">\r\n                            <a class=\"slide-gallery-image-link\" href=\"https:\/\/www.entroncamentoonline.pt\/portal\/wp-content\/uploads\/2022\/09\/IMG_20220216_124820.jpg\" title=\"IMG_20220216_124820\"  data-caption=\"Foto Jo\u00e3o Marques\"  data-description=\"\">\r\n                                <img decoding=\"async\" src=\"https:\/\/www.entroncamentoonline.pt\/portal\/wp-content\/uploads\/2022\/09\/IMG_20220216_124820-560x420.jpg\" srcset=\"https:\/\/www.entroncamentoonline.pt\/portal\/wp-content\/uploads\/2022\/09\/IMG_20220216_124820-560x420.jpg 560w, https:\/\/www.entroncamentoonline.pt\/portal\/wp-content\/uploads\/2022\/09\/IMG_20220216_124820-80x60.jpg 80w, https:\/\/www.entroncamentoonline.pt\/portal\/wp-content\/uploads\/2022\/09\/IMG_20220216_124820-265x198.jpg 265w, https:\/\/www.entroncamentoonline.pt\/portal\/wp-content\/uploads\/2022\/09\/IMG_20220216_124820.jpg 591w\" sizes=\"(max-width: 560px) 100vw, 560px\" alt=\"\">\r\n                            <\/a>\r\n                            <figcaption class = \"td-slide-caption td-gallery-slide-content\"><div class = \"td-gallery-slide-copywrite\">Foto Jo\u00e3o Marques<\/div><\/figcaption>\r\n                        <\/figure>\r\n                    <\/div>\r\n                    <div class = \"td-slide-item td-item3\">\r\n                        <figure class=\"td-slide-galery-figure td-slide-popup-gallery\">\r\n                            <a class=\"slide-gallery-image-link\" href=\"https:\/\/www.entroncamentoonline.pt\/portal\/wp-content\/uploads\/2022\/09\/IMG_20220216_124810.jpg\" title=\"IMG_20220216_124810\"  data-caption=\"Foto Jo\u00e3o Marques\"  data-description=\"\">\r\n                                <img decoding=\"async\" src=\"https:\/\/www.entroncamentoonline.pt\/portal\/wp-content\/uploads\/2022\/09\/IMG_20220216_124810-560x420.jpg\" srcset=\"https:\/\/www.entroncamentoonline.pt\/portal\/wp-content\/uploads\/2022\/09\/IMG_20220216_124810-560x420.jpg 560w, https:\/\/www.entroncamentoonline.pt\/portal\/wp-content\/uploads\/2022\/09\/IMG_20220216_124810-80x60.jpg 80w, https:\/\/www.entroncamentoonline.pt\/portal\/wp-content\/uploads\/2022\/09\/IMG_20220216_124810-265x198.jpg 265w, https:\/\/www.entroncamentoonline.pt\/portal\/wp-content\/uploads\/2022\/09\/IMG_20220216_124810.jpg 591w\" sizes=\"(max-width: 560px) 100vw, 560px\" alt=\"\">\r\n                            <\/a>\r\n                            <figcaption class = \"td-slide-caption td-gallery-slide-content\"><div class = \"td-gallery-slide-copywrite\">Foto Jo\u00e3o Marques<\/div><\/figcaption>\r\n                        <\/figure>\r\n                    <\/div>\r\n                    <div class = \"td-slide-item td-item4\">\r\n                        <figure class=\"td-slide-galery-figure td-slide-popup-gallery\">\r\n                            <a class=\"slide-gallery-image-link\" href=\"https:\/\/www.entroncamentoonline.pt\/portal\/wp-content\/uploads\/2022\/09\/IMG_20220216_124802.jpg\" title=\"IMG_20220216_124802\"  data-caption=\"Foto Jo\u00e3o Marques\"  data-description=\"\">\r\n                                <img decoding=\"async\" src=\"https:\/\/www.entroncamentoonline.pt\/portal\/wp-content\/uploads\/2022\/09\/IMG_20220216_124802-560x420.jpg\" srcset=\"https:\/\/www.entroncamentoonline.pt\/portal\/wp-content\/uploads\/2022\/09\/IMG_20220216_124802-560x420.jpg 560w, https:\/\/www.entroncamentoonline.pt\/portal\/wp-content\/uploads\/2022\/09\/IMG_20220216_124802-80x60.jpg 80w, https:\/\/www.entroncamentoonline.pt\/portal\/wp-content\/uploads\/2022\/09\/IMG_20220216_124802-265x198.jpg 265w, https:\/\/www.entroncamentoonline.pt\/portal\/wp-content\/uploads\/2022\/09\/IMG_20220216_124802.jpg 591w\" sizes=\"(max-width: 560px) 100vw, 560px\" alt=\"\">\r\n                            <\/a>\r\n                            <figcaption class = \"td-slide-caption td-gallery-slide-content\"><div class = \"td-gallery-slide-copywrite\">Foto Jo\u00e3o Marques<\/div><\/figcaption>\r\n                        <\/figure>\r\n                    <\/div>\r\n                    <div class = \"td-slide-item td-item5\">\r\n                        <figure class=\"td-slide-galery-figure td-slide-popup-gallery\">\r\n                            <a class=\"slide-gallery-image-link\" href=\"https:\/\/www.entroncamentoonline.pt\/portal\/wp-content\/uploads\/2022\/09\/IMG_20220216_124746.jpg\" title=\"IMG_20220216_124746\"  data-caption=\"Foto Jo\u00e3o Marques\"  data-description=\"\">\r\n                                <img decoding=\"async\" src=\"https:\/\/www.entroncamentoonline.pt\/portal\/wp-content\/uploads\/2022\/09\/IMG_20220216_124746-560x420.jpg\" srcset=\"https:\/\/www.entroncamentoonline.pt\/portal\/wp-content\/uploads\/2022\/09\/IMG_20220216_124746-560x420.jpg 560w, https:\/\/www.entroncamentoonline.pt\/portal\/wp-content\/uploads\/2022\/09\/IMG_20220216_124746-80x60.jpg 80w, https:\/\/www.entroncamentoonline.pt\/portal\/wp-content\/uploads\/2022\/09\/IMG_20220216_124746-265x198.jpg 265w, https:\/\/www.entroncamentoonline.pt\/portal\/wp-content\/uploads\/2022\/09\/IMG_20220216_124746.jpg 591w\" sizes=\"(max-width: 560px) 100vw, 560px\" alt=\"\">\r\n                            <\/a>\r\n                            <figcaption class = \"td-slide-caption td-gallery-slide-content\"><div class = \"td-gallery-slide-copywrite\">Foto Jo\u00e3o Marques<\/div><\/figcaption>\r\n                        <\/figure>\r\n                    <\/div>\r\n                    <div class = \"td-slide-item td-item6\">\r\n                        <figure class=\"td-slide-galery-figure td-slide-popup-gallery\">\r\n                            <a class=\"slide-gallery-image-link\" href=\"https:\/\/www.entroncamentoonline.pt\/portal\/wp-content\/uploads\/2022\/09\/IMG_20220216_124710.jpg\" title=\"IMG_20220216_124710\"  data-caption=\"Foto Jo\u00e3o Marques\"  data-description=\"\">\r\n                                <img decoding=\"async\" src=\"https:\/\/www.entroncamentoonline.pt\/portal\/wp-content\/uploads\/2022\/09\/IMG_20220216_124710-560x420.jpg\" srcset=\"https:\/\/www.entroncamentoonline.pt\/portal\/wp-content\/uploads\/2022\/09\/IMG_20220216_124710-560x420.jpg 560w, https:\/\/www.entroncamentoonline.pt\/portal\/wp-content\/uploads\/2022\/09\/IMG_20220216_124710-80x60.jpg 80w, https:\/\/www.entroncamentoonline.pt\/portal\/wp-content\/uploads\/2022\/09\/IMG_20220216_124710-265x198.jpg 265w, https:\/\/www.entroncamentoonline.pt\/portal\/wp-content\/uploads\/2022\/09\/IMG_20220216_124710.jpg 591w\" sizes=\"(max-width: 560px) 100vw, 560px\" alt=\"\">\r\n                            <\/a>\r\n                            <figcaption class = \"td-slide-caption td-gallery-slide-content\"><div class = \"td-gallery-slide-copywrite\">Foto Jo\u00e3o Marques<\/div><\/figcaption>\r\n                        <\/figure>\r\n                    <\/div>\r\n                    <div class = \"td-slide-item td-item7\">\r\n                        <figure class=\"td-slide-galery-figure td-slide-popup-gallery\">\r\n                            <a class=\"slide-gallery-image-link\" href=\"https:\/\/www.entroncamentoonline.pt\/portal\/wp-content\/uploads\/2022\/09\/IMG_20220216_124633.jpg\" title=\"IMG_20220216_124633\"  data-caption=\"Foto Jo\u00e3o Marques\"  data-description=\"\">\r\n                                <img decoding=\"async\" src=\"https:\/\/www.entroncamentoonline.pt\/portal\/wp-content\/uploads\/2022\/09\/IMG_20220216_124633-560x420.jpg\" srcset=\"https:\/\/www.entroncamentoonline.pt\/portal\/wp-content\/uploads\/2022\/09\/IMG_20220216_124633-560x420.jpg 560w, https:\/\/www.entroncamentoonline.pt\/portal\/wp-content\/uploads\/2022\/09\/IMG_20220216_124633-80x60.jpg 80w, https:\/\/www.entroncamentoonline.pt\/portal\/wp-content\/uploads\/2022\/09\/IMG_20220216_124633-265x198.jpg 265w, https:\/\/www.entroncamentoonline.pt\/portal\/wp-content\/uploads\/2022\/09\/IMG_20220216_124633.jpg 591w\" sizes=\"(max-width: 560px) 100vw, 560px\" alt=\"\">\r\n                            <\/a>\r\n                            <figcaption class = \"td-slide-caption td-gallery-slide-content\"><div class = \"td-gallery-slide-copywrite\">Foto Jo\u00e3o Marques<\/div><\/figcaption>\r\n                        <\/figure>\r\n                    <\/div>\r\n                    <div class = \"td-slide-item td-item8\">\r\n                        <figure class=\"td-slide-galery-figure td-slide-popup-gallery\">\r\n                            <a class=\"slide-gallery-image-link\" href=\"https:\/\/www.entroncamentoonline.pt\/portal\/wp-content\/uploads\/2022\/09\/IMG_20220216_153518.jpg\" title=\"IMG_20220216_153518\"  data-caption=\"Foto Jo\u00e3o Marques\"  data-description=\"\">\r\n                                <img decoding=\"async\" src=\"https:\/\/www.entroncamentoonline.pt\/portal\/wp-content\/uploads\/2022\/09\/IMG_20220216_153518-560x420.jpg\" srcset=\"https:\/\/www.entroncamentoonline.pt\/portal\/wp-content\/uploads\/2022\/09\/IMG_20220216_153518-560x420.jpg 560w, https:\/\/www.entroncamentoonline.pt\/portal\/wp-content\/uploads\/2022\/09\/IMG_20220216_153518-80x60.jpg 80w, https:\/\/www.entroncamentoonline.pt\/portal\/wp-content\/uploads\/2022\/09\/IMG_20220216_153518-265x198.jpg 265w, https:\/\/www.entroncamentoonline.pt\/portal\/wp-content\/uploads\/2022\/09\/IMG_20220216_153518.jpg 591w\" sizes=\"(max-width: 560px) 100vw, 560px\" alt=\"\">\r\n                            <\/a>\r\n                            <figcaption class = \"td-slide-caption td-gallery-slide-content\"><div class = \"td-gallery-slide-copywrite\">Foto Jo\u00e3o Marques<\/div><\/figcaption>\r\n                        <\/figure>\r\n                    <\/div>\r\n                    <div class = \"td-slide-item td-item9\">\r\n                        <figure class=\"td-slide-galery-figure td-slide-popup-gallery\">\r\n                            <a class=\"slide-gallery-image-link\" href=\"https:\/\/www.entroncamentoonline.pt\/portal\/wp-content\/uploads\/2022\/09\/IMG_20220216_115254.jpg\" title=\"IMG_20220216_115254\"  data-caption=\"Foto Jo\u00e3o Marques\"  data-description=\"\">\r\n                                <img decoding=\"async\" src=\"https:\/\/www.entroncamentoonline.pt\/portal\/wp-content\/uploads\/2022\/09\/IMG_20220216_115254-315x420.jpg\" srcset=\"https:\/\/www.entroncamentoonline.pt\/portal\/wp-content\/uploads\/2022\/09\/IMG_20220216_115254-315x420.jpg 315w, https:\/\/www.entroncamentoonline.pt\/portal\/wp-content\/uploads\/2022\/09\/IMG_20220216_115254.jpg 443w\" sizes=\"(max-width: 315px) 100vw, 315px\" alt=\"\">\r\n                            <\/a>\r\n                            <figcaption class = \"td-slide-caption td-gallery-slide-content\"><div class = \"td-gallery-slide-copywrite\">Foto Jo\u00e3o Marques<\/div><\/figcaption>\r\n                        <\/figure>\r\n                    <\/div>\r\n                    <div class = \"td-slide-item td-item10\">\r\n                        <figure class=\"td-slide-galery-figure td-slide-popup-gallery\">\r\n                            <a class=\"slide-gallery-image-link\" href=\"https:\/\/www.entroncamentoonline.pt\/portal\/wp-content\/uploads\/2022\/09\/IMG_20220216_153624.jpg\" title=\"IMG_20220216_153624\"  data-caption=\"Foto Jo\u00e3o Marques\"  data-description=\"\">\r\n                                <img decoding=\"async\" src=\"https:\/\/www.entroncamentoonline.pt\/portal\/wp-content\/uploads\/2022\/09\/IMG_20220216_153624-560x420.jpg\" srcset=\"https:\/\/www.entroncamentoonline.pt\/portal\/wp-content\/uploads\/2022\/09\/IMG_20220216_153624-560x420.jpg 560w, https:\/\/www.entroncamentoonline.pt\/portal\/wp-content\/uploads\/2022\/09\/IMG_20220216_153624-80x60.jpg 80w, https:\/\/www.entroncamentoonline.pt\/portal\/wp-content\/uploads\/2022\/09\/IMG_20220216_153624-265x198.jpg 265w, https:\/\/www.entroncamentoonline.pt\/portal\/wp-content\/uploads\/2022\/09\/IMG_20220216_153624.jpg 591w\" sizes=\"(max-width: 560px) 100vw, 560px\" alt=\"\">\r\n                            <\/a>\r\n                            <figcaption class = \"td-slide-caption td-gallery-slide-content\"><div class = \"td-gallery-slide-copywrite\">Foto Jo\u00e3o Marques<\/div><\/figcaption>\r\n                        <\/figure>\r\n                    <\/div>\r\n                            <\/div>\r\n                        <\/div>\r\n\r\n                        <div class = \"td-doubleSlider-2\">\r\n                            <div class = \"td-slider\">\r\n                                \r\n                    <div class = \"td-button td-item1\">\r\n                        <div class = \"td-border\"><\/div>\r\n                    <\/div>\r\n                    <div class = \"td-button td-item2\">\r\n                        <div class = \"td-border\"><\/div>\r\n                    <\/div>\r\n                    <div class = \"td-button td-item3\">\r\n                        <div class = \"td-border\"><\/div>\r\n                    <\/div>\r\n                    <div class = \"td-button td-item4\">\r\n                        <div class = \"td-border\"><\/div>\r\n                    <\/div>\r\n                    <div class = \"td-button td-item5\">\r\n                        <div class = \"td-border\"><\/div>\r\n                    <\/div>\r\n                    <div class = \"td-button td-item6\">\r\n                        <div class = \"td-border\"><\/div>\r\n                    <\/div>\r\n                    <div class = \"td-button td-item7\">\r\n                        <div class = \"td-border\"><\/div>\r\n                    <\/div>\r\n                    <div class = \"td-button td-item8\">\r\n                        <div class = \"td-border\"><\/div>\r\n                    <\/div>\r\n                    <div class = \"td-button td-item9\">\r\n                        <div class = \"td-border\"><\/div>\r\n                    <\/div>\r\n                    <div class = \"td-button td-item10\">\r\n                        <div class = \"td-border\"><\/div>\r\n                    <\/div>\r\n                            <\/div>\r\n                        <\/div>\r\n\r\n                    <\/div>\r\n\r\n                <\/div>\r\n                \n<p>Temos um tablier com muitas curvas e \u00e2ngulos, e temos muito uso de pl\u00e1stico piano black, que confere ao interior mais requinte. A qualidade geral \u00e9 bastante boa. Temos material suave por todo o tablier e na consola central, e como se trata da vers\u00e3o GT temos um efeito de pesponto amarelo flurescente (cor da Peugeot Sport). Nas portas tamb\u00e9m temos bastante qualidade, sendo que s\u00f3 temos pl\u00e1sticos nas partes inferiores. Os bancos s\u00e3o umas baquets desportivas com um bom encosto mas confort\u00e1veis ao mesmo tempo. O volante \u00e9 a \u00fanica pe\u00e7a igual de um modelo para o outro. Continuamos com o volante pequeno e com aspecto mais ret\u00e2ngular, a diferen\u00e7a \u00e9 que tem o logo novo da Peugeot.<br \/>\nRelativamente \u00e0 habitabilidade ela \u00e9 \u00f3tima. Nos bancos traseiros conseguimos levar 3 passageiros adultos sem grande dificuldade. Na bagageira contamos com 361lts de capacidade (1271lts com os bancos rebatidos).<\/p>\n<p>O painel de instrumentos \u00e9 novo e tem um aspeto diferente, no entanto muito semelhante \u00e0 gera\u00e7\u00e3o anterior, que tamb\u00e9m est\u00e1 presente no re-style do 3008 e 5008 por exemplo. A \u00fanica diferen\u00e7a \u00e9 que tem um efeito 3D como encontramos no 208. O sistema de infotaiment tamb\u00e9m \u00e9 novo mas muito semelhante ao anterior tal e qual como o painel de instrumentos. \u00c9 semelhante no sentido dos \u00edcones e efeitos visuais serem muito iguais, no entanto tem uma organiza\u00e7\u00e3o muito melhor e temos uns bot\u00f5es de atalho digitais na base do ecr\u00e3. Bot\u00f5es esses que podem ser configurados e alterados conforme o que queremos que l\u00e1 esteja (por exemplo climati\u00e7\u00e3o, media, gps, etc).<\/p>\n<p>No que toca \u00e0 condu\u00e7\u00e3o, tal como todos os h\u00edbridos, o 308 Hybrid incute-nos uma condu\u00e7\u00e3o relaxada e regrada.<\/p>\n<p>Sendo um Plug-in o 308 consegue bloquear o modo el\u00e9ctrico, podendo funcionar como um carro completamente el\u00e9trico at\u00e9 a bateria se esgotar. A bateria tem autonomia real de 60kms. Estes n\u00fameros n\u00e3o me foram dados por esta unidade, mas sim por um amigo meu que tem um 3008 hybrid plug-in (numa condu\u00e7\u00e3o de mias longo prazo conseguimos melhores n\u00fameros). Na verdade, o 308 at\u00e9 poder\u00e1 conseguir melhor autonomia dado que \u00e9 um autom\u00f3vel mais leve e aerodin\u00e2mico. Os consumos que consegui neste 308 foi de 4,5lts por 100kms, mas este \u00e9 um carro de test drive onde as pessoas gostam de abusar do modo sport. Os consumos do meu amigo no seu 3008 \u00e9 de 3,2lts por 100kms, e mais uma vez \u00e0 semelhan\u00e7a da autonomia o 308 conseguir\u00e1 fazer melhor.<\/p>\n<p>Em cidade o 308 \u00e9 \u00f3timo, conseguimos usar o modo completamente el\u00e9trico, poupar combust\u00edvel e tamb\u00e9m aumentar o conforto da viagem. Os controlos s\u00e3o leves o que ajuda a fazer as manobras, e a c\u00e2mara de 360\u00ba \u00e9 agora uma c\u00e2mara \u00e0 s\u00e9ria em que a imagem apresentada \u00e9 em tempo real, ao contr\u00e1rio do que acontecia antes. Em auto-estrada tamb\u00e9m \u00e9 bastante bom. O sistema h\u00edbrido \u00e9 bastante eficiente e faz uma conjuga\u00e7\u00e3o \u00f3tima entre o motor el\u00e9trico e de combust\u00e3o, nunca fazendo aumentar em demasia os consumos. Para al\u00e9m disso os bancos s\u00e3o \u00f3timos e a suspens\u00e3o \u00e9 bastante suave, o que nos permite fazer imensos kms na auto estrada sem dores de costas. Para uma condu\u00e7\u00e3o desportiva, temos dispon\u00edveis 225cvs. Ao colocarmos em modo Sport o motor a combust\u00e3o vai estar sempre a trabalhar, e a conjuga\u00e7\u00e3o deste com o el\u00e9trico \u00e9 \u00f3tima, sendo que quando pisamos p\u00e9 a fundo temos uma distribui\u00e7\u00e3o de pot\u00eancia constante, e n\u00e3o com um intervalo entre o el\u00e9trico e o combust\u00e3o como acontece com alguns h\u00edbridos. Outra situa\u00e7\u00e3o que me surpreendeu foi o comportamento em curva, que para um autom\u00f3vel com uma suspens\u00e3o t\u00e3o suave achei que fosse ser mais \u201cbarco\u201d.<\/p>\n<p>O 308 obteve 4 estrelas nos testes de seguran\u00e7a da EuroNcap com 76% na seguran\u00e7a dos adultos, 84% na seguran\u00e7a das crian\u00e7as, 68% na seguran\u00e7a dos pedestres e 65% nas ajudas \u00e0 condu\u00e7\u00e3o.<\/p>\n<p>O 308 est\u00e1 dispon\u00edvel a partir de 24.520\u20ac, mas a vers\u00e3o ensaiada custa 40.820\u20ac e paga 138,51\u20ac de IUC.<\/p>\n<p><iframe loading=\"lazy\" title=\"Peugeot 308 Hybrid 225cv - Ensaio Portugal (Review Portugal)\" width=\"696\" height=\"392\" src=\"https:\/\/www.youtube.com\/embed\/FYSnqBFDdU8?feature=oembed\" frameborder=\"0\" allow=\"accelerometer; autoplay; clipboard-write; encrypted-media; gyroscope; picture-in-picture\" allowfullscreen><\/iframe><\/p>\n<p>&nbsp;<\/p>\n<div class=\"fb-background-color\">\n\t\t\t  <div \n\t\t\t  \tclass = \"fb-comments\" \n\t\t\t  \tdata-href = \"https:\/\/www.entroncamentoonline.pt\/portal\/peugeot-308-hybrid-225cv-revolucao-francesa\/\"\n\t\t\t  \tdata-numposts = \"10\"\n\t\t\t  \tdata-lazy = \"true\"\n\t\t\t\tdata-colorscheme = \"light\"\n\t\t\t\tdata-order-by = \"social\"\n\t\t\t\tdata-mobile=true>\n\t\t\t  <\/div><\/div>\n\t\t  <style>\n\t\t    .fb-background-color {\n\t\t\t\tbackground:  !important;\n\t\t\t}\n\t\t\t.fb_iframe_widget_fluid_desktop iframe {\n\t\t\t    width: 100% !important;\n\t\t\t}\n\t\t  <\/style>\n\t\t  ","protected":false},"excerpt":{"rendered":"<p>O novo 308 n\u00e3o s\u00f3 veio revolucionar o modelo, como tamb\u00e9m o pr\u00f3prio segmento C. Quer o design interior quer exterior apresenta-se bastante diferente do modelo anteiror e \u00e9 tamb\u00e9m futurista, especialmente se considerarmos os seus concorrentes. No design exterior, o 308 vai de encontro \u00e0 linguagem de design da Peugeot mas ao mesmo tempo [&hellip;]<\/p>\n","protected":false},"author":1,"featured_media":53733,"comment_status":"open","ping_status":"closed","sticky":false,"template":"","format":"standard","meta":{"_acf_changed":false,"footnotes":""},"categories":[62],"tags":[],"class_list":{"0":"post-53728","1":"post","2":"type-post","3":"status-publish","4":"format-standard","5":"has-post-thumbnail","7":"category-cronica-automovel"},"acf":[],"_links":{"self":[{"href":"https:\/\/www.entroncamentoonline.pt\/portal\/wp-json\/wp\/v2\/posts\/53728","targetHints":{"allow":["GET"]}}],"collection":[{"href":"https:\/\/www.entroncamentoonline.pt\/portal\/wp-json\/wp\/v2\/posts"}],"about":[{"href":"https:\/\/www.entroncamentoonline.pt\/portal\/wp-json\/wp\/v2\/types\/post"}],"author":[{"embeddable":true,"href":"https:\/\/www.entroncamentoonline.pt\/portal\/wp-json\/wp\/v2\/users\/1"}],"replies":[{"embeddable":true,"href":"https:\/\/www.entroncamentoonline.pt\/portal\/wp-json\/wp\/v2\/comments?post=53728"}],"version-history":[{"count":0,"href":"https:\/\/www.entroncamentoonline.pt\/portal\/wp-json\/wp\/v2\/posts\/53728\/revisions"}],"wp:featuredmedia":[{"embeddable":true,"href":"https:\/\/www.entroncamentoonline.pt\/portal\/wp-json\/wp\/v2\/media\/53733"}],"wp:attachment":[{"href":"https:\/\/www.entroncamentoonline.pt\/portal\/wp-json\/wp\/v2\/media?parent=53728"}],"wp:term":[{"taxonomy":"category","embeddable":true,"href":"https:\/\/www.entroncamentoonline.pt\/portal\/wp-json\/wp\/v2\/categories?post=53728"},{"taxonomy":"post_tag","embeddable":true,"href":"https:\/\/www.entroncamentoonline.pt\/portal\/wp-json\/wp\/v2\/tags?post=53728"}],"curies":[{"name":"wp","href":"https:\/\/api.w.org\/{rel}","templated":true}]}}