{"id":53224,"date":"2022-08-06T12:01:24","date_gmt":"2022-08-06T11:01:24","guid":{"rendered":"https:\/\/www.entroncamentoonline.pt\/portal\/?p=53224"},"modified":"2022-08-08T11:11:24","modified_gmt":"2022-08-08T10:11:24","slug":"abrantes-torneio-internacional-de-iniciados-comecou-e-a-cidade-e-a-capital-do-futebol-jovem-ate-domingo","status":"publish","type":"post","link":"https:\/\/www.entroncamentoonline.pt\/portal\/abrantes-torneio-internacional-de-iniciados-comecou-e-a-cidade-e-a-capital-do-futebol-jovem-ate-domingo\/","title":{"rendered":"Abrantes | Torneio Internacional de Iniciados come\u00e7ou e a cidade \u00e9 a capital do futebol jovem at\u00e9 domingo"},"content":{"rendered":"<p>O campo de jogos do Pego recebeu na sexta-feira, o jogo inaugural da XIV edi\u00e7\u00e3o do Torneio Internacional de Iniciados de Abrantes que colocou frente a frente as equipas do Sport Lisboa e Benfica e a Sele\u00e7\u00e3o Concelhia de Abrantes. Durante tr\u00eas dias, Abrantes recebe os principais clubes de forma\u00e7\u00e3o nacionais e de Espanha.<\/p>\n<p>Jo\u00e3o Santos, Treinador Nacional Sub-15, \u00e9 o patrono deste evento onde os jovens atletas v\u00e3o ter a oportunidade de mostrar as suas capacidades e partilhar experi\u00eancias naquela que \u00e9 a grande festa do futebol de forma\u00e7\u00e3o que se realiza em diversos campos do concelho de Abrantes.<\/p>\n<p>Futebol Clube do Porto, Sport Lisboa e Benfica, Sporting Clube de Portugal, Vit\u00f3ria Sport Clube, Real Club Celta de Vigo e a Sele\u00e7\u00e3o Concelhia de Abrantes, orientada por Miguel Marques, s\u00e3o as equipas participantes na edi\u00e7\u00e3o de 2022 do Torneio Internacional de Iniciados.<\/p>\n<figure id=\"attachment_53225\" aria-describedby=\"caption-attachment-53225\" style=\"width: 644px\" class=\"wp-caption aligncenter\"><img loading=\"lazy\" decoding=\"async\" class=\"wp-image-53225 size-full\" src=\"https:\/\/www.entroncamentoonline.pt\/portal\/wp-content\/uploads\/2022\/08\/CVITORIA_SCP.jpg\" alt=\"\" width=\"644\" height=\"406\" \/><figcaption id=\"caption-attachment-53225\" class=\"wp-caption-text\">Foto CMA<\/figcaption><\/figure>\n<p>Esta sexta-feira, o jogo inaugural decorreu entre o Sport Lisboa e Benfica e a Sele\u00e7\u00e3o Concelhia de Abrantes, tendo a forma\u00e7\u00e3o dos encarnados ganho por 12-0. J\u00e1 no segundo jogo do dia, que se realizou no campo relvado da Cidade Desportiva de Abrantes, foi disputado entre as equipas do Sporting Clube de Portugal e do Vit\u00f3ria Sport Clube com o resultado de 1-1.<\/p>\n<p>De acordo como Presidente da C\u00e2mara Municipal de Abrantes, Manuel Jorge Valamatos, \u201co Munic\u00edpio de Abrantes refor\u00e7a a aposta num torneio que pelo seu historial e prest\u00edgio \u00e9 uma das principais refer\u00eancias do futebol jovem nacional, garantindo uma competi\u00e7\u00e3o de extraordin\u00e1ria qualidade para todos os intervenientes no escal\u00e3o de iniciados (Sub-15)\u201d.<\/p>\n<p>A Sele\u00e7\u00e3o Concelhia de Abrantes \u00e9 composta por atletas do Tramagal Sport Uni\u00e3o, do Sport Abrantes e Benfica, do N\u00facleo Sportinguista de Alferrarede e da Casa do Povo do Pego, num total de 21 convocados.<\/p>\n<p>Este s\u00e1bado, 6 de agosto, os jogos come\u00e7am \u00e0s 9h30 com a partida entre a Sele\u00e7\u00e3o Concelhia de Abrantes e o Futebol Clube do Porto, no campo n\u00ba 1 da Cidade Desportiva, em Abrantes, seguindo-se, \u00e0s 11h, o jogo entre o Real Club Celta de Vigo e o Vit\u00f3ria Sport Clube, a realizar no Campo Cuf em Alferrarede. A parte da tarde ser\u00e1 preenchida com os jogos entre o Futebol Clube do Porto e o Sport Lisboa e Benfica, no campo n\u00ba 1 em Abrantes, e a partida que ir\u00e1 opor o Sporting Clube de Portugal ao Real Club Celta de Vigo, a realizar no campo de jogos Comendador Eduardo Ferreira, em Tramagal.<\/p>\n<p>A final do Torneio est\u00e1 agendada para domingo, dia 7 de agosto, \u00e0s 11h15, na Cidade Desportiva de Abrantes.<\/p>\n<p>A entrada \u00e9 livre em todos os jogos e os \u00e1rbitros presentes neste torneio fazem parte dos quadros de \u00e1rbitros de diversos campeonatos distritais e nacionais.<\/p>\n<div class=\"fb-background-color\">\n\t\t\t  <div \n\t\t\t  \tclass = \"fb-comments\" \n\t\t\t  \tdata-href = \"https:\/\/www.entroncamentoonline.pt\/portal\/abrantes-torneio-internacional-de-iniciados-comecou-e-a-cidade-e-a-capital-do-futebol-jovem-ate-domingo\/\"\n\t\t\t  \tdata-numposts = \"10\"\n\t\t\t  \tdata-lazy = \"true\"\n\t\t\t\tdata-colorscheme = \"light\"\n\t\t\t\tdata-order-by = \"social\"\n\t\t\t\tdata-mobile=true>\n\t\t\t  <\/div><\/div>\n\t\t  <style>\n\t\t    .fb-background-color {\n\t\t\t\tbackground:  !important;\n\t\t\t}\n\t\t\t.fb_iframe_widget_fluid_desktop iframe {\n\t\t\t    width: 100% !important;\n\t\t\t}\n\t\t  <\/style>\n\t\t  ","protected":false},"excerpt":{"rendered":"<p>O campo de jogos do Pego recebeu na sexta-feira, o jogo inaugural da XIV edi\u00e7\u00e3o do Torneio Internacional de Iniciados de Abrantes que colocou frente a frente as equipas do Sport Lisboa e Benfica e a Sele\u00e7\u00e3o Concelhia de Abrantes. Durante tr\u00eas dias, Abrantes recebe os principais clubes de forma\u00e7\u00e3o nacionais e de Espanha. Jo\u00e3o [&hellip;]<\/p>\n","protected":false},"author":1,"featured_media":53226,"comment_status":"open","ping_status":"closed","sticky":false,"template":"","format":"standard","meta":{"_acf_changed":false,"footnotes":""},"categories":[1],"tags":[],"class_list":{"0":"post-53224","1":"post","2":"type-post","3":"status-publish","4":"format-standard","5":"has-post-thumbnail","7":"category-sem-categoria"},"acf":[],"_links":{"self":[{"href":"https:\/\/www.entroncamentoonline.pt\/portal\/wp-json\/wp\/v2\/posts\/53224","targetHints":{"allow":["GET"]}}],"collection":[{"href":"https:\/\/www.entroncamentoonline.pt\/portal\/wp-json\/wp\/v2\/posts"}],"about":[{"href":"https:\/\/www.entroncamentoonline.pt\/portal\/wp-json\/wp\/v2\/types\/post"}],"author":[{"embeddable":true,"href":"https:\/\/www.entroncamentoonline.pt\/portal\/wp-json\/wp\/v2\/users\/1"}],"replies":[{"embeddable":true,"href":"https:\/\/www.entroncamentoonline.pt\/portal\/wp-json\/wp\/v2\/comments?post=53224"}],"version-history":[{"count":0,"href":"https:\/\/www.entroncamentoonline.pt\/portal\/wp-json\/wp\/v2\/posts\/53224\/revisions"}],"wp:featuredmedia":[{"embeddable":true,"href":"https:\/\/www.entroncamentoonline.pt\/portal\/wp-json\/wp\/v2\/media\/53226"}],"wp:attachment":[{"href":"https:\/\/www.entroncamentoonline.pt\/portal\/wp-json\/wp\/v2\/media?parent=53224"}],"wp:term":[{"taxonomy":"category","embeddable":true,"href":"https:\/\/www.entroncamentoonline.pt\/portal\/wp-json\/wp\/v2\/categories?post=53224"},{"taxonomy":"post_tag","embeddable":true,"href":"https:\/\/www.entroncamentoonline.pt\/portal\/wp-json\/wp\/v2\/tags?post=53224"}],"curies":[{"name":"wp","href":"https:\/\/api.w.org\/{rel}","templated":true}]}}