{"id":53193,"date":"2022-08-05T08:42:51","date_gmt":"2022-08-05T07:42:51","guid":{"rendered":"https:\/\/www.entroncamentoonline.pt\/portal\/?p=53193"},"modified":"2022-08-12T09:25:49","modified_gmt":"2022-08-12T08:25:49","slug":"bmw-218d-active-tourer-150cv-um-passo-gigante","status":"publish","type":"post","link":"https:\/\/www.entroncamentoonline.pt\/portal\/bmw-218d-active-tourer-150cv-um-passo-gigante\/","title":{"rendered":"BMW 218d Active Tourer 150cv \u2013 Um passo gigante"},"content":{"rendered":"<figure id=\"attachment_2142\" aria-describedby=\"caption-attachment-2142\" style=\"width: 245px\" class=\"wp-caption alignnone\"><img loading=\"lazy\" decoding=\"async\" class=\" wp-image-2142\" src=\"https:\/\/www.entroncamentoonline.pt\/portal\/wp-content\/uploads\/2019\/01\/Jo\u00e3oMarques1.jpg\" alt=\"\" width=\"245\" height=\"166\" \/><figcaption id=\"caption-attachment-2142\" class=\"wp-caption-text\">Jo\u00e3o Marques joaomarques@entroncamentoonline.pt<\/figcaption><\/figure>\n<p>Numa altura em as marcas continuam a investir em for\u00e7a nos SUV e crossover, a BMW optou por manter a sua monovolume, o s\u00e9rie 2 Active Tourer, e esta gera\u00e7\u00e3o teve um enorme passo relativamente \u00e0 anterior, apresentando-se como uma carrinha com um design mais atrativo e um interior futurista e tecnol\u00f3gico, estando a par com o que a BMW faz no resto da sua gama (o que n\u00e3o acontecia anteriormente).<\/p>\n<p>O design exterior vai muito ao encontro da linguagem de design que a BMW tem adotado ultimamente.<\/p>\n<p>Na parte dianteira temos uma grelha enorme, o que vai de encontro com a nova estrat\u00e9gia da BMW que visa colocar grelhas grandes na maior parte dos modelos. Dado que temos o pack M, os para-choques dianteiros s\u00e3o mais agressivos e tem umas aberturas nas laterais mais acentuadas. As \u00f3ticas por sua vez s\u00e3o mais finas que as dos modelo anterior, que pessoalmente n\u00e3o gostava muito. Na lateral reconhecemos imediatamente como sendo um serie 2 active tourer pois a silhueta n\u00e3o mudou muito. Como \u00e9 pack M temos o logo M junto \u00e0 porta dianteira e temos umas jantes desportivas de 18 polegadas, sendo que \u00e9 poss\u00edvel fazer o upgrade para 19. Temos ainda os puxadores embutidos nas portas j\u00e1 a pensar no modelo h\u00edbrido que chegar\u00e1 em breve. Na parte traseira, tal e qual como na lateral, est\u00e1 muito semelhante ao modelo anterior, com a diferen\u00e7a de que agora as \u00f3ticas s\u00e3o mais finas e bonitas, como na parte dianteira. Mais uma vez, como tem o pack M, temos um para-choques mais desportivo com um pequeno difusor.<\/p>\n\r\n                <style type=\"text\/css\">\r\n                    \r\n                    #tdi_1  .td-doubleSlider-2 .td-item1 {\r\n                        background: url(https:\/\/www.entroncamentoonline.pt\/portal\/wp-content\/uploads\/2022\/08\/IMG_4338-80x60.jpg) 0 0 no-repeat;\r\n                    }\r\n                    #tdi_1  .td-doubleSlider-2 .td-item2 {\r\n                        background: url(https:\/\/www.entroncamentoonline.pt\/portal\/wp-content\/uploads\/2022\/08\/IMG_4337-80x60.jpg) 0 0 no-repeat;\r\n                    }\r\n                    #tdi_1  .td-doubleSlider-2 .td-item3 {\r\n                        background: url(https:\/\/www.entroncamentoonline.pt\/portal\/wp-content\/uploads\/2022\/08\/IMG_4336-80x60.jpg) 0 0 no-repeat;\r\n                    }\r\n                    #tdi_1  .td-doubleSlider-2 .td-item4 {\r\n                        background: url(https:\/\/www.entroncamentoonline.pt\/portal\/wp-content\/uploads\/2022\/08\/IMG_4335-80x60.jpg) 0 0 no-repeat;\r\n                    }\r\n                    #tdi_1  .td-doubleSlider-2 .td-item5 {\r\n                        background: url(https:\/\/www.entroncamentoonline.pt\/portal\/wp-content\/uploads\/2022\/08\/IMG_4334-80x60.jpg) 0 0 no-repeat;\r\n                    }\r\n                    #tdi_1  .td-doubleSlider-2 .td-item6 {\r\n                        background: url(https:\/\/www.entroncamentoonline.pt\/portal\/wp-content\/uploads\/2022\/08\/IMG_4345-80x60.jpg) 0 0 no-repeat;\r\n                    }\r\n                    #tdi_1  .td-doubleSlider-2 .td-item7 {\r\n                        background: url(https:\/\/www.entroncamentoonline.pt\/portal\/wp-content\/uploads\/2022\/08\/IMG_4331-80x60.jpg) 0 0 no-repeat;\r\n                    }\r\n                    #tdi_1  .td-doubleSlider-2 .td-item8 {\r\n                        background: url(https:\/\/www.entroncamentoonline.pt\/portal\/wp-content\/uploads\/2022\/08\/IMG_4343-80x60.jpg) 0 0 no-repeat;\r\n                    }\r\n                    #tdi_1  .td-doubleSlider-2 .td-item9 {\r\n                        background: url(https:\/\/www.entroncamentoonline.pt\/portal\/wp-content\/uploads\/2022\/08\/IMG_4342-80x60.jpg) 0 0 no-repeat;\r\n                    }\r\n                    #tdi_1  .td-doubleSlider-2 .td-item10 {\r\n                        background: url(https:\/\/www.entroncamentoonline.pt\/portal\/wp-content\/uploads\/2022\/08\/IMG_4341-80x60.jpg) 0 0 no-repeat;\r\n                    }\r\n                    #tdi_1  .td-doubleSlider-2 .td-item11 {\r\n                        background: url(https:\/\/www.entroncamentoonline.pt\/portal\/wp-content\/uploads\/2022\/08\/IMG_4339-80x60.jpg) 0 0 no-repeat;\r\n                    }\r\n                <\/style>\r\n\r\n                <div id=\"tdi_1\" class=\"td-gallery td-slide-on-2-columns\">\r\n                    <div class=\"post_td_gallery\">\r\n                        <div class=\"td-gallery-slide-top\">\r\n                           <div class=\"td-gallery-title\"><\/div>\r\n\r\n                            <div class=\"td-gallery-controls-wrapper\">\r\n                                <div class=\"td-gallery-slide-count\"><span class=\"td-gallery-slide-item-focus\">1<\/span> de 11<\/div>\r\n                                <div class=\"td-gallery-slide-prev-next-but\">\r\n                                    <i class = \"td-icon-left doubleSliderPrevButton\"><\/i>\r\n                                    <i class = \"td-icon-right doubleSliderNextButton\"><\/i>\r\n                                <\/div>\r\n                            <\/div>\r\n                        <\/div>\r\n\r\n                        <div class = \"td-doubleSlider-1 \">\r\n                            <div class = \"td-slider\">\r\n                                \r\n                    <div class = \"td-slide-item td-item1\">\r\n                        <figure class=\"td-slide-galery-figure td-slide-popup-gallery\">\r\n                            <a class=\"slide-gallery-image-link\" href=\"https:\/\/www.entroncamentoonline.pt\/portal\/wp-content\/uploads\/2022\/08\/IMG_4338.jpg\" title=\"IMG_4338\"  data-caption=\"Foto Jo\u00e3o Marques\"  data-description=\"\">\r\n                                <img decoding=\"async\" src=\"https:\/\/www.entroncamentoonline.pt\/portal\/wp-content\/uploads\/2022\/08\/IMG_4338-560x420.jpg\" srcset=\"https:\/\/www.entroncamentoonline.pt\/portal\/wp-content\/uploads\/2022\/08\/IMG_4338-560x420.jpg 560w, https:\/\/www.entroncamentoonline.pt\/portal\/wp-content\/uploads\/2022\/08\/IMG_4338-80x60.jpg 80w, https:\/\/www.entroncamentoonline.pt\/portal\/wp-content\/uploads\/2022\/08\/IMG_4338-265x198.jpg 265w, https:\/\/www.entroncamentoonline.pt\/portal\/wp-content\/uploads\/2022\/08\/IMG_4338.jpg 591w\" sizes=\"(max-width: 560px) 100vw, 560px\" alt=\"\">\r\n                            <\/a>\r\n                            <figcaption class = \"td-slide-caption td-gallery-slide-content\"><div class = \"td-gallery-slide-copywrite\">Foto Jo\u00e3o Marques<\/div><\/figcaption>\r\n                        <\/figure>\r\n                    <\/div>\r\n                    <div class = \"td-slide-item td-item2\">\r\n                        <figure class=\"td-slide-galery-figure td-slide-popup-gallery\">\r\n                            <a class=\"slide-gallery-image-link\" href=\"https:\/\/www.entroncamentoonline.pt\/portal\/wp-content\/uploads\/2022\/08\/IMG_4337.jpg\" title=\"IMG_4337\"  data-caption=\"Foto Jo\u00e3o Marques\"  data-description=\"\">\r\n                                <img decoding=\"async\" src=\"https:\/\/www.entroncamentoonline.pt\/portal\/wp-content\/uploads\/2022\/08\/IMG_4337-560x420.jpg\" srcset=\"https:\/\/www.entroncamentoonline.pt\/portal\/wp-content\/uploads\/2022\/08\/IMG_4337-560x420.jpg 560w, https:\/\/www.entroncamentoonline.pt\/portal\/wp-content\/uploads\/2022\/08\/IMG_4337-80x60.jpg 80w, https:\/\/www.entroncamentoonline.pt\/portal\/wp-content\/uploads\/2022\/08\/IMG_4337-265x198.jpg 265w, https:\/\/www.entroncamentoonline.pt\/portal\/wp-content\/uploads\/2022\/08\/IMG_4337.jpg 591w\" sizes=\"(max-width: 560px) 100vw, 560px\" alt=\"\">\r\n                            <\/a>\r\n                            <figcaption class = \"td-slide-caption td-gallery-slide-content\"><div class = \"td-gallery-slide-copywrite\">Foto Jo\u00e3o Marques<\/div><\/figcaption>\r\n                        <\/figure>\r\n                    <\/div>\r\n                    <div class = \"td-slide-item td-item3\">\r\n                        <figure class=\"td-slide-galery-figure td-slide-popup-gallery\">\r\n                            <a class=\"slide-gallery-image-link\" href=\"https:\/\/www.entroncamentoonline.pt\/portal\/wp-content\/uploads\/2022\/08\/IMG_4336.jpg\" title=\"IMG_4336\"  data-caption=\"Foto Jo\u00e3o Marques\"  data-description=\"\">\r\n                                <img decoding=\"async\" src=\"https:\/\/www.entroncamentoonline.pt\/portal\/wp-content\/uploads\/2022\/08\/IMG_4336-560x420.jpg\" srcset=\"https:\/\/www.entroncamentoonline.pt\/portal\/wp-content\/uploads\/2022\/08\/IMG_4336-560x420.jpg 560w, https:\/\/www.entroncamentoonline.pt\/portal\/wp-content\/uploads\/2022\/08\/IMG_4336-80x60.jpg 80w, https:\/\/www.entroncamentoonline.pt\/portal\/wp-content\/uploads\/2022\/08\/IMG_4336-265x198.jpg 265w, https:\/\/www.entroncamentoonline.pt\/portal\/wp-content\/uploads\/2022\/08\/IMG_4336.jpg 591w\" sizes=\"(max-width: 560px) 100vw, 560px\" alt=\"\">\r\n                            <\/a>\r\n                            <figcaption class = \"td-slide-caption td-gallery-slide-content\"><div class = \"td-gallery-slide-copywrite\">Foto Jo\u00e3o Marques<\/div><\/figcaption>\r\n                        <\/figure>\r\n                    <\/div>\r\n                    <div class = \"td-slide-item td-item4\">\r\n                        <figure class=\"td-slide-galery-figure td-slide-popup-gallery\">\r\n                            <a class=\"slide-gallery-image-link\" href=\"https:\/\/www.entroncamentoonline.pt\/portal\/wp-content\/uploads\/2022\/08\/IMG_4335.jpg\" title=\"IMG_4335\"  data-caption=\"Foto Jo\u00e3o Marques\"  data-description=\"\">\r\n                                <img decoding=\"async\" src=\"https:\/\/www.entroncamentoonline.pt\/portal\/wp-content\/uploads\/2022\/08\/IMG_4335-560x420.jpg\" srcset=\"https:\/\/www.entroncamentoonline.pt\/portal\/wp-content\/uploads\/2022\/08\/IMG_4335-560x420.jpg 560w, https:\/\/www.entroncamentoonline.pt\/portal\/wp-content\/uploads\/2022\/08\/IMG_4335-80x60.jpg 80w, https:\/\/www.entroncamentoonline.pt\/portal\/wp-content\/uploads\/2022\/08\/IMG_4335-265x198.jpg 265w, https:\/\/www.entroncamentoonline.pt\/portal\/wp-content\/uploads\/2022\/08\/IMG_4335.jpg 591w\" sizes=\"(max-width: 560px) 100vw, 560px\" alt=\"\">\r\n                            <\/a>\r\n                            <figcaption class = \"td-slide-caption td-gallery-slide-content\"><div class = \"td-gallery-slide-copywrite\">Foto Jo\u00e3o Marques<\/div><\/figcaption>\r\n                        <\/figure>\r\n                    <\/div>\r\n                    <div class = \"td-slide-item td-item5\">\r\n                        <figure class=\"td-slide-galery-figure td-slide-popup-gallery\">\r\n                            <a class=\"slide-gallery-image-link\" href=\"https:\/\/www.entroncamentoonline.pt\/portal\/wp-content\/uploads\/2022\/08\/IMG_4334.jpg\" title=\"IMG_4334\"  data-caption=\"Foto Jo\u00e3o Marques\"  data-description=\"\">\r\n                                <img decoding=\"async\" src=\"https:\/\/www.entroncamentoonline.pt\/portal\/wp-content\/uploads\/2022\/08\/IMG_4334-560x420.jpg\" srcset=\"https:\/\/www.entroncamentoonline.pt\/portal\/wp-content\/uploads\/2022\/08\/IMG_4334-560x420.jpg 560w, https:\/\/www.entroncamentoonline.pt\/portal\/wp-content\/uploads\/2022\/08\/IMG_4334-80x60.jpg 80w, https:\/\/www.entroncamentoonline.pt\/portal\/wp-content\/uploads\/2022\/08\/IMG_4334-265x198.jpg 265w, https:\/\/www.entroncamentoonline.pt\/portal\/wp-content\/uploads\/2022\/08\/IMG_4334.jpg 591w\" sizes=\"(max-width: 560px) 100vw, 560px\" alt=\"\">\r\n                            <\/a>\r\n                            <figcaption class = \"td-slide-caption td-gallery-slide-content\"><div class = \"td-gallery-slide-copywrite\">Foto Jo\u00e3o Marques<\/div><\/figcaption>\r\n                        <\/figure>\r\n                    <\/div>\r\n                    <div class = \"td-slide-item td-item6\">\r\n                        <figure class=\"td-slide-galery-figure td-slide-popup-gallery\">\r\n                            <a class=\"slide-gallery-image-link\" href=\"https:\/\/www.entroncamentoonline.pt\/portal\/wp-content\/uploads\/2022\/08\/IMG_4345.jpg\" title=\"IMG_4345\"  data-caption=\"Foto Jo\u00e3o Marques\"  data-description=\"\">\r\n                                <img decoding=\"async\" src=\"https:\/\/www.entroncamentoonline.pt\/portal\/wp-content\/uploads\/2022\/08\/IMG_4345-560x420.jpg\" srcset=\"https:\/\/www.entroncamentoonline.pt\/portal\/wp-content\/uploads\/2022\/08\/IMG_4345-560x420.jpg 560w, https:\/\/www.entroncamentoonline.pt\/portal\/wp-content\/uploads\/2022\/08\/IMG_4345-80x60.jpg 80w, https:\/\/www.entroncamentoonline.pt\/portal\/wp-content\/uploads\/2022\/08\/IMG_4345-265x198.jpg 265w, https:\/\/www.entroncamentoonline.pt\/portal\/wp-content\/uploads\/2022\/08\/IMG_4345.jpg 591w\" sizes=\"(max-width: 560px) 100vw, 560px\" alt=\"\">\r\n                            <\/a>\r\n                            <figcaption class = \"td-slide-caption td-gallery-slide-content\"><div class = \"td-gallery-slide-copywrite\">Foto Jo\u00e3o Marques<\/div><\/figcaption>\r\n                        <\/figure>\r\n                    <\/div>\r\n                    <div class = \"td-slide-item td-item7\">\r\n                        <figure class=\"td-slide-galery-figure td-slide-popup-gallery\">\r\n                            <a class=\"slide-gallery-image-link\" href=\"https:\/\/www.entroncamentoonline.pt\/portal\/wp-content\/uploads\/2022\/08\/IMG_4331.jpg\" title=\"IMG_4331\"  data-caption=\"Foto Jo\u00e3o Marques\"  data-description=\"\">\r\n                                <img decoding=\"async\" src=\"https:\/\/www.entroncamentoonline.pt\/portal\/wp-content\/uploads\/2022\/08\/IMG_4331-560x420.jpg\" srcset=\"https:\/\/www.entroncamentoonline.pt\/portal\/wp-content\/uploads\/2022\/08\/IMG_4331-560x420.jpg 560w, https:\/\/www.entroncamentoonline.pt\/portal\/wp-content\/uploads\/2022\/08\/IMG_4331-80x60.jpg 80w, https:\/\/www.entroncamentoonline.pt\/portal\/wp-content\/uploads\/2022\/08\/IMG_4331-265x198.jpg 265w, https:\/\/www.entroncamentoonline.pt\/portal\/wp-content\/uploads\/2022\/08\/IMG_4331.jpg 591w\" sizes=\"(max-width: 560px) 100vw, 560px\" alt=\"\">\r\n                            <\/a>\r\n                            <figcaption class = \"td-slide-caption td-gallery-slide-content\"><div class = \"td-gallery-slide-copywrite\">Foto Jo\u00e3o Marques<\/div><\/figcaption>\r\n                        <\/figure>\r\n                    <\/div>\r\n                    <div class = \"td-slide-item td-item8\">\r\n                        <figure class=\"td-slide-galery-figure td-slide-popup-gallery\">\r\n                            <a class=\"slide-gallery-image-link\" href=\"https:\/\/www.entroncamentoonline.pt\/portal\/wp-content\/uploads\/2022\/08\/IMG_4343.jpg\" title=\"IMG_4343\"  data-caption=\"Foto Jo\u00e3o Marques\"  data-description=\"\">\r\n                                <img decoding=\"async\" src=\"https:\/\/www.entroncamentoonline.pt\/portal\/wp-content\/uploads\/2022\/08\/IMG_4343-560x420.jpg\" srcset=\"https:\/\/www.entroncamentoonline.pt\/portal\/wp-content\/uploads\/2022\/08\/IMG_4343-560x420.jpg 560w, https:\/\/www.entroncamentoonline.pt\/portal\/wp-content\/uploads\/2022\/08\/IMG_4343-80x60.jpg 80w, https:\/\/www.entroncamentoonline.pt\/portal\/wp-content\/uploads\/2022\/08\/IMG_4343-265x198.jpg 265w, https:\/\/www.entroncamentoonline.pt\/portal\/wp-content\/uploads\/2022\/08\/IMG_4343.jpg 591w\" sizes=\"(max-width: 560px) 100vw, 560px\" alt=\"\">\r\n                            <\/a>\r\n                            <figcaption class = \"td-slide-caption td-gallery-slide-content\"><div class = \"td-gallery-slide-copywrite\">Foto Jo\u00e3o Marques<\/div><\/figcaption>\r\n                        <\/figure>\r\n                    <\/div>\r\n                    <div class = \"td-slide-item td-item9\">\r\n                        <figure class=\"td-slide-galery-figure td-slide-popup-gallery\">\r\n                            <a class=\"slide-gallery-image-link\" href=\"https:\/\/www.entroncamentoonline.pt\/portal\/wp-content\/uploads\/2022\/08\/IMG_4342.jpg\" title=\"IMG_4342\"  data-caption=\"Foto Jo\u00e3o Marques\"  data-description=\"\">\r\n                                <img decoding=\"async\" src=\"https:\/\/www.entroncamentoonline.pt\/portal\/wp-content\/uploads\/2022\/08\/IMG_4342-560x420.jpg\" srcset=\"https:\/\/www.entroncamentoonline.pt\/portal\/wp-content\/uploads\/2022\/08\/IMG_4342-560x420.jpg 560w, https:\/\/www.entroncamentoonline.pt\/portal\/wp-content\/uploads\/2022\/08\/IMG_4342-80x60.jpg 80w, https:\/\/www.entroncamentoonline.pt\/portal\/wp-content\/uploads\/2022\/08\/IMG_4342-265x198.jpg 265w, https:\/\/www.entroncamentoonline.pt\/portal\/wp-content\/uploads\/2022\/08\/IMG_4342.jpg 591w\" sizes=\"(max-width: 560px) 100vw, 560px\" alt=\"\">\r\n                            <\/a>\r\n                            <figcaption class = \"td-slide-caption td-gallery-slide-content\"><div class = \"td-gallery-slide-copywrite\">Foto Jo\u00e3o Marques<\/div><\/figcaption>\r\n                        <\/figure>\r\n                    <\/div>\r\n                    <div class = \"td-slide-item td-item10\">\r\n                        <figure class=\"td-slide-galery-figure td-slide-popup-gallery\">\r\n                            <a class=\"slide-gallery-image-link\" href=\"https:\/\/www.entroncamentoonline.pt\/portal\/wp-content\/uploads\/2022\/08\/IMG_4341.jpg\" title=\"IMG_4341\"  data-caption=\"Foto Jo\u00e3o Marques\"  data-description=\"\">\r\n                                <img decoding=\"async\" src=\"https:\/\/www.entroncamentoonline.pt\/portal\/wp-content\/uploads\/2022\/08\/IMG_4341-560x420.jpg\" srcset=\"https:\/\/www.entroncamentoonline.pt\/portal\/wp-content\/uploads\/2022\/08\/IMG_4341-560x420.jpg 560w, https:\/\/www.entroncamentoonline.pt\/portal\/wp-content\/uploads\/2022\/08\/IMG_4341-80x60.jpg 80w, https:\/\/www.entroncamentoonline.pt\/portal\/wp-content\/uploads\/2022\/08\/IMG_4341-265x198.jpg 265w, https:\/\/www.entroncamentoonline.pt\/portal\/wp-content\/uploads\/2022\/08\/IMG_4341.jpg 591w\" sizes=\"(max-width: 560px) 100vw, 560px\" alt=\"\">\r\n                            <\/a>\r\n                            <figcaption class = \"td-slide-caption td-gallery-slide-content\"><div class = \"td-gallery-slide-copywrite\">Foto Jo\u00e3o Marques<\/div><\/figcaption>\r\n                        <\/figure>\r\n                    <\/div>\r\n                    <div class = \"td-slide-item td-item11\">\r\n                        <figure class=\"td-slide-galery-figure td-slide-popup-gallery\">\r\n                            <a class=\"slide-gallery-image-link\" href=\"https:\/\/www.entroncamentoonline.pt\/portal\/wp-content\/uploads\/2022\/08\/IMG_4339.jpg\" title=\"IMG_4339\"  data-caption=\"Foto Jo\u00e3o Marques\"  data-description=\"\">\r\n                                <img decoding=\"async\" src=\"https:\/\/www.entroncamentoonline.pt\/portal\/wp-content\/uploads\/2022\/08\/IMG_4339-560x420.jpg\" srcset=\"https:\/\/www.entroncamentoonline.pt\/portal\/wp-content\/uploads\/2022\/08\/IMG_4339-560x420.jpg 560w, https:\/\/www.entroncamentoonline.pt\/portal\/wp-content\/uploads\/2022\/08\/IMG_4339-80x60.jpg 80w, https:\/\/www.entroncamentoonline.pt\/portal\/wp-content\/uploads\/2022\/08\/IMG_4339-265x198.jpg 265w, https:\/\/www.entroncamentoonline.pt\/portal\/wp-content\/uploads\/2022\/08\/IMG_4339.jpg 591w\" sizes=\"(max-width: 560px) 100vw, 560px\" alt=\"\">\r\n                            <\/a>\r\n                            <figcaption class = \"td-slide-caption td-gallery-slide-content\"><div class = \"td-gallery-slide-copywrite\">Foto Jo\u00e3o Marques<\/div><\/figcaption>\r\n                        <\/figure>\r\n                    <\/div>\r\n                            <\/div>\r\n                        <\/div>\r\n\r\n                        <div class = \"td-doubleSlider-2\">\r\n                            <div class = \"td-slider\">\r\n                                \r\n                    <div class = \"td-button td-item1\">\r\n                        <div class = \"td-border\"><\/div>\r\n                    <\/div>\r\n                    <div class = \"td-button td-item2\">\r\n                        <div class = \"td-border\"><\/div>\r\n                    <\/div>\r\n                    <div class = \"td-button td-item3\">\r\n                        <div class = \"td-border\"><\/div>\r\n                    <\/div>\r\n                    <div class = \"td-button td-item4\">\r\n                        <div class = \"td-border\"><\/div>\r\n                    <\/div>\r\n                    <div class = \"td-button td-item5\">\r\n                        <div class = \"td-border\"><\/div>\r\n                    <\/div>\r\n                    <div class = \"td-button td-item6\">\r\n                        <div class = \"td-border\"><\/div>\r\n                    <\/div>\r\n                    <div class = \"td-button td-item7\">\r\n                        <div class = \"td-border\"><\/div>\r\n                    <\/div>\r\n                    <div class = \"td-button td-item8\">\r\n                        <div class = \"td-border\"><\/div>\r\n                    <\/div>\r\n                    <div class = \"td-button td-item9\">\r\n                        <div class = \"td-border\"><\/div>\r\n                    <\/div>\r\n                    <div class = \"td-button td-item10\">\r\n                        <div class = \"td-border\"><\/div>\r\n                    <\/div>\r\n                    <div class = \"td-button td-item11\">\r\n                        <div class = \"td-border\"><\/div>\r\n                    <\/div>\r\n                            <\/div>\r\n                        <\/div>\r\n\r\n                    <\/div>\r\n\r\n                <\/div>\r\n                \n<p>Relativamente \u00e0 habitabilidade \u00e9 muito boa, n\u00e3o fosse o serie 2 active tourer uma monovolume. Na parte traseira temos bom espa\u00e7o, cerca de 2 palmos para os joelhos e cabe\u00e7a. Para levar 3 crian\u00e7as n\u00e3o ser\u00e1 grande problema, j\u00e1 adultos ser\u00e1 um pouco problem\u00e1tico dado que o carro \u00e9 um pouco estreito, e tamb\u00e9m devido \u00e0 exist\u00eancia de um desn\u00edvel enorme no banco central. Relativamente aos materiais, a qualidade \u00e9 boa pois temos material suave por toda a porta, no entanto notamos que o material usado na parte traseira \u00e9 de menor qualidade do que o da parte da frente. Na parte dianteira tamb\u00e9m vamos muito confort\u00e1veis pois os bancos s\u00e3o \u00f3timos, e a unidade ensaiada tem as baquets desportivas M que tem um encosto fant\u00e1stico. No que toca ao transporte mas de carga o serie 2 active tourer conta com 470lts de bagagem, no entanto existem monovolumes com mais capacidade de carga.<\/p>\n<p>O design interior do novo s\u00e9rie 2 active tourer \u00e9 fant\u00e1stico e foi um grande salto relativamente ao anteriro.<\/p>\n<p>Temos um design muito igual ao do IX, ou seja, um design minimalista que mais parece vindo de um fabricante japon\u00eas. Temos a aus\u00eancia de bot\u00f5es e as sa\u00eddas de ventila\u00e7\u00e3o s\u00e3o bastante finas. A consola central \u00e9 igual e est\u00e1 suspensa no ar tal e qual como nos el\u00e9tricos, o que faz aqui prever uma vers\u00e3o el\u00e9trica do serie 2 active tourer (pelo menos a h\u00edbrida j\u00e1 est\u00e1 confirmada). O volante tamb\u00e9m \u00e9 novo, e trata-se do novo volante da BMW M que eu gosto bastante. Al\u00edas, considero os volantes da M dos mais desportivos no mercado, com uma pega bem grossa mas que ao mesmo tempo \u00e9 confort\u00e1vel. Ainda igual ao IX temos os novos ecr\u00e3s curvos da BMW que incluem o novo sistema de infotaiment e o novo painel de instrumentos da BMW. Este novo sistema \u00e9 mais completo que o anterior, talvez at\u00e9 de mais, ao ponto de por vezes se tornar confuso. O painel de instrumentos \u00e9 que deu um salto enorme e \u00e9 agora dos melhores no mercado, com v\u00e1rios t\u00edpos de visualiza\u00e7\u00e3o e informa\u00e7\u00e3o, e tem uns gr\u00e1ficos \u00f3timos. Como se trata do pack M a BMW teve aten\u00e7\u00e3o ao detalhe e colocou um M no canto superior esquerdo do painel de instrumentos. Uma curiosidade, este novo sistema foi desenvolvido em Portugal!<\/p>\n<p>No que toca \u00e0 condu\u00e7\u00e3o, n\u00e3o consigo ter compara\u00e7\u00e3o relativamente ao modelo anterior, pois nunca testei, mas posso dizer que relativamente a outras monovolumes, \u00e9 sem d\u00favida a mais divertida de conduzir, n\u00e3o fosse ser um BMW.<\/p>\n<p>Na condu\u00e7\u00e3o em percursos urbanos podemos ver que o serie 2 active tourer \u00e9 muito mais confort\u00e1vel que os restantes BMW\u2019s, em especial tendo o pack M que s\u00e3o sempre mais rijos que as restantes vers\u00f5es. Percorri uma estrada de cal\u00e7ada, algo t\u00edpico nas cidades portuguesas, e n\u00e3o senti qualquer tipo de desconforto. Em percursos mais longos em auto estrada, a insonora\u00e7\u00e3o \u00e9 boa e os bancos, como j\u00e1 tinha referido, s\u00e3o confort\u00e1veis o que n\u00e3o nos d\u00e1 dores com o extenso uso. Em condu\u00e7\u00e3o desportiva, \u00e9 aqui que o serie 2 active tourer se distingue das restantes monovolumes. Ao colocarmos em modo Sport temos uma afina\u00e7\u00e3o da dire\u00e7\u00e3o e tamb\u00e9m do acelerador, e a disponibilidade da caixa \u00e9 bastante boa, o que fazem parecer com que os 150cvs do 218d s\u00e3o um pouco mais. Em curva o comportamento \u00e9 excelente, e o serie 2 active tourer agarra muito bem e tem uma \u00f3tima din\u00e2mica.<\/p>\n<p>Em suma nunca pensei que me podia divertir tanto com uma monovolume!<\/p>\n<p>O s\u00e9rie 2 active tourer est\u00e1 dispon\u00edvel a partir de 37.230\u20ac, mas a vers\u00e3o ensaiada custa 48.856\u20ac e paga 148,58\u20ac de IUC.<\/p>\n<p><iframe loading=\"lazy\" title=\"BMW 218d Active Tourer 150cv - Ensaio Portugal (Review Portugal)\" width=\"696\" height=\"392\" src=\"https:\/\/www.youtube.com\/embed\/8eeXCLuCPD4?feature=oembed\" frameborder=\"0\" allow=\"accelerometer; autoplay; clipboard-write; encrypted-media; gyroscope; picture-in-picture\" allowfullscreen><\/iframe><\/p>\n<p>&nbsp;<\/p>\n<div class=\"fb-background-color\">\n\t\t\t  <div \n\t\t\t  \tclass = \"fb-comments\" \n\t\t\t  \tdata-href = \"https:\/\/www.entroncamentoonline.pt\/portal\/bmw-218d-active-tourer-150cv-um-passo-gigante\/\"\n\t\t\t  \tdata-numposts = \"10\"\n\t\t\t  \tdata-lazy = \"true\"\n\t\t\t\tdata-colorscheme = \"light\"\n\t\t\t\tdata-order-by = \"social\"\n\t\t\t\tdata-mobile=true>\n\t\t\t  <\/div><\/div>\n\t\t  <style>\n\t\t    .fb-background-color {\n\t\t\t\tbackground:  !important;\n\t\t\t}\n\t\t\t.fb_iframe_widget_fluid_desktop iframe {\n\t\t\t    width: 100% !important;\n\t\t\t}\n\t\t  <\/style>\n\t\t  ","protected":false},"excerpt":{"rendered":"<p>Numa altura em as marcas continuam a investir em for\u00e7a nos SUV e crossover, a BMW optou por manter a sua monovolume, o s\u00e9rie 2 Active Tourer, e esta gera\u00e7\u00e3o teve um enorme passo relativamente \u00e0 anterior, apresentando-se como uma carrinha com um design mais atrativo e um interior futurista e tecnol\u00f3gico, estando a par [&hellip;]<\/p>\n","protected":false},"author":1,"featured_media":53200,"comment_status":"open","ping_status":"closed","sticky":false,"template":"","format":"standard","meta":{"_acf_changed":false,"footnotes":""},"categories":[62],"tags":[],"class_list":{"0":"post-53193","1":"post","2":"type-post","3":"status-publish","4":"format-standard","5":"has-post-thumbnail","7":"category-cronica-automovel"},"acf":[],"_links":{"self":[{"href":"https:\/\/www.entroncamentoonline.pt\/portal\/wp-json\/wp\/v2\/posts\/53193","targetHints":{"allow":["GET"]}}],"collection":[{"href":"https:\/\/www.entroncamentoonline.pt\/portal\/wp-json\/wp\/v2\/posts"}],"about":[{"href":"https:\/\/www.entroncamentoonline.pt\/portal\/wp-json\/wp\/v2\/types\/post"}],"author":[{"embeddable":true,"href":"https:\/\/www.entroncamentoonline.pt\/portal\/wp-json\/wp\/v2\/users\/1"}],"replies":[{"embeddable":true,"href":"https:\/\/www.entroncamentoonline.pt\/portal\/wp-json\/wp\/v2\/comments?post=53193"}],"version-history":[{"count":0,"href":"https:\/\/www.entroncamentoonline.pt\/portal\/wp-json\/wp\/v2\/posts\/53193\/revisions"}],"wp:featuredmedia":[{"embeddable":true,"href":"https:\/\/www.entroncamentoonline.pt\/portal\/wp-json\/wp\/v2\/media\/53200"}],"wp:attachment":[{"href":"https:\/\/www.entroncamentoonline.pt\/portal\/wp-json\/wp\/v2\/media?parent=53193"}],"wp:term":[{"taxonomy":"category","embeddable":true,"href":"https:\/\/www.entroncamentoonline.pt\/portal\/wp-json\/wp\/v2\/categories?post=53193"},{"taxonomy":"post_tag","embeddable":true,"href":"https:\/\/www.entroncamentoonline.pt\/portal\/wp-json\/wp\/v2\/tags?post=53193"}],"curies":[{"name":"wp","href":"https:\/\/api.w.org\/{rel}","templated":true}]}}