{"id":53055,"date":"2022-07-30T07:26:10","date_gmt":"2022-07-30T06:26:10","guid":{"rendered":"https:\/\/www.entroncamentoonline.pt\/portal\/?p=53055"},"modified":"2022-12-30T14:13:16","modified_gmt":"2022-12-30T14:13:16","slug":"nova-onda-de-calor-cdos-emite-aviso-a-populacao","status":"publish","type":"post","link":"https:\/\/www.entroncamentoonline.pt\/portal\/nova-onda-de-calor-cdos-emite-aviso-a-populacao\/","title":{"rendered":"Nova Onda de Calor | CDOS emite Aviso \u00e0 popula\u00e7\u00e3o"},"content":{"rendered":"<p>Face \u00e1 nova Onda de Calor que o pa\u00eds atravessa o CDOS Santar\u00e9m emitiu um Aviso \u00e0 popula\u00e7\u00e3o. De acordo com a informa\u00e7\u00e3o disponibilizada pelo Instituto Portugu\u00eas do Mar e da Atmosfera (IPMA), prev\u00ea-se a continua\u00e7\u00e3o do tempo quente e seco at\u00e9 \u00e0 pr\u00f3xima quarta-feira, dia 3 de agosto, destacando-se: Tempo seco, com valores baixos de humidade relativa no interior e na regi\u00e3o Sul durante a tarde, e com fraca recupera\u00e7\u00e3o noturna nas regi\u00f5es do interior e no Algarve, (com diminui\u00e7\u00e3o da humidade relativa durante a tarde e a noite nos pr\u00f3ximos dias). Temperaturas m\u00e1ximas a contribuir para onda de calor, especialmente no interior Norte e Centro. Vento a predominar de norte\/noroeste, por vezes forte na faixa costeira ocidental e nas terras altas. Rota\u00e7\u00e3o do vento para este\/nordeste, no interior Norte e Centro, com enfraquecimento no litoral oeste. Perigo de inc\u00eandio rural Muito Elevado a M\u00e1ximo na maior parte do territ\u00f3rio.<\/p>\n<p>\u00c9 expet\u00e1vel a manuten\u00e7\u00e3o da dificuldade das a\u00e7\u00f5es de supress\u00e3o aos inc\u00eandios rurais determinada pelas condi\u00e7\u00f5es meteorol\u00f3gicas e pelo estado de secura da vegeta\u00e7\u00e3o.<\/p>\n<p>A Autoridade Nacional de Emerg\u00eancia e Prote\u00e7\u00e3o Civil (ANEPC) recorda que, de acordo com as disposi\u00e7\u00f5es legais em vigor:<\/p>\n<p>\u2212 \u00c9 proibido fazer queimadas nos dias de perigo de inc\u00eandio muito elevado ou m\u00e1ximo. Informe-se na sua c\u00e2mara municipal ou atrav\u00e9s do 808 200 520.<\/p>\n<p>\u2212 Nos dias de perigo de inc\u00eandio muito elevado e m\u00e1ximo \u00e9 proibido fazer queima de amontoados sem autoriza\u00e7\u00e3o ou sem comunica\u00e7\u00e3o pr\u00e9via. Informe-se na sua c\u00e2mara municipal ou atrav\u00e9s do 808 200 520.<\/p>\n<p>\u2212 Nos dias de perigo de inc\u00eandio muito elevado e m\u00e1ximo \u00e9 proibido utilizar fogo para a confe\u00e7\u00e3o de alimentos em todo o espa\u00e7o rural, salvo se usados fora das zonas cr\u00edticas e nos locais devidamente autorizados para o efeito.<\/p>\n<p>\u2212 Nos dias de perigo de inc\u00eandio muito elevado e m\u00e1ximo \u00e9 proibido fumigar ou desinfestar em api\u00e1rios exceto se os fumigadores tiverem dispositivos de reten\u00e7\u00e3o de fa\u00falhas.<\/p>\n<p>\u2212 Nos dias de perigo de inc\u00eandio muito elevado e m\u00e1ximo \u00e9 proibido lan\u00e7ar bal\u00f5es de mecha acesa e foguetes. O uso de fogo-de-artif\u00edcio s\u00f3 \u00e9 permitido com autoriza\u00e7\u00e3o da c\u00e2mara municipal.<\/p>\n<p>\u2212 Nos dias de perigo de inc\u00eandio muito elevado e m\u00e1ximo \u00e9 proibido usar motorro\u00e7adoras, corta-matos e destro\u00e7adores. Evite o uso de grades de discos.<\/p>\n<p>A Autoridade Nacional de Emerg\u00eancia e Prote\u00e7\u00e3o Civil recomenda a adequa\u00e7\u00e3o dos comportamentos e atitudes face \u00e0 situa\u00e7\u00e3o de perigo de inc\u00eandio rural, nomeadamente com a ado\u00e7\u00e3o das necess\u00e1rias medidas de preven\u00e7\u00e3o e precau\u00e7\u00e3o, de acordo com a legisla\u00e7\u00e3o em vigor, e tendo especial aten\u00e7\u00e3o \u00e0 evolu\u00e7\u00e3o do perigo de inc\u00eandio neste per\u00edodo.<\/p>\n<div class=\"fb-background-color\">\n\t\t\t  <div \n\t\t\t  \tclass = \"fb-comments\" \n\t\t\t  \tdata-href = \"https:\/\/www.entroncamentoonline.pt\/portal\/nova-onda-de-calor-cdos-emite-aviso-a-populacao\/\"\n\t\t\t  \tdata-numposts = \"10\"\n\t\t\t  \tdata-lazy = \"true\"\n\t\t\t\tdata-colorscheme = \"light\"\n\t\t\t\tdata-order-by = \"social\"\n\t\t\t\tdata-mobile=true>\n\t\t\t  <\/div><\/div>\n\t\t  <style>\n\t\t    .fb-background-color {\n\t\t\t\tbackground:  !important;\n\t\t\t}\n\t\t\t.fb_iframe_widget_fluid_desktop iframe {\n\t\t\t    width: 100% !important;\n\t\t\t}\n\t\t  <\/style>\n\t\t  ","protected":false},"excerpt":{"rendered":"<p>Face \u00e1 nova Onda de Calor que o pa\u00eds atravessa o CDOS Santar\u00e9m emitiu um Aviso \u00e0 popula\u00e7\u00e3o. De acordo com a informa\u00e7\u00e3o disponibilizada pelo Instituto Portugu\u00eas do Mar e da Atmosfera (IPMA), prev\u00ea-se a continua\u00e7\u00e3o do tempo quente e seco at\u00e9 \u00e0 pr\u00f3xima quarta-feira, dia 3 de agosto, destacando-se: Tempo seco, com valores baixos [&hellip;]<\/p>\n","protected":false},"author":1,"featured_media":52549,"comment_status":"open","ping_status":"closed","sticky":false,"template":"","format":"standard","meta":{"_acf_changed":false,"footnotes":""},"categories":[1],"tags":[],"class_list":{"0":"post-53055","1":"post","2":"type-post","3":"status-publish","4":"format-standard","5":"has-post-thumbnail","7":"category-sem-categoria"},"acf":[],"_links":{"self":[{"href":"https:\/\/www.entroncamentoonline.pt\/portal\/wp-json\/wp\/v2\/posts\/53055","targetHints":{"allow":["GET"]}}],"collection":[{"href":"https:\/\/www.entroncamentoonline.pt\/portal\/wp-json\/wp\/v2\/posts"}],"about":[{"href":"https:\/\/www.entroncamentoonline.pt\/portal\/wp-json\/wp\/v2\/types\/post"}],"author":[{"embeddable":true,"href":"https:\/\/www.entroncamentoonline.pt\/portal\/wp-json\/wp\/v2\/users\/1"}],"replies":[{"embeddable":true,"href":"https:\/\/www.entroncamentoonline.pt\/portal\/wp-json\/wp\/v2\/comments?post=53055"}],"version-history":[{"count":0,"href":"https:\/\/www.entroncamentoonline.pt\/portal\/wp-json\/wp\/v2\/posts\/53055\/revisions"}],"wp:featuredmedia":[{"embeddable":true,"href":"https:\/\/www.entroncamentoonline.pt\/portal\/wp-json\/wp\/v2\/media\/52549"}],"wp:attachment":[{"href":"https:\/\/www.entroncamentoonline.pt\/portal\/wp-json\/wp\/v2\/media?parent=53055"}],"wp:term":[{"taxonomy":"category","embeddable":true,"href":"https:\/\/www.entroncamentoonline.pt\/portal\/wp-json\/wp\/v2\/categories?post=53055"},{"taxonomy":"post_tag","embeddable":true,"href":"https:\/\/www.entroncamentoonline.pt\/portal\/wp-json\/wp\/v2\/tags?post=53055"}],"curies":[{"name":"wp","href":"https:\/\/api.w.org\/{rel}","templated":true}]}}