{"id":52960,"date":"2022-07-26T11:15:26","date_gmt":"2022-07-26T10:15:26","guid":{"rendered":"https:\/\/www.entroncamentoonline.pt\/portal\/?p=52960"},"modified":"2022-07-28T09:52:55","modified_gmt":"2022-07-28T08:52:55","slug":"entroncamento-apresentacao-publica-do-ctesp-manutencao-e-reabilitacao-de-sistemas-ferroviarios-27-julho-as-17-horas","status":"publish","type":"post","link":"https:\/\/www.entroncamentoonline.pt\/portal\/entroncamento-apresentacao-publica-do-ctesp-manutencao-e-reabilitacao-de-sistemas-ferroviarios-27-julho-as-17-horas\/","title":{"rendered":"Entroncamento | Apresenta\u00e7\u00e3o P\u00fablica do cTeSP Manuten\u00e7\u00e3o e Reabilita\u00e7\u00e3o de Sistemas Ferrovi\u00e1rios | 27 julho, \u00e0s 17 horas"},"content":{"rendered":"<p>O Centro Cultural do Entroncamento, recebe, esta quarta-feira, pelas 17 horas, a apresenta\u00e7\u00e3o p\u00fablica do Curso T\u00e9cnico Superior Profissional de Manuten\u00e7\u00e3o e Reabilita\u00e7\u00e3o de Sistemas Ferrovi\u00e1rios.<\/p>\n<p>A apresenta\u00e7\u00e3o p\u00fablica conta com a presen\u00e7a do Presidente da C\u00e2mara Municipal, Jorge Faria, do Presidente do Instituto Polit\u00e9cnico de Tomar, Jo\u00e3o Coroado e da Diretora da Escola Profissional Gustave Eiffel, Irene Guedes.<\/p>\n<div class=\"fb-background-color\">\n\t\t\t  <div \n\t\t\t  \tclass = \"fb-comments\" \n\t\t\t  \tdata-href = \"https:\/\/www.entroncamentoonline.pt\/portal\/entroncamento-apresentacao-publica-do-ctesp-manutencao-e-reabilitacao-de-sistemas-ferroviarios-27-julho-as-17-horas\/\"\n\t\t\t  \tdata-numposts = \"10\"\n\t\t\t  \tdata-lazy = \"true\"\n\t\t\t\tdata-colorscheme = \"light\"\n\t\t\t\tdata-order-by = \"social\"\n\t\t\t\tdata-mobile=true>\n\t\t\t  <\/div><\/div>\n\t\t  <style>\n\t\t    .fb-background-color {\n\t\t\t\tbackground:  !important;\n\t\t\t}\n\t\t\t.fb_iframe_widget_fluid_desktop iframe {\n\t\t\t    width: 100% !important;\n\t\t\t}\n\t\t  <\/style>\n\t\t  ","protected":false},"excerpt":{"rendered":"<p>O Centro Cultural do Entroncamento, recebe, esta quarta-feira, pelas 17 horas, a apresenta\u00e7\u00e3o p\u00fablica do Curso T\u00e9cnico Superior Profissional de Manuten\u00e7\u00e3o e Reabilita\u00e7\u00e3o de Sistemas Ferrovi\u00e1rios. A apresenta\u00e7\u00e3o p\u00fablica conta com a presen\u00e7a do Presidente da C\u00e2mara Municipal, Jorge Faria, do Presidente do Instituto Polit\u00e9cnico de Tomar, Jo\u00e3o Coroado e da Diretora da Escola Profissional [&hellip;]<\/p>\n","protected":false},"author":1,"featured_media":52961,"comment_status":"open","ping_status":"closed","sticky":false,"template":"","format":"standard","meta":{"_acf_changed":false,"footnotes":""},"categories":[1],"tags":[],"class_list":{"0":"post-52960","1":"post","2":"type-post","3":"status-publish","4":"format-standard","5":"has-post-thumbnail","7":"category-sem-categoria"},"acf":[],"_links":{"self":[{"href":"https:\/\/www.entroncamentoonline.pt\/portal\/wp-json\/wp\/v2\/posts\/52960","targetHints":{"allow":["GET"]}}],"collection":[{"href":"https:\/\/www.entroncamentoonline.pt\/portal\/wp-json\/wp\/v2\/posts"}],"about":[{"href":"https:\/\/www.entroncamentoonline.pt\/portal\/wp-json\/wp\/v2\/types\/post"}],"author":[{"embeddable":true,"href":"https:\/\/www.entroncamentoonline.pt\/portal\/wp-json\/wp\/v2\/users\/1"}],"replies":[{"embeddable":true,"href":"https:\/\/www.entroncamentoonline.pt\/portal\/wp-json\/wp\/v2\/comments?post=52960"}],"version-history":[{"count":0,"href":"https:\/\/www.entroncamentoonline.pt\/portal\/wp-json\/wp\/v2\/posts\/52960\/revisions"}],"wp:featuredmedia":[{"embeddable":true,"href":"https:\/\/www.entroncamentoonline.pt\/portal\/wp-json\/wp\/v2\/media\/52961"}],"wp:attachment":[{"href":"https:\/\/www.entroncamentoonline.pt\/portal\/wp-json\/wp\/v2\/media?parent=52960"}],"wp:term":[{"taxonomy":"category","embeddable":true,"href":"https:\/\/www.entroncamentoonline.pt\/portal\/wp-json\/wp\/v2\/categories?post=52960"},{"taxonomy":"post_tag","embeddable":true,"href":"https:\/\/www.entroncamentoonline.pt\/portal\/wp-json\/wp\/v2\/tags?post=52960"}],"curies":[{"name":"wp","href":"https:\/\/api.w.org\/{rel}","templated":true}]}}