{"id":52835,"date":"2022-07-19T20:14:54","date_gmt":"2022-07-19T19:14:54","guid":{"rendered":"https:\/\/www.entroncamentoonline.pt\/portal\/?p=52835"},"modified":"2022-07-22T18:58:50","modified_gmt":"2022-07-22T17:58:50","slug":"cim-do-medio-tejo-protocolo-de-cooperacao-para-constituicao-da-parceria-do-cr-inove-assinado-dia-21-no-nersant","status":"publish","type":"post","link":"https:\/\/www.entroncamentoonline.pt\/portal\/cim-do-medio-tejo-protocolo-de-cooperacao-para-constituicao-da-parceria-do-cr-inove-assinado-dia-21-no-nersant\/","title":{"rendered":"CIM do M\u00e9dio Tejo | Protocolo de Coopera\u00e7\u00e3o para Constitui\u00e7\u00e3o da parceria do CR-Inove assinado dia 21 na Nersant"},"content":{"rendered":"<p>No dia 21 de julho, \u00e0s 17.00 horas, na NERSANT &#8211; Associa\u00e7\u00e3o Empresarial da Regi\u00e3o de Santar\u00e9m, em Torres Novas ser\u00e1 assinado o protocolo de Coopera\u00e7\u00e3o para Constitui\u00e7\u00e3o da parceria do CR-Inove.<\/p>\n<p>Na sub-regi\u00e3o do M\u00e9dio Tejo, foram mobilizadas, a Comunidade Intermunicipal do M\u00e9dio Tejo, a Nersant (Associa\u00e7\u00e3o Empresarial da Regi\u00e3o de Santar\u00e9m) a TAGUSVALLEY &#8211; Associa\u00e7\u00e3o para a Promo\u00e7\u00e3o e Desenvolvimento do Tecnopolo do Vale do Tejo, o Instituto Polit\u00e9cnico de Tomar e o CTIC &#8211; Centro Tecnol\u00f3gico das Ind\u00fastrias do Couro.<\/p>\n<p>A Comiss\u00e3o de Coordena\u00e7\u00e3o e Desenvolvimento Regional do Centro (CCDRC) vai lan\u00e7ar um Catalisador Regional de Inova\u00e7\u00e3o, que tem como objetivo potenciar os recursos e compet\u00eancias existentes no dom\u00ednio da Inova\u00e7\u00e3o nas v\u00e1rias sub-regi\u00f5es da regi\u00e3o Centro e melhorar a intera\u00e7\u00e3o dos produtores de conhecimento e tecnologia com os seus potenciais utilizadores (empresas, entidades da administra\u00e7\u00e3o p\u00fablica e do terceiro setor).<\/p>\n<p>O CR Inove \u2013 Catalisador Regional de Inova\u00e7\u00e3o do Centro ir\u00e1 promover um processo estruturado de coopera\u00e7\u00e3o entre as Comunidades Intermunicipais, as Entidades do Sistema Regional de Inova\u00e7\u00e3o e as Associa\u00e7\u00f5es Empresariais. Para tal ser\u00e3o feitas parcerias com as oito sub-regi\u00f5es da Regi\u00e3o Centro, atrav\u00e9s de Protocolos de Coopera\u00e7\u00e3o. As primeiras parcerias ser\u00e3o oficializadas durante o m\u00eas de julho: no dia 21 de julho com a sub-regi\u00e3o de M\u00e9dio Tejo.<\/p>\n<p>Isabel Damasceno, presidente da CCDRC, explica que \u201cse trata de uma iniciativa piloto a desenvolver em toda a regi\u00e3o Centro, que visa criar uma nova cultura de coopera\u00e7\u00e3o atrav\u00e9s do efeito acumulado de a\u00e7\u00f5es concretas. O principal objetivo do CR Inove \u00e9 esbater as barreiras culturais e comportamentais que dificultam a intera\u00e7\u00e3o do conhecimento, tecnologia e sociedade\u201d.<\/p>\n<p>\u00c9 assumido pelos parceiros o compromisso de desenvolver, de forma concertada e participada, iniciativas conjuntas em tem\u00e1ticas relevantes para o processo de promo\u00e7\u00e3o da inova\u00e7\u00e3o, a sistematiza\u00e7\u00e3o e atualiza\u00e7\u00e3o de informa\u00e7\u00e3o e compet\u00eancias das entidades do Sistema Regional de Inova\u00e7\u00e3o pertencentes \u00e0 sub-regi\u00e3o, a cria\u00e7\u00e3o de mecanismos de partilha e divulga\u00e7\u00e3o de informa\u00e7\u00e3o, a promo\u00e7\u00e3o do desenvolvimento de conte\u00fados, instrumentos e metodologias de capacita\u00e7\u00e3o de atores e de transferibilidade do conhecimento e de tecnologias.<\/p>\n<div class=\"fb-background-color\">\n\t\t\t  <div \n\t\t\t  \tclass = \"fb-comments\" \n\t\t\t  \tdata-href = \"https:\/\/www.entroncamentoonline.pt\/portal\/cim-do-medio-tejo-protocolo-de-cooperacao-para-constituicao-da-parceria-do-cr-inove-assinado-dia-21-no-nersant\/\"\n\t\t\t  \tdata-numposts = \"10\"\n\t\t\t  \tdata-lazy = \"true\"\n\t\t\t\tdata-colorscheme = \"light\"\n\t\t\t\tdata-order-by = \"social\"\n\t\t\t\tdata-mobile=true>\n\t\t\t  <\/div><\/div>\n\t\t  <style>\n\t\t    .fb-background-color {\n\t\t\t\tbackground:  !important;\n\t\t\t}\n\t\t\t.fb_iframe_widget_fluid_desktop iframe {\n\t\t\t    width: 100% !important;\n\t\t\t}\n\t\t  <\/style>\n\t\t  ","protected":false},"excerpt":{"rendered":"<p>No dia 21 de julho, \u00e0s 17.00 horas, na NERSANT &#8211; Associa\u00e7\u00e3o Empresarial da Regi\u00e3o de Santar\u00e9m, em Torres Novas ser\u00e1 assinado o protocolo de Coopera\u00e7\u00e3o para Constitui\u00e7\u00e3o da parceria do CR-Inove. Na sub-regi\u00e3o do M\u00e9dio Tejo, foram mobilizadas, a Comunidade Intermunicipal do M\u00e9dio Tejo, a Nersant (Associa\u00e7\u00e3o Empresarial da Regi\u00e3o de Santar\u00e9m) a TAGUSVALLEY [&hellip;]<\/p>\n","protected":false},"author":1,"featured_media":52836,"comment_status":"open","ping_status":"closed","sticky":false,"template":"","format":"standard","meta":{"_acf_changed":false,"footnotes":""},"categories":[1],"tags":[],"class_list":{"0":"post-52835","1":"post","2":"type-post","3":"status-publish","4":"format-standard","5":"has-post-thumbnail","7":"category-sem-categoria"},"acf":[],"_links":{"self":[{"href":"https:\/\/www.entroncamentoonline.pt\/portal\/wp-json\/wp\/v2\/posts\/52835","targetHints":{"allow":["GET"]}}],"collection":[{"href":"https:\/\/www.entroncamentoonline.pt\/portal\/wp-json\/wp\/v2\/posts"}],"about":[{"href":"https:\/\/www.entroncamentoonline.pt\/portal\/wp-json\/wp\/v2\/types\/post"}],"author":[{"embeddable":true,"href":"https:\/\/www.entroncamentoonline.pt\/portal\/wp-json\/wp\/v2\/users\/1"}],"replies":[{"embeddable":true,"href":"https:\/\/www.entroncamentoonline.pt\/portal\/wp-json\/wp\/v2\/comments?post=52835"}],"version-history":[{"count":0,"href":"https:\/\/www.entroncamentoonline.pt\/portal\/wp-json\/wp\/v2\/posts\/52835\/revisions"}],"wp:featuredmedia":[{"embeddable":true,"href":"https:\/\/www.entroncamentoonline.pt\/portal\/wp-json\/wp\/v2\/media\/52836"}],"wp:attachment":[{"href":"https:\/\/www.entroncamentoonline.pt\/portal\/wp-json\/wp\/v2\/media?parent=52835"}],"wp:term":[{"taxonomy":"category","embeddable":true,"href":"https:\/\/www.entroncamentoonline.pt\/portal\/wp-json\/wp\/v2\/categories?post=52835"},{"taxonomy":"post_tag","embeddable":true,"href":"https:\/\/www.entroncamentoonline.pt\/portal\/wp-json\/wp\/v2\/tags?post=52835"}],"curies":[{"name":"wp","href":"https:\/\/api.w.org\/{rel}","templated":true}]}}