{"id":52726,"date":"2022-07-14T11:47:56","date_gmt":"2022-07-14T10:47:56","guid":{"rendered":"https:\/\/www.entroncamentoonline.pt\/portal\/?p=52726"},"modified":"2022-08-10T19:21:50","modified_gmt":"2022-08-10T18:21:50","slug":"aldi-lanca-campanha-sem-iva-para-os-seus-achados","status":"publish","type":"post","link":"https:\/\/www.entroncamentoonline.pt\/portal\/aldi-lanca-campanha-sem-iva-para-os-seus-achados\/","title":{"rendered":"ALDI lan\u00e7a campanha sem IVA para os seus achados"},"content":{"rendered":"<p>De 15 a 18 de julho, vai ser poss\u00edvel encontrar os achados do retalhista alimentar a pre\u00e7os ainda mais baixos. Micro-ondas, varinhas m\u00e1gicas e m\u00e1quinas de sopa s\u00e3o alguns dos artigos selecionados com desconto direto.<\/p>\n<p>Os achados do ALDI est\u00e3o ainda mais imperd\u00edveis. Pela primeira vez em Portugal, o retalhista alimentar vai ter em loja uma campanha sem IVA durante quatro dias, com desconto direto igual \u00e0 taxa do IVA em vigor (23%), em produtos selecionados de bazar de v\u00e1rias categorias, tais como eletrodom\u00e9sticos, bricolage e decora\u00e7\u00e3o. Os artigos s\u00e3o limitados ao stock existente e quem n\u00e3o quiser perd\u00ea-los, tem de visitar um ALDI rapidamente.<\/p>\n<p>Se j\u00e1 era poss\u00edvel encontrar produtos n\u00e3o alimentares \u00fateis e diferenciadores a pre\u00e7os verdadeiramente competitivos nas lojas ALDI, a partir desta sexta-feira, os consumidores v\u00e3o poder adquiri-los a um pre\u00e7o ainda mais irresist\u00edvel. Micro-ondas, varinhas m\u00e1gicas, m\u00e1quinas de sopa, liquidificadoras e corta-sebes el\u00e9tricos s\u00e3o alguns dos artigos selecionados que passam a beneficiar de um desconto direto, igual \u00e0 taxa do IVA em vigor (23%).<\/p>\n<p>\u201cApesar de poderem encontrar produtos distintivos de bazar nas nossas lojas, todas as semanas, esta campanha oferece aos portugueses a oportunidade exclusiva de descobrir e experimentar novos produtos para o seu dia-a-dia, de elevada qualidade, a um pre\u00e7o \u00fanico\u201d, refor\u00e7a Daniel da Silva, Managing Director Category Management da ALDI Portugal.<\/p>\n<p>A nova campanha sem IVA vem no seguimento da campanha \u201cAchados do ALDI, imperd\u00edveis at\u00e9 os perderes\u201d, lan\u00e7ada em mar\u00e7o deste ano, com o objetivo de refor\u00e7ar o posicionamento da ins\u00edgnia e dar a conhecer aos consumidores a exist\u00eancia das suas oportunidades semanais, que v\u00eam dar resposta \u00e0s tend\u00eancias de consumo, a pre\u00e7os apelativos, recebendo, por isso, o nome de &#8220;achados&#8221;.<\/p>\n<div class=\"fb-background-color\">\n\t\t\t  <div \n\t\t\t  \tclass = \"fb-comments\" \n\t\t\t  \tdata-href = \"https:\/\/www.entroncamentoonline.pt\/portal\/aldi-lanca-campanha-sem-iva-para-os-seus-achados\/\"\n\t\t\t  \tdata-numposts = \"10\"\n\t\t\t  \tdata-lazy = \"true\"\n\t\t\t\tdata-colorscheme = \"light\"\n\t\t\t\tdata-order-by = \"social\"\n\t\t\t\tdata-mobile=true>\n\t\t\t  <\/div><\/div>\n\t\t  <style>\n\t\t    .fb-background-color {\n\t\t\t\tbackground:  !important;\n\t\t\t}\n\t\t\t.fb_iframe_widget_fluid_desktop iframe {\n\t\t\t    width: 100% !important;\n\t\t\t}\n\t\t  <\/style>\n\t\t  ","protected":false},"excerpt":{"rendered":"<p>De 15 a 18 de julho, vai ser poss\u00edvel encontrar os achados do retalhista alimentar a pre\u00e7os ainda mais baixos. Micro-ondas, varinhas m\u00e1gicas e m\u00e1quinas de sopa s\u00e3o alguns dos artigos selecionados com desconto direto. Os achados do ALDI est\u00e3o ainda mais imperd\u00edveis. Pela primeira vez em Portugal, o retalhista alimentar vai ter em loja [&hellip;]<\/p>\n","protected":false},"author":1,"featured_media":52727,"comment_status":"open","ping_status":"closed","sticky":false,"template":"","format":"standard","meta":{"_acf_changed":false,"footnotes":""},"categories":[1],"tags":[],"class_list":{"0":"post-52726","1":"post","2":"type-post","3":"status-publish","4":"format-standard","5":"has-post-thumbnail","7":"category-sem-categoria"},"acf":[],"_links":{"self":[{"href":"https:\/\/www.entroncamentoonline.pt\/portal\/wp-json\/wp\/v2\/posts\/52726","targetHints":{"allow":["GET"]}}],"collection":[{"href":"https:\/\/www.entroncamentoonline.pt\/portal\/wp-json\/wp\/v2\/posts"}],"about":[{"href":"https:\/\/www.entroncamentoonline.pt\/portal\/wp-json\/wp\/v2\/types\/post"}],"author":[{"embeddable":true,"href":"https:\/\/www.entroncamentoonline.pt\/portal\/wp-json\/wp\/v2\/users\/1"}],"replies":[{"embeddable":true,"href":"https:\/\/www.entroncamentoonline.pt\/portal\/wp-json\/wp\/v2\/comments?post=52726"}],"version-history":[{"count":0,"href":"https:\/\/www.entroncamentoonline.pt\/portal\/wp-json\/wp\/v2\/posts\/52726\/revisions"}],"wp:featuredmedia":[{"embeddable":true,"href":"https:\/\/www.entroncamentoonline.pt\/portal\/wp-json\/wp\/v2\/media\/52727"}],"wp:attachment":[{"href":"https:\/\/www.entroncamentoonline.pt\/portal\/wp-json\/wp\/v2\/media?parent=52726"}],"wp:term":[{"taxonomy":"category","embeddable":true,"href":"https:\/\/www.entroncamentoonline.pt\/portal\/wp-json\/wp\/v2\/categories?post=52726"},{"taxonomy":"post_tag","embeddable":true,"href":"https:\/\/www.entroncamentoonline.pt\/portal\/wp-json\/wp\/v2\/tags?post=52726"}],"curies":[{"name":"wp","href":"https:\/\/api.w.org\/{rel}","templated":true}]}}