{"id":51889,"date":"2022-06-15T17:54:39","date_gmt":"2022-06-15T16:54:39","guid":{"rendered":"https:\/\/www.entroncamentoonline.pt\/portal\/?p=51889"},"modified":"2022-06-18T07:11:54","modified_gmt":"2022-06-18T06:11:54","slug":"chamusca-municipio-participa-no-primeiro-concurso-nacional-da-cancao-rural","status":"publish","type":"post","link":"https:\/\/www.entroncamentoonline.pt\/portal\/chamusca-municipio-participa-no-primeiro-concurso-nacional-da-cancao-rural\/","title":{"rendered":"Chamusca | Munic\u00edpio participa no primeiro Concurso Nacional da Can\u00e7\u00e3o Rural"},"content":{"rendered":"<p>O Munic\u00edpio da Chamusca vai participar na primeira edi\u00e7\u00e3o do Concurso Nacional da Can\u00e7\u00e3o Rural, que se realiza j\u00e1 na pr\u00f3xima sexta-feira, dia 17 de junho, \u00e0s 21H30, em Pinhel \u2013 \u2018Cidade do Vinho 2020\/22\u2019.<\/p>\n<p>O concurso tem transmiss\u00e3o em direto na p\u00e1gina de Facebook \u2018<a href=\"https:\/\/www.facebook.com\/ampvinho\">Munic\u00edpios do Vinho<\/a>\u2019 e conta com a participa\u00e7\u00e3o de sete can\u00e7\u00f5es originais, nas quais os autores e int\u00e9rpretes se apresentam em representa\u00e7\u00e3o dos respetivos munic\u00edpios, que integram a Associa\u00e7\u00e3o de Munic\u00edpios Portugueses do Vinho (AMPV).<\/p>\n<p>Para esta primeira edi\u00e7\u00e3o, est\u00e3o apuradas sete can\u00e7\u00f5es, em representa\u00e7\u00e3o de outros tantos munic\u00edpios que integram a AMPV, tais como Alenquer, Beja, Cantanhede, Chamusca, Nelas, Santar\u00e9m e Viana dos Castelo.<\/p>\n<p>O Munic\u00edpio da Chamusca estar\u00e1 representado pelo fadista chamusquense Rui Tanoeiro, com a can\u00e7\u00e3o \u201cMorena da Minha Aldeia\u201d, com letra e m\u00fasica original da sua autoria. A can\u00e7\u00e3o \u201ctipicamente chamusquense\u201d fala do mundo rural, da lez\u00edria, da vinha, do vinho, dos namoros de antigamente e das gentes que trabalhavam nos campos e retrata, na perfei\u00e7\u00e3o, o amor e o orgulho que o fadista tem pela sua terra. Apaixonado pelas suas ra\u00edzes foi a cultura e as tradi\u00e7\u00f5es da Chamusca que o chamaram para o fado. \u201cCresci na Chamusca, sempre, habituado a ouvir fado nas tert\u00falias, com amigos, ou n\u00e3o fosse a minha Chamusca uma terra de bons m\u00fasicos, bons fadistas e at\u00e9 uma refer\u00eancia a n\u00edvel nacional\u201d.<\/p>\n<p>O concurso que conta com a organiza\u00e7\u00e3o da Associa\u00e7\u00e3o de Munic\u00edpios Portugueses do Vinho (AMPV), da Associa\u00e7\u00e3o das Rotas do Vinho de Portugal e \u2018Pinhel \u2013 Cidade do Vinho 2020\/22\u2019 (ARVP), com o patroc\u00ednio principal da Casa Ermelinda Freitas, assim como dos Vinhos da Beira Interior e Munic\u00edpio de Pinhel. A prova que conta com o apoio da Wine in Moderation foi criada com o objetivo de estimular a composi\u00e7\u00e3o de temas musicais com acompanhamento vocal, cujos textos (poemas) contribuam para uma maior visibilidade do mundo rural.<\/p>\n<p>Os int\u00e9rpretes, a solo ou em grupo, apresentam-se em nome pr\u00f3prio, mas em representa\u00e7\u00e3o do \u2018seu\u2019 munic\u00edpio. Os temas, que n\u00e3o podem ultrapassar os tr\u00eas minutos de dura\u00e7\u00e3o, s\u00e3o originais e com textos em portugu\u00eas subordinados ao tema \u2018Mundo Rural\u2019. A dire\u00e7\u00e3o musical \u00e9 do maestro Carlos Alberto Moniz.<\/p>\n<p>O j\u00fari ser\u00e1 composto por Carlos Alberto Moniz (Presidente do J\u00fari), Amadeu Diniz Fonseca (Poeta\/letrista), Ana Sofia Ricardo (Dire\u00e7\u00e3o Regional de Cultura do Centro), Beatriz Cardoso (M\u00fasica\/Cantora) e Daniela Marques (Rainha das Vindimas 2021), que eleger\u00e1 os tr\u00eas primeiros vencedores do concurso. Ser\u00e3o ainda atribu\u00eddos pr\u00e9mios para a melhor letra, melhor m\u00fasica e melhor interpreta\u00e7\u00e3o. Haver\u00e1 ainda um pr\u00e9mio atribu\u00eddo pelo p\u00fablico, numa vota\u00e7\u00e3o extra, posterior ao concurso, que decorrer\u00e1 a partir do dia 25 de junho, nas redes sociais, onde ser\u00e1 eleita a can\u00e7\u00e3o \u201cMais Popular\u201d.<\/p>\n<div class=\"fb-background-color\">\n\t\t\t  <div \n\t\t\t  \tclass = \"fb-comments\" \n\t\t\t  \tdata-href = \"https:\/\/www.entroncamentoonline.pt\/portal\/chamusca-municipio-participa-no-primeiro-concurso-nacional-da-cancao-rural\/\"\n\t\t\t  \tdata-numposts = \"10\"\n\t\t\t  \tdata-lazy = \"true\"\n\t\t\t\tdata-colorscheme = \"light\"\n\t\t\t\tdata-order-by = \"social\"\n\t\t\t\tdata-mobile=true>\n\t\t\t  <\/div><\/div>\n\t\t  <style>\n\t\t    .fb-background-color {\n\t\t\t\tbackground:  !important;\n\t\t\t}\n\t\t\t.fb_iframe_widget_fluid_desktop iframe {\n\t\t\t    width: 100% !important;\n\t\t\t}\n\t\t  <\/style>\n\t\t  ","protected":false},"excerpt":{"rendered":"<p>O Munic\u00edpio da Chamusca vai participar na primeira edi\u00e7\u00e3o do Concurso Nacional da Can\u00e7\u00e3o Rural, que se realiza j\u00e1 na pr\u00f3xima sexta-feira, dia 17 de junho, \u00e0s 21H30, em Pinhel \u2013 \u2018Cidade do Vinho 2020\/22\u2019. O concurso tem transmiss\u00e3o em direto na p\u00e1gina de Facebook \u2018Munic\u00edpios do Vinho\u2019 e conta com a participa\u00e7\u00e3o de sete [&hellip;]<\/p>\n","protected":false},"author":1,"featured_media":51890,"comment_status":"open","ping_status":"closed","sticky":false,"template":"","format":"standard","meta":{"_acf_changed":false,"footnotes":""},"categories":[1],"tags":[],"class_list":{"0":"post-51889","1":"post","2":"type-post","3":"status-publish","4":"format-standard","5":"has-post-thumbnail","7":"category-sem-categoria"},"acf":[],"_links":{"self":[{"href":"https:\/\/www.entroncamentoonline.pt\/portal\/wp-json\/wp\/v2\/posts\/51889","targetHints":{"allow":["GET"]}}],"collection":[{"href":"https:\/\/www.entroncamentoonline.pt\/portal\/wp-json\/wp\/v2\/posts"}],"about":[{"href":"https:\/\/www.entroncamentoonline.pt\/portal\/wp-json\/wp\/v2\/types\/post"}],"author":[{"embeddable":true,"href":"https:\/\/www.entroncamentoonline.pt\/portal\/wp-json\/wp\/v2\/users\/1"}],"replies":[{"embeddable":true,"href":"https:\/\/www.entroncamentoonline.pt\/portal\/wp-json\/wp\/v2\/comments?post=51889"}],"version-history":[{"count":0,"href":"https:\/\/www.entroncamentoonline.pt\/portal\/wp-json\/wp\/v2\/posts\/51889\/revisions"}],"wp:featuredmedia":[{"embeddable":true,"href":"https:\/\/www.entroncamentoonline.pt\/portal\/wp-json\/wp\/v2\/media\/51890"}],"wp:attachment":[{"href":"https:\/\/www.entroncamentoonline.pt\/portal\/wp-json\/wp\/v2\/media?parent=51889"}],"wp:term":[{"taxonomy":"category","embeddable":true,"href":"https:\/\/www.entroncamentoonline.pt\/portal\/wp-json\/wp\/v2\/categories?post=51889"},{"taxonomy":"post_tag","embeddable":true,"href":"https:\/\/www.entroncamentoonline.pt\/portal\/wp-json\/wp\/v2\/tags?post=51889"}],"curies":[{"name":"wp","href":"https:\/\/api.w.org\/{rel}","templated":true}]}}