{"id":51737,"date":"2022-06-12T16:08:47","date_gmt":"2022-06-12T15:08:47","guid":{"rendered":"https:\/\/www.entroncamentoonline.pt\/portal\/?p=51737"},"modified":"2022-06-12T16:08:47","modified_gmt":"2022-06-12T15:08:47","slug":"conferencia-de-imprensa-faz-balanco-fna-22-feira-nacional-de-agricultura-feira-do-ribatejo-mostrou-um-sector-sustentavel-inovador-tecnologico-e-dinamico","status":"publish","type":"post","link":"https:\/\/www.entroncamentoonline.pt\/portal\/conferencia-de-imprensa-faz-balanco-fna-22-feira-nacional-de-agricultura-feira-do-ribatejo-mostrou-um-sector-sustentavel-inovador-tecnologico-e-dinamico\/","title":{"rendered":"Confer\u00eancia de Imprensa faz Balan\u00e7o | FNA 22 \u2013 Feira Nacional de Agricultura \/ Feira do Ribatejo mostrou um sector sustent\u00e1vel, inovador, tecnol\u00f3gico e din\u00e2mico"},"content":{"rendered":"<p>A FNA 22 \u2013 Feira Nacional de Agricultura \/ Feira do Ribatejo que decorre no Centro Nacional de Exposi\u00e7\u00f5es, em Santar\u00e9m, desde o passado dia 4 de junho e que encerra este domingo portas, teve como tema central a \u201cInova\u00e7\u00e3o e Tecnologia\u201d.<\/p>\n<p>O certame mostrou que o sector est\u00e1 em permanente mudan\u00e7a, \u00e9 moderno, e cada vez mais sustent\u00e1vel. A FNA contou com uma grande mostra de maquinaria e equipamentos inovadores, reflexo da din\u00e2mica das empresas e dos empres\u00e1rios agr\u00edcolas.<\/p>\n<p>Durante os nove dias de Feira foi poss\u00edvel aos visitantes observarem alguns dos mais modernos equipamentos que se utilizam hoje em dia ao servi\u00e7o da agricultura: sensores inteligentes que transmitem as necessidades das plantas, sondas que medem o n\u00edvel de humidades dos solos, sistemas de mapeamento de terrenos, drones que analisam as culturas em tempo real e que permitem ao agricultor regar e fertilizar no momento certo sem desperd\u00edcio, equipamentos para detetar doen\u00e7as e pragas de forma atempada, entre outros.<\/p>\n<p>Neste campo, realce para a apresenta\u00e7\u00e3o do 1\u00ba trator movido a G\u00e1s Natural que assegura o mesmo rendimento que um trator a diesel com muito menos custos e para uma nova m\u00e1quina movida a energia el\u00e9trica para trabalhar a vinha que pode funcionar dia e noite sem operador.<\/p>\n<p><strong>A agenda pol\u00edtica nacional na Feira Nacional de Agricultura<\/strong><\/p>\n<p>A Feira Nacional de Agricultura contou com a presen\u00e7a dos principais decisores pol\u00edticos nacionais.<\/p>\n<p>Logo no 1\u00ba dia, o Presidente da Rep\u00fablica visitou o evento durante mais de cinco horas contactando com os expositores e empres\u00e1rios do sector. Realce tamb\u00e9m para a presen\u00e7a da Ministra da Agricultura e Alimenta\u00e7\u00e3o, Maria do C\u00e9u Antunes, da Ministra da Ci\u00eancia e Tecnologia, Elvira Fortunato, do Secret\u00e1rio de Estado da Agricultura, Rui Martinho e da Secret\u00e1ria de Estado do Com\u00e9rcio e Turismo, Com\u00e9rcio e Servi\u00e7os, Rita Marques.<\/p>\n<p>V\u00e1rios representantes de partidos pol\u00edticos visitaram a Feira Nacional de Agricultura como o Presidente do Chega, Andr\u00e9 Ventura, o rec\u00e9m eleito Presidente do PSD, Luis Montenegro, o dirigente da Iniciativa Liberal, Jo\u00e3o Cotrim Figueiredo, o l\u00edder do PCP, Jer\u00f3nimo de Sousa e o Presidente do CDS-PP, Nuno Melo.<\/p>\n<p>O Presidente do Grupo Parlamentar do PS Eurico Brilhante Dias, uma delega\u00e7\u00e3o do Partido Socialista, a Comiss\u00e3o de Agricultura e Mar e respetivo Presidente, Pedro Carmo, tamb\u00e9m estiveram presentes na feira.<\/p>\n<p>Todos estes decisores justificaram a sua presen\u00e7a pela import\u00e2ncia do evento que \u00e9 uma representa\u00e7\u00e3o do dinamismo do sector agr\u00edcola e manifestaram o seu entuasiasmo pelo desenvolvimento e n\u00edvel de solu\u00e7\u00f5es tecnol\u00f3gicas aqui encontradas.<\/p>\n<p><strong>Dia dos Munic\u00edpios de Santar\u00e9m e Almeirim<\/strong><\/p>\n<p>Numa parceria entre a C\u00e2mara Municipal de Santar\u00e9m e o CNEMA a feira recebeu 1100 crian\u00e7as das escolas do concelho de Santar\u00e9m na quarta-feira, 9 de junho, no \u00e2mbito da campanha PAc4ALL, iniciativa dinamizada pela CAP para explicar aos mais novos a import\u00e2ncia da Agricultura e os objetivos da Pol\u00edtica Agr\u00edcola Comum.<\/p>\n<p>Al\u00e9m da presen\u00e7a de um stand dedicado a este programa, esta iniciativa contou com v\u00e1rias atividades, como o percurso das culturas (milho e girassol) e dos animais de ra\u00e7as portuguesas (bovino, ovinos, su\u00ednos e caprinos), assim como uma sess\u00e3o de anima\u00e7\u00e3o no grande audit\u00f3rio, com um teatro infantil e entrega de brindes.<\/p>\n<p>Com um grande envolvimento do Munic\u00edpio de Santar\u00e9m, mobilia\u00e7\u00e3o das Juntas de Freguesia, associa\u00e7\u00f5es e institui\u00e7\u00f5es foi poss\u00edvel celebrar o Ribatejo e as suas tradi\u00e7\u00f5es, num dia que ficar\u00e1 na mem\u00f3ria.<\/p>\n<p>No dia de Santar\u00e9m, estiveram presentes produtores locais no stand do Munic\u00edpio e decorreram v\u00e1rias atividades como atua\u00e7\u00f5es de grupos e bandas musicais, espet\u00e1culos de acorde\u00e3o, dan\u00e7as com ranchos folcl\u00f3ricos, malabarismos, gin\u00e1stica acrob\u00e1tica, entre outras atividades num dia recheado de anima\u00e7\u00e3o.<\/p>\n<p>No s\u00e1bado, 11 de junho, o Munic\u00edpio de Almeirim tamb\u00e9m trouxe \u00e0 Feira Nacional de Agricultura produtores do concelho, grupos musicais, bandas, ranchos folcl\u00f3ricos num dia que envolveu a comunidade, proporcionando aos visitantes da FNA muito empolgados.<\/p>\n<p>A feira tamb\u00e9m contou com a presen\u00e7a dos v\u00e1rios munic\u00edpios que integram a Comunidade Intermunicipal da Lez\u00edria do Tejo e de outras zonas do pa\u00eds que aproveitaram a FNA para promover os seus concelhos.<\/p>\n<p>FNA 22 \u2013 uma oportunidade para mostrar equipamentos, promover produtos e valorizar as tradi\u00e7\u00f5es<\/p>\n<p>A Nave B conta habitualmente com muitas empresas de equipamentos agr\u00edcolas e este ano n\u00e3o foi exce\u00e7\u00e3o. Muitos dos expositores presentes apresentaram solu\u00e7\u00f5es amigas do ambiente como sistemas de rega mais eficientes, produtos biol\u00f3gicos de res\u00edduo zero, substratos naturais, controlo de pragas, entre outros. Paralelamente, estiveram presentes associa\u00e7\u00f5es e institui\u00e7\u00f5es do sector e decorreu a Fersant \u2013 Feira Empresarial da Regi\u00e3o de Santar\u00e9m.<\/p>\n<p>A Nave A recebeu mais uma edi\u00e7\u00e3o do Sal\u00e3o Prazer de Provar, que re\u00fane produtos de grande variedade e qualidade como vinhos, azeites, queijos, enchidos, entre outros. O evento contou com a presen\u00e7a das grandes superf\u00edcies que atuam no territ\u00f3rio portugu\u00eas e marcas de refer\u00eancia na \u00e1rea agro-alimentar.<\/p>\n<p>Durante os nove dias de feira, a \u00e1rea referente \u00e0s Provas na Cozinha registou 45 a\u00e7\u00f5es e a iniciativa Laborat\u00f3rios do Gosto contou com mais 10 a\u00e7\u00f5es e que tiveram bastante ades\u00e3o do p\u00fablico.<\/p>\n<p>Na Nave C os visitantes puderam verificar artes\u00e3os a trabalhar ao vivo, acess\u00f3rios para o lar e disfrutar de sabores nacionais nos v\u00e1rios locais de degusta\u00e7\u00e3o que ali estiveram presentes.<\/p>\n<p>Simultaneamente, houve espa\u00e7o para atua\u00e7\u00f5es de ranchos folcl\u00f3ricos, acorde\u00e3o, concertinas e muita anima\u00e7\u00e3o.<\/p>\n<p><strong>Maquinaria Agr\u00edcola<\/strong><\/p>\n<p>O certame contou com uma grande mostra de maquinaria e equipamentos inovadores reflexo de um sector moderno, din\u00e2mico, renovado e com preocupa\u00e7\u00f5es ambientais. Para muitos dos expositores presentes, a expetativa foi ultrapassada pelos muitos contactos estabelecidos e pelos neg\u00f3cios efetuados, sendo de real\u00e7ar o cuidado na apresenta\u00e7\u00e3o dos espa\u00e7os e stands.<\/p>\n<p><strong>Conversas de Agricultura e Encontros<\/strong><\/p>\n<p>Numa clara demonstra\u00e7\u00e3o do interesse das v\u00e1rias discuss\u00f5es que aqui decorreram a Feira Nacional de Agricultura foi palco de 32 a\u00e7\u00f5es sobre o sector no Ciclo de Confer\u00eancias \u201cConversas de Agricultura\u201d que contaram com a participa\u00e7\u00e3o de especialistas de diversas \u00e1reas.<\/p>\n<p>Nos v\u00e1rios debates, destaca-se a apresenta\u00e7\u00e3o de uma vis\u00e3o do futuro da agricultura relativamente \u00e0 componente digital e uma ideia de internet das coisas numa an\u00e1lise em tempo real das culturas e que permitir\u00e3o ao agricultor otimizar a produ\u00e7\u00e3o a qualquer momento.<\/p>\n<p>Cerca de 1500 pessoas assistiram presencialmente a estes semin\u00e1rios e aos v\u00e1rios encontros.<\/p>\n<p><strong>Gastronomia<\/strong><\/p>\n<p>Na \u00e1rea da gastronomia, o alargamento da \u00e1rea dos restaurantes foi bem recebido pelas pessoas e a renova\u00e7\u00e3o das esplanadas das tasquinhas foi mais um motivo de atra\u00e7\u00e3o para os visitantes, o que possibilitou um melhor servi\u00e7o para todos.<\/p>\n<p><strong>Mostra Agro \u2013 Pecu\u00e1ria<\/strong><\/p>\n<p>A FNA 22 teve em exposi\u00e7\u00e3o uma mostra de diferentes ra\u00e7as aut\u00f3ctones bovinas nacionais e equinos, representando algumas das principais coudelarias nacionais, su\u00ednos, caprinos e ovinos. Estiveram permanentemente em exposi\u00e7\u00e3o 392 efetivos e estiveram envolvidos em provas 254 animais.<\/p>\n<p>Relativamente \u00e0s Atividades Equestres , realce para a 1\u00aa Exibi\u00e7\u00e3o Luso-Espanhola de Atrelagem de Tradi\u00e7\u00e3o com participantes portugueses e espanh\u00f3is, para o Concurso de Coudelarias e da \u00c9gua Afilhada, provas que contaram com bastante ades\u00e3o e que deixaram os participantes muito satisfeitos com o n\u00edvel da organiza\u00e7\u00e3o. As jornadas de Equita\u00e7\u00e3o do Trabalho, o Concurso de Dressage e o Concurso de Saltos tamb\u00e9m registaram bastante aflu\u00eancia.<\/p>\n<p><strong>Anima\u00e7\u00e3o na Feira Nacional de Agricultura<\/strong><\/p>\n<p>A FNA 22 foi palco de v\u00e1rios concertos como David Carreira, Abba Gold, Syro e David Antunes e convidados Netinho e Vanessa Silva. Os visitantes tamb\u00e9m puderam observar iniciativas da regi\u00e3o como largadas de toiros, desfiles e provas de campinos, escolas de toureio, treinos de forcados, exibi\u00e7\u00f5es de folclore, mercados tradicionais e m\u00fasica tradicional e popular.<\/p>\n<p><strong>FNA 22 e a diminui\u00e7\u00e3o da pegada ecol\u00f3gica<\/strong><\/p>\n<p>Durante os nove dias de feira, o compromisso com o meio \u2013 ambiente e a sustentabilidade estiveram sempre presentes. Numa colabora\u00e7\u00e3o entre o CNEMA e a Rodovi\u00e1ria do Tejo, o servi\u00e7o gratuito de transporte foi prestado com autocarros el\u00e9tricos e a FNA 22 tamb\u00e9m apostou em copos reutiliz\u00e1veis por 1 \u20ac apenas (sem retorno) para diminuir o uso do pl\u00e1stico.<\/p>\n<p><strong>E-FNA<\/strong><\/p>\n<p>Com o intuito de promover a feira de uma forma mais direta a FNA 22 voltou a contar com a plataforma E-FNA. A plataforma agregou 118.000 visitas de todo o mundo e 332.000 a\u00e7\u00f5es. A plataforma E-FNA continua a ser uma extens\u00e3o da feira f\u00edsica e das v\u00e1rias atividades que aqui decorrem.<\/p>\n<p>No \u00faltimo dia da FNA22, come\u00e7ou a ser preparada a edi\u00e7\u00e3o de 2023 , que vai decorrer de 3 a 11 de junho.<\/p>\n<div class=\"fb-background-color\">\n\t\t\t  <div \n\t\t\t  \tclass = \"fb-comments\" \n\t\t\t  \tdata-href = \"https:\/\/www.entroncamentoonline.pt\/portal\/conferencia-de-imprensa-faz-balanco-fna-22-feira-nacional-de-agricultura-feira-do-ribatejo-mostrou-um-sector-sustentavel-inovador-tecnologico-e-dinamico\/\"\n\t\t\t  \tdata-numposts = \"10\"\n\t\t\t  \tdata-lazy = \"true\"\n\t\t\t\tdata-colorscheme = \"light\"\n\t\t\t\tdata-order-by = \"social\"\n\t\t\t\tdata-mobile=true>\n\t\t\t  <\/div><\/div>\n\t\t  <style>\n\t\t    .fb-background-color {\n\t\t\t\tbackground:  !important;\n\t\t\t}\n\t\t\t.fb_iframe_widget_fluid_desktop iframe {\n\t\t\t    width: 100% !important;\n\t\t\t}\n\t\t  <\/style>\n\t\t  ","protected":false},"excerpt":{"rendered":"<p>A FNA 22 \u2013 Feira Nacional de Agricultura \/ Feira do Ribatejo que decorre no Centro Nacional de Exposi\u00e7\u00f5es, em Santar\u00e9m, desde o passado dia 4 de junho e que encerra este domingo portas, teve como tema central a \u201cInova\u00e7\u00e3o e Tecnologia\u201d. O certame mostrou que o sector est\u00e1 em permanente mudan\u00e7a, \u00e9 moderno, e [&hellip;]<\/p>\n","protected":false},"author":1,"featured_media":51738,"comment_status":"open","ping_status":"closed","sticky":false,"template":"","format":"standard","meta":{"_acf_changed":false,"footnotes":""},"categories":[52,32,71],"tags":[],"class_list":{"0":"post-51737","1":"post","2":"type-post","3":"status-publish","4":"format-standard","5":"has-post-thumbnail","7":"category-geral","8":"category-noticias","9":"category-outras-noticias"},"acf":[],"_links":{"self":[{"href":"https:\/\/www.entroncamentoonline.pt\/portal\/wp-json\/wp\/v2\/posts\/51737","targetHints":{"allow":["GET"]}}],"collection":[{"href":"https:\/\/www.entroncamentoonline.pt\/portal\/wp-json\/wp\/v2\/posts"}],"about":[{"href":"https:\/\/www.entroncamentoonline.pt\/portal\/wp-json\/wp\/v2\/types\/post"}],"author":[{"embeddable":true,"href":"https:\/\/www.entroncamentoonline.pt\/portal\/wp-json\/wp\/v2\/users\/1"}],"replies":[{"embeddable":true,"href":"https:\/\/www.entroncamentoonline.pt\/portal\/wp-json\/wp\/v2\/comments?post=51737"}],"version-history":[{"count":0,"href":"https:\/\/www.entroncamentoonline.pt\/portal\/wp-json\/wp\/v2\/posts\/51737\/revisions"}],"wp:featuredmedia":[{"embeddable":true,"href":"https:\/\/www.entroncamentoonline.pt\/portal\/wp-json\/wp\/v2\/media\/51738"}],"wp:attachment":[{"href":"https:\/\/www.entroncamentoonline.pt\/portal\/wp-json\/wp\/v2\/media?parent=51737"}],"wp:term":[{"taxonomy":"category","embeddable":true,"href":"https:\/\/www.entroncamentoonline.pt\/portal\/wp-json\/wp\/v2\/categories?post=51737"},{"taxonomy":"post_tag","embeddable":true,"href":"https:\/\/www.entroncamentoonline.pt\/portal\/wp-json\/wp\/v2\/tags?post=51737"}],"curies":[{"name":"wp","href":"https:\/\/api.w.org\/{rel}","templated":true}]}}