{"id":51582,"date":"2022-06-04T17:02:48","date_gmt":"2022-06-04T16:02:48","guid":{"rendered":"https:\/\/www.entroncamentoonline.pt\/portal\/?p=51582"},"modified":"2022-06-06T20:49:26","modified_gmt":"2022-06-06T19:49:26","slug":"santarem-presidente-da-republica-e-ministra-da-agricultura-na-inauguracao-da-fersant","status":"publish","type":"post","link":"https:\/\/www.entroncamentoonline.pt\/portal\/santarem-presidente-da-republica-e-ministra-da-agricultura-na-inauguracao-da-fersant\/","title":{"rendered":"Santar\u00e9m | Presidente da Rep\u00fablica e Ministra da Agricultura na inaugura\u00e7\u00e3o da FERSANT"},"content":{"rendered":"<p>Inaugurou este s\u00e1bado, 4 de junho, pelas 15:00, a 33.\u00aa edi\u00e7\u00e3o da FERSANT &#8211; Feira Empresarial da Regi\u00e3o de Santar\u00e9m, certame organizado pela NERSANT &#8211; Associa\u00e7\u00e3o Empresarial da Regi\u00e3o de Santar\u00e9m com o objetivo de promover o dinamismo econ\u00f3mico da regi\u00e3o. A feira, realizada em paralelo com a Feira Nacional da Agricultura \/ Feira do Ribatejo, foi inaugurada pelo Presidente da Rep\u00fablica, Marcelo Rebelo de Sousa e pela Ministra da Agricultura, Maria do C\u00e9u Antunes.<\/p>\n<p>Domingos Chambel, Presidente da Dire\u00e7\u00e3o da NERSANT, recebeu o Presidente da Rep\u00fablica e a Ministra da Agricultura no stand da NERSANT, onde come\u00e7ou por referir o bom desempenho das exporta\u00e7\u00f5es da regi\u00e3o no \u00faltimo ano, acima da m\u00e9dia nacional, apresentando de seguida o espa\u00e7o emprego e forma\u00e7\u00e3o promovido pela associa\u00e7\u00e3o e onde se encontram patentes ofertas de emprego de empresas da regi\u00e3o, bem como a oferta formativa regional, representada por diversas institui\u00e7\u00f5es de ensino do distrito. No \u00e2mbito deste espa\u00e7o, a associa\u00e7\u00e3o empresarial realiza no dia 7 de junho, pelas 11:00, uma sess\u00e3o onde vai apresentar a sua oferta formativa para as empresas da regi\u00e3o.<\/p>\n<p>De seguida, os corredores da Nave B do CNEMA, onde se realiza a Feira Empresarial da Regi\u00e3o de Santar\u00e9m, foram percorridos por Marcelo Rebelo de Sousa e Maria do C\u00e9u Antunes, acompanhados pelo Presidente da Dire\u00e7\u00e3o da NERSANT, que foi apresentando as empresas participantes ao longo do percurso. No total, est\u00e3o em exposi\u00e7\u00e3o no certame 63 empresas de diversos setores de atividade, com especial relevo para a ind\u00fastria, com\u00e9rcio e servi\u00e7os, que a comitiva teve a oportunidade de conhecer.<\/p>\n<div id='gallery-1' class='gallery galleryid-51582 gallery-columns-3 gallery-size-thumbnail'><figure class='gallery-item'>\n\t\t\t<div class='gallery-icon landscape'>\n\t\t\t\t<a href='https:\/\/www.entroncamentoonline.pt\/portal\/santarem-presidente-da-republica-e-ministra-da-agricultura-na-inauguracao-da-fersant\/img_2225\/'><img loading=\"lazy\" decoding=\"async\" width=\"350\" height=\"350\" src=\"https:\/\/www.entroncamentoonline.pt\/portal\/wp-content\/uploads\/2022\/06\/IMG_2225-350x350.jpg\" class=\"attachment-thumbnail size-thumbnail\" alt=\"\" aria-describedby=\"gallery-1-51598\" \/><\/a>\n\t\t\t<\/div>\n\t\t\t\t<figcaption class='wp-caption-text gallery-caption' id='gallery-1-51598'>\n\t\t\t\tFoto Nersant\n\t\t\t\t<\/figcaption><\/figure><figure class='gallery-item'>\n\t\t\t<div class='gallery-icon landscape'>\n\t\t\t\t<a href='https:\/\/www.entroncamentoonline.pt\/portal\/santarem-presidente-da-republica-e-ministra-da-agricultura-na-inauguracao-da-fersant\/img_2228\/'><img loading=\"lazy\" decoding=\"async\" width=\"350\" height=\"350\" src=\"https:\/\/www.entroncamentoonline.pt\/portal\/wp-content\/uploads\/2022\/06\/IMG_2228-350x350.jpg\" class=\"attachment-thumbnail size-thumbnail\" alt=\"\" aria-describedby=\"gallery-1-51597\" \/><\/a>\n\t\t\t<\/div>\n\t\t\t\t<figcaption class='wp-caption-text gallery-caption' id='gallery-1-51597'>\n\t\t\t\tFoto Nersant\n\t\t\t\t<\/figcaption><\/figure><figure class='gallery-item'>\n\t\t\t<div class='gallery-icon landscape'>\n\t\t\t\t<a href='https:\/\/www.entroncamentoonline.pt\/portal\/santarem-presidente-da-republica-e-ministra-da-agricultura-na-inauguracao-da-fersant\/img_2261\/'><img loading=\"lazy\" decoding=\"async\" width=\"350\" height=\"350\" src=\"https:\/\/www.entroncamentoonline.pt\/portal\/wp-content\/uploads\/2022\/06\/IMG_2261-350x350.jpg\" class=\"attachment-thumbnail size-thumbnail\" alt=\"\" aria-describedby=\"gallery-1-51596\" \/><\/a>\n\t\t\t<\/div>\n\t\t\t\t<figcaption class='wp-caption-text gallery-caption' id='gallery-1-51596'>\n\t\t\t\tFoto Nersant\n\t\t\t\t<\/figcaption><\/figure><figure class='gallery-item'>\n\t\t\t<div class='gallery-icon landscape'>\n\t\t\t\t<a href='https:\/\/www.entroncamentoonline.pt\/portal\/santarem-presidente-da-republica-e-ministra-da-agricultura-na-inauguracao-da-fersant\/img_2271\/'><img loading=\"lazy\" decoding=\"async\" width=\"350\" height=\"350\" src=\"https:\/\/www.entroncamentoonline.pt\/portal\/wp-content\/uploads\/2022\/06\/IMG_2271-350x350.jpg\" class=\"attachment-thumbnail size-thumbnail\" alt=\"\" aria-describedby=\"gallery-1-51595\" \/><\/a>\n\t\t\t<\/div>\n\t\t\t\t<figcaption class='wp-caption-text gallery-caption' id='gallery-1-51595'>\n\t\t\t\tFoto Nersant\n\t\t\t\t<\/figcaption><\/figure><figure class='gallery-item'>\n\t\t\t<div class='gallery-icon landscape'>\n\t\t\t\t<a href='https:\/\/www.entroncamentoonline.pt\/portal\/santarem-presidente-da-republica-e-ministra-da-agricultura-na-inauguracao-da-fersant\/img_2278\/'><img loading=\"lazy\" decoding=\"async\" width=\"350\" height=\"350\" src=\"https:\/\/www.entroncamentoonline.pt\/portal\/wp-content\/uploads\/2022\/06\/IMG_2278-350x350.jpg\" class=\"attachment-thumbnail size-thumbnail\" alt=\"\" aria-describedby=\"gallery-1-51594\" \/><\/a>\n\t\t\t<\/div>\n\t\t\t\t<figcaption class='wp-caption-text gallery-caption' id='gallery-1-51594'>\n\t\t\t\tFoto Nersant\n\t\t\t\t<\/figcaption><\/figure><figure class='gallery-item'>\n\t\t\t<div class='gallery-icon landscape'>\n\t\t\t\t<a href='https:\/\/www.entroncamentoonline.pt\/portal\/santarem-presidente-da-republica-e-ministra-da-agricultura-na-inauguracao-da-fersant\/img_2293\/'><img loading=\"lazy\" decoding=\"async\" width=\"350\" height=\"350\" src=\"https:\/\/www.entroncamentoonline.pt\/portal\/wp-content\/uploads\/2022\/06\/IMG_2293-350x350.jpg\" class=\"attachment-thumbnail size-thumbnail\" alt=\"\" aria-describedby=\"gallery-1-51593\" \/><\/a>\n\t\t\t<\/div>\n\t\t\t\t<figcaption class='wp-caption-text gallery-caption' id='gallery-1-51593'>\n\t\t\t\tFoto Nersant\n\t\t\t\t<\/figcaption><\/figure><figure class='gallery-item'>\n\t\t\t<div class='gallery-icon landscape'>\n\t\t\t\t<a href='https:\/\/www.entroncamentoonline.pt\/portal\/santarem-presidente-da-republica-e-ministra-da-agricultura-na-inauguracao-da-fersant\/img_2174\/'><img loading=\"lazy\" decoding=\"async\" width=\"350\" height=\"350\" src=\"https:\/\/www.entroncamentoonline.pt\/portal\/wp-content\/uploads\/2022\/06\/IMG_2174-350x350.jpg\" class=\"attachment-thumbnail size-thumbnail\" alt=\"\" aria-describedby=\"gallery-1-51586\" \/><\/a>\n\t\t\t<\/div>\n\t\t\t\t<figcaption class='wp-caption-text gallery-caption' id='gallery-1-51586'>\n\t\t\t\tFoto Nersant\n\t\t\t\t<\/figcaption><\/figure><figure class='gallery-item'>\n\t\t\t<div class='gallery-icon landscape'>\n\t\t\t\t<a href='https:\/\/www.entroncamentoonline.pt\/portal\/santarem-presidente-da-republica-e-ministra-da-agricultura-na-inauguracao-da-fersant\/img_2341\/'><img loading=\"lazy\" decoding=\"async\" width=\"350\" height=\"350\" src=\"https:\/\/www.entroncamentoonline.pt\/portal\/wp-content\/uploads\/2022\/06\/IMG_2341-350x350.jpg\" class=\"attachment-thumbnail size-thumbnail\" alt=\"\" aria-describedby=\"gallery-1-51589\" \/><\/a>\n\t\t\t<\/div>\n\t\t\t\t<figcaption class='wp-caption-text gallery-caption' id='gallery-1-51589'>\n\t\t\t\tFoto Nersant\n\t\t\t\t<\/figcaption><\/figure><figure class='gallery-item'>\n\t\t\t<div class='gallery-icon landscape'>\n\t\t\t\t<a href='https:\/\/www.entroncamentoonline.pt\/portal\/santarem-presidente-da-republica-e-ministra-da-agricultura-na-inauguracao-da-fersant\/img_2339\/'><img loading=\"lazy\" decoding=\"async\" width=\"350\" height=\"350\" src=\"https:\/\/www.entroncamentoonline.pt\/portal\/wp-content\/uploads\/2022\/06\/IMG_2339-350x350.jpg\" class=\"attachment-thumbnail size-thumbnail\" alt=\"\" aria-describedby=\"gallery-1-51590\" \/><\/a>\n\t\t\t<\/div>\n\t\t\t\t<figcaption class='wp-caption-text gallery-caption' id='gallery-1-51590'>\n\t\t\t\tFoto Nersant\n\t\t\t\t<\/figcaption><\/figure><figure class='gallery-item'>\n\t\t\t<div class='gallery-icon landscape'>\n\t\t\t\t<a href='https:\/\/www.entroncamentoonline.pt\/portal\/santarem-presidente-da-republica-e-ministra-da-agricultura-na-inauguracao-da-fersant\/img_2336\/'><img loading=\"lazy\" decoding=\"async\" width=\"350\" height=\"350\" src=\"https:\/\/www.entroncamentoonline.pt\/portal\/wp-content\/uploads\/2022\/06\/IMG_2336-350x350.jpg\" class=\"attachment-thumbnail size-thumbnail\" alt=\"\" aria-describedby=\"gallery-1-51591\" \/><\/a>\n\t\t\t<\/div>\n\t\t\t\t<figcaption class='wp-caption-text gallery-caption' id='gallery-1-51591'>\n\t\t\t\tFoto Nersant\n\t\t\t\t<\/figcaption><\/figure><figure class='gallery-item'>\n\t\t\t<div class='gallery-icon landscape'>\n\t\t\t\t<a href='https:\/\/www.entroncamentoonline.pt\/portal\/santarem-presidente-da-republica-e-ministra-da-agricultura-na-inauguracao-da-fersant\/img_2325\/'><img loading=\"lazy\" decoding=\"async\" width=\"350\" height=\"350\" src=\"https:\/\/www.entroncamentoonline.pt\/portal\/wp-content\/uploads\/2022\/06\/IMG_2325-350x350.jpg\" class=\"attachment-thumbnail size-thumbnail\" alt=\"\" aria-describedby=\"gallery-1-51592\" \/><\/a>\n\t\t\t<\/div>\n\t\t\t\t<figcaption class='wp-caption-text gallery-caption' id='gallery-1-51592'>\n\t\t\t\tFoto Nersant\n\t\t\t\t<\/figcaption><\/figure>\n\t\t<\/div>\n\n<p style=\"text-align: center;\"><strong>FERSANT Digital at\u00e9 ao fim do m\u00eas<\/strong><\/p>\n<p>Paralelamente \u00e0 exposi\u00e7\u00e3o presencial, a FERSANT possibilita ainda a cada um dos expositores, a participa\u00e7\u00e3o, at\u00e9 ao final do m\u00eas de junho, na FERSANT Digital, certame que arrancou no dia 4 de junho, no portal <a href=\"https:\/\/compronoribatejo.pt\/feira\/xxxiii-fersant-2022-digital\">Compro no Ribatejo<\/a>. Assim, aos visitantes que n\u00e3o puderem visitar presencialmente o certame, a NERSANT d\u00e1 a possibilidade \u00e0 comunidade de conhecer e realizar neg\u00f3cios com as empresas expositoras na 33.\u00aa edi\u00e7\u00e3o da feira.<\/p>\n<p>De referir que a FERSANT tem vindo a assumir-se como um importante espa\u00e7o de trocas comerciais e conhecimento entre as empresas da regi\u00e3o, o que se tem verificado quer pelo n\u00famero de visitantes, quer pelo n\u00famero de empresas e entidades interessadas em mostrar os seus servi\u00e7os ou produtos neste espa\u00e7o, que tem aumentado a cada ano.<\/p>\n<div class=\"fb-background-color\">\n\t\t\t  <div \n\t\t\t  \tclass = \"fb-comments\" \n\t\t\t  \tdata-href = \"https:\/\/www.entroncamentoonline.pt\/portal\/santarem-presidente-da-republica-e-ministra-da-agricultura-na-inauguracao-da-fersant\/\"\n\t\t\t  \tdata-numposts = \"10\"\n\t\t\t  \tdata-lazy = \"true\"\n\t\t\t\tdata-colorscheme = \"light\"\n\t\t\t\tdata-order-by = \"social\"\n\t\t\t\tdata-mobile=true>\n\t\t\t  <\/div><\/div>\n\t\t  <style>\n\t\t    .fb-background-color {\n\t\t\t\tbackground:  !important;\n\t\t\t}\n\t\t\t.fb_iframe_widget_fluid_desktop iframe {\n\t\t\t    width: 100% !important;\n\t\t\t}\n\t\t  <\/style>\n\t\t  ","protected":false},"excerpt":{"rendered":"<p>Inaugurou este s\u00e1bado, 4 de junho, pelas 15:00, a 33.\u00aa edi\u00e7\u00e3o da FERSANT &#8211; Feira Empresarial da Regi\u00e3o de Santar\u00e9m, certame organizado pela NERSANT &#8211; Associa\u00e7\u00e3o Empresarial da Regi\u00e3o de Santar\u00e9m com o objetivo de promover o dinamismo econ\u00f3mico da regi\u00e3o. A feira, realizada em paralelo com a Feira Nacional da Agricultura \/ Feira do [&hellip;]<\/p>\n","protected":false},"author":1,"featured_media":51586,"comment_status":"open","ping_status":"closed","sticky":false,"template":"","format":"standard","meta":{"_acf_changed":false,"footnotes":""},"categories":[32,48],"tags":[],"class_list":{"0":"post-51582","1":"post","2":"type-post","3":"status-publish","4":"format-standard","5":"has-post-thumbnail","7":"category-noticias","8":"category-regiao"},"acf":[],"_links":{"self":[{"href":"https:\/\/www.entroncamentoonline.pt\/portal\/wp-json\/wp\/v2\/posts\/51582","targetHints":{"allow":["GET"]}}],"collection":[{"href":"https:\/\/www.entroncamentoonline.pt\/portal\/wp-json\/wp\/v2\/posts"}],"about":[{"href":"https:\/\/www.entroncamentoonline.pt\/portal\/wp-json\/wp\/v2\/types\/post"}],"author":[{"embeddable":true,"href":"https:\/\/www.entroncamentoonline.pt\/portal\/wp-json\/wp\/v2\/users\/1"}],"replies":[{"embeddable":true,"href":"https:\/\/www.entroncamentoonline.pt\/portal\/wp-json\/wp\/v2\/comments?post=51582"}],"version-history":[{"count":0,"href":"https:\/\/www.entroncamentoonline.pt\/portal\/wp-json\/wp\/v2\/posts\/51582\/revisions"}],"wp:featuredmedia":[{"embeddable":true,"href":"https:\/\/www.entroncamentoonline.pt\/portal\/wp-json\/wp\/v2\/media\/51586"}],"wp:attachment":[{"href":"https:\/\/www.entroncamentoonline.pt\/portal\/wp-json\/wp\/v2\/media?parent=51582"}],"wp:term":[{"taxonomy":"category","embeddable":true,"href":"https:\/\/www.entroncamentoonline.pt\/portal\/wp-json\/wp\/v2\/categories?post=51582"},{"taxonomy":"post_tag","embeddable":true,"href":"https:\/\/www.entroncamentoonline.pt\/portal\/wp-json\/wp\/v2\/tags?post=51582"}],"curies":[{"name":"wp","href":"https:\/\/api.w.org\/{rel}","templated":true}]}}