{"id":51130,"date":"2022-05-26T16:43:28","date_gmt":"2022-05-26T15:43:28","guid":{"rendered":"https:\/\/www.entroncamentoonline.pt\/portal\/?p=51130"},"modified":"2022-06-04T08:07:29","modified_gmt":"2022-06-04T07:07:29","slug":"dia-mundial-da-crianca-assinalado-em-sardoal-2","status":"publish","type":"post","link":"https:\/\/www.entroncamentoonline.pt\/portal\/dia-mundial-da-crianca-assinalado-em-sardoal-2\/","title":{"rendered":"Dia Mundial da Crian\u00e7a\u00a0assinalado em Sardoal"},"content":{"rendered":"<p>O Dia Mundial da Crian\u00e7a, 1 de junho, vai ser assinalado no Sardoal atrav\u00e9s de um conjunto de atividades que ter\u00e3o lugar na Tapada da Torre (junto ao Agrupamento de Escolas) entre as 10 e as 15 horas.<\/p>\n<p>Promovida, em conjunto, pelo Munic\u00edpio de Sardoal, CLDS 4G &#8211; SER Sardoal, Agrupamento de Escolas, CPCJ e Associa\u00e7\u00e3o de Pais e Encarregados de Educa\u00e7\u00e3o do Agrupamento de Escolas de Sardoal, a iniciativa contar\u00e1 com atividades como jogos tradicionais, insufl\u00e1veis e modelagem de bal\u00f5es.<\/p>\n<p>As atividades, que ter\u00e3o pausa para almo\u00e7o entre as 12 e as 13 horas, ser\u00e3o acompanhadas pelos T\u00e9cnicos de Desporto e Juventude do Munic\u00edpio e pelos alunos do Curso Profissional de T\u00e9cnico de Desporto da Escola Dra. Maria Judite Serr\u00e3o de Andrade, sendo que todas as crian\u00e7as ir\u00e3o receber uma lembran\u00e7a por parte do Munic\u00edpio.<\/p>\n<p>Relembre-se que o Dia Mundial da Crian\u00e7a foi proclamado em Genebra, em 1925, durante a Confer\u00eancia Mundial para o Bem-estar da Crian\u00e7a, sendo celebrado desde ent\u00e3o no dia 1 de junho em v\u00e1rios pa\u00edses.<\/p>\n<div class=\"fb-background-color\">\n\t\t\t  <div \n\t\t\t  \tclass = \"fb-comments\" \n\t\t\t  \tdata-href = \"https:\/\/www.entroncamentoonline.pt\/portal\/dia-mundial-da-crianca-assinalado-em-sardoal-2\/\"\n\t\t\t  \tdata-numposts = \"10\"\n\t\t\t  \tdata-lazy = \"true\"\n\t\t\t\tdata-colorscheme = \"light\"\n\t\t\t\tdata-order-by = \"social\"\n\t\t\t\tdata-mobile=true>\n\t\t\t  <\/div><\/div>\n\t\t  <style>\n\t\t    .fb-background-color {\n\t\t\t\tbackground:  !important;\n\t\t\t}\n\t\t\t.fb_iframe_widget_fluid_desktop iframe {\n\t\t\t    width: 100% !important;\n\t\t\t}\n\t\t  <\/style>\n\t\t  ","protected":false},"excerpt":{"rendered":"<p>O Dia Mundial da Crian\u00e7a, 1 de junho, vai ser assinalado no Sardoal atrav\u00e9s de um conjunto de atividades que ter\u00e3o lugar na Tapada da Torre (junto ao Agrupamento de Escolas) entre as 10 e as 15 horas. Promovida, em conjunto, pelo Munic\u00edpio de Sardoal, CLDS 4G &#8211; SER Sardoal, Agrupamento de Escolas, CPCJ e [&hellip;]<\/p>\n","protected":false},"author":1,"featured_media":0,"comment_status":"open","ping_status":"closed","sticky":false,"template":"","format":"standard","meta":{"_acf_changed":false,"footnotes":""},"categories":[1],"tags":[],"class_list":{"0":"post-51130","1":"post","2":"type-post","3":"status-publish","4":"format-standard","6":"category-sem-categoria"},"acf":[],"_links":{"self":[{"href":"https:\/\/www.entroncamentoonline.pt\/portal\/wp-json\/wp\/v2\/posts\/51130","targetHints":{"allow":["GET"]}}],"collection":[{"href":"https:\/\/www.entroncamentoonline.pt\/portal\/wp-json\/wp\/v2\/posts"}],"about":[{"href":"https:\/\/www.entroncamentoonline.pt\/portal\/wp-json\/wp\/v2\/types\/post"}],"author":[{"embeddable":true,"href":"https:\/\/www.entroncamentoonline.pt\/portal\/wp-json\/wp\/v2\/users\/1"}],"replies":[{"embeddable":true,"href":"https:\/\/www.entroncamentoonline.pt\/portal\/wp-json\/wp\/v2\/comments?post=51130"}],"version-history":[{"count":0,"href":"https:\/\/www.entroncamentoonline.pt\/portal\/wp-json\/wp\/v2\/posts\/51130\/revisions"}],"wp:attachment":[{"href":"https:\/\/www.entroncamentoonline.pt\/portal\/wp-json\/wp\/v2\/media?parent=51130"}],"wp:term":[{"taxonomy":"category","embeddable":true,"href":"https:\/\/www.entroncamentoonline.pt\/portal\/wp-json\/wp\/v2\/categories?post=51130"},{"taxonomy":"post_tag","embeddable":true,"href":"https:\/\/www.entroncamentoonline.pt\/portal\/wp-json\/wp\/v2\/tags?post=51130"}],"curies":[{"name":"wp","href":"https:\/\/api.w.org\/{rel}","templated":true}]}}