{"id":51102,"date":"2022-05-26T08:08:55","date_gmt":"2022-05-26T07:08:55","guid":{"rendered":"https:\/\/www.entroncamentoonline.pt\/portal\/?p=51102"},"modified":"2022-05-27T07:45:40","modified_gmt":"2022-05-27T06:45:40","slug":"quinta-feira-da-ascensao-esta-quinta-feira-e-dia-da-espiga","status":"publish","type":"post","link":"https:\/\/www.entroncamentoonline.pt\/portal\/quinta-feira-da-ascensao-esta-quinta-feira-e-dia-da-espiga\/","title":{"rendered":"Quinta-feira da Ascens\u00e3o | Esta quinta-feira \u00e9 Dia da Espiga"},"content":{"rendered":"<p>A quinta-feira da Ascens\u00e3o \u00e9 a quinta-feira 40 dias ap\u00f3s o domingo de P\u00e1scoa.<\/p>\n<p>Aqui na zona \u00e9 feriado em, Alcanena, Almeirim, Azambuja, Benavente, Cartaxo, Chamusca, Goleg\u00e3 e Torres Novas.<\/p>\n<p>A Junta de Freguesia de Nossa Senhora de F\u00e1tima do Entroncamento, recupera, mais uma vez, uma tradi\u00e7\u00e3o e convida a popula\u00e7\u00e3o para na quinta-feira da espiga, dia 26, ir at\u00e9 ao Bonito, apanhar a espiga e almo\u00e7ar, no parque dos Escuteiros\/Escoteiros.<\/p>\n<p>Da ementa do almo\u00e7o, consta o farnel que cada um levar e um churrasco, seguido de anima\u00e7\u00e3o.<\/p>\n<p>Pa\u00edses onde a quinta-feira da Ascens\u00e3o \u00e9 feriado oficial s\u00e3o Alemanha, \u00c1ustria, B\u00e9lgica, Dinamarca, Finl\u00e2ndia, Fran\u00e7a, Luxemburgo, os Pa\u00edses Baixos, Noruega, Su\u00e9cia e a Su\u00ed\u00e7a.<\/p>\n<div class=\"fb-background-color\">\n\t\t\t  <div \n\t\t\t  \tclass = \"fb-comments\" \n\t\t\t  \tdata-href = \"https:\/\/www.entroncamentoonline.pt\/portal\/quinta-feira-da-ascensao-esta-quinta-feira-e-dia-da-espiga\/\"\n\t\t\t  \tdata-numposts = \"10\"\n\t\t\t  \tdata-lazy = \"true\"\n\t\t\t\tdata-colorscheme = \"light\"\n\t\t\t\tdata-order-by = \"social\"\n\t\t\t\tdata-mobile=true>\n\t\t\t  <\/div><\/div>\n\t\t  <style>\n\t\t    .fb-background-color {\n\t\t\t\tbackground:  !important;\n\t\t\t}\n\t\t\t.fb_iframe_widget_fluid_desktop iframe {\n\t\t\t    width: 100% !important;\n\t\t\t}\n\t\t  <\/style>\n\t\t  ","protected":false},"excerpt":{"rendered":"<p>A quinta-feira da Ascens\u00e3o \u00e9 a quinta-feira 40 dias ap\u00f3s o domingo de P\u00e1scoa. Aqui na zona \u00e9 feriado em, Alcanena, Almeirim, Azambuja, Benavente, Cartaxo, Chamusca, Goleg\u00e3 e Torres Novas. A Junta de Freguesia de Nossa Senhora de F\u00e1tima do Entroncamento, recupera, mais uma vez, uma tradi\u00e7\u00e3o e convida a popula\u00e7\u00e3o para na quinta-feira da [&hellip;]<\/p>\n","protected":false},"author":1,"featured_media":19650,"comment_status":"open","ping_status":"closed","sticky":false,"template":"","format":"standard","meta":{"_acf_changed":false,"footnotes":""},"categories":[1],"tags":[],"class_list":{"0":"post-51102","1":"post","2":"type-post","3":"status-publish","4":"format-standard","5":"has-post-thumbnail","7":"category-sem-categoria"},"acf":[],"_links":{"self":[{"href":"https:\/\/www.entroncamentoonline.pt\/portal\/wp-json\/wp\/v2\/posts\/51102","targetHints":{"allow":["GET"]}}],"collection":[{"href":"https:\/\/www.entroncamentoonline.pt\/portal\/wp-json\/wp\/v2\/posts"}],"about":[{"href":"https:\/\/www.entroncamentoonline.pt\/portal\/wp-json\/wp\/v2\/types\/post"}],"author":[{"embeddable":true,"href":"https:\/\/www.entroncamentoonline.pt\/portal\/wp-json\/wp\/v2\/users\/1"}],"replies":[{"embeddable":true,"href":"https:\/\/www.entroncamentoonline.pt\/portal\/wp-json\/wp\/v2\/comments?post=51102"}],"version-history":[{"count":0,"href":"https:\/\/www.entroncamentoonline.pt\/portal\/wp-json\/wp\/v2\/posts\/51102\/revisions"}],"wp:featuredmedia":[{"embeddable":true,"href":"https:\/\/www.entroncamentoonline.pt\/portal\/wp-json\/wp\/v2\/media\/19650"}],"wp:attachment":[{"href":"https:\/\/www.entroncamentoonline.pt\/portal\/wp-json\/wp\/v2\/media?parent=51102"}],"wp:term":[{"taxonomy":"category","embeddable":true,"href":"https:\/\/www.entroncamentoonline.pt\/portal\/wp-json\/wp\/v2\/categories?post=51102"},{"taxonomy":"post_tag","embeddable":true,"href":"https:\/\/www.entroncamentoonline.pt\/portal\/wp-json\/wp\/v2\/tags?post=51102"}],"curies":[{"name":"wp","href":"https:\/\/api.w.org\/{rel}","templated":true}]}}