{"id":50906,"date":"2022-05-20T16:06:47","date_gmt":"2022-05-20T15:06:47","guid":{"rendered":"https:\/\/www.entroncamentoonline.pt\/portal\/?p=50906"},"modified":"2022-05-26T20:14:13","modified_gmt":"2022-05-26T19:14:13","slug":"ferreira-do-zezere-alteracao-da-reuniao-ordinaria-publica","status":"publish","type":"post","link":"https:\/\/www.entroncamentoonline.pt\/portal\/ferreira-do-zezere-alteracao-da-reuniao-ordinaria-publica\/","title":{"rendered":"Ferreira do Z\u00eazere | Altera\u00e7\u00e3o da Reuni\u00e3o Ordin\u00e1ria P\u00fablica"},"content":{"rendered":"<p>Bruno Jos\u00e9 da Gra\u00e7a Gomes, Presidente da C\u00e2mara Municipal de Ferreira do Z\u00eazere torna p\u00fablico que por seu despacho de 19\/05\/2022, a pr\u00f3xima reuni\u00e3o ordin\u00e1ria p\u00fablica, se realizar\u00e1 quinta-feira, dia 26 de maio, pelas 14h30, no Edif\u00edcio dos Pa\u00e7os do Concelho de Ferreira do Z\u00eazere.<\/p>\n<p>&nbsp;<\/p>\n<div class=\"fb-background-color\">\n\t\t\t  <div \n\t\t\t  \tclass = \"fb-comments\" \n\t\t\t  \tdata-href = \"https:\/\/www.entroncamentoonline.pt\/portal\/ferreira-do-zezere-alteracao-da-reuniao-ordinaria-publica\/\"\n\t\t\t  \tdata-numposts = \"10\"\n\t\t\t  \tdata-lazy = \"true\"\n\t\t\t\tdata-colorscheme = \"light\"\n\t\t\t\tdata-order-by = \"social\"\n\t\t\t\tdata-mobile=true>\n\t\t\t  <\/div><\/div>\n\t\t  <style>\n\t\t    .fb-background-color {\n\t\t\t\tbackground:  !important;\n\t\t\t}\n\t\t\t.fb_iframe_widget_fluid_desktop iframe {\n\t\t\t    width: 100% !important;\n\t\t\t}\n\t\t  <\/style>\n\t\t  ","protected":false},"excerpt":{"rendered":"<p>Bruno Jos\u00e9 da Gra\u00e7a Gomes, Presidente da C\u00e2mara Municipal de Ferreira do Z\u00eazere torna p\u00fablico que por seu despacho de 19\/05\/2022, a pr\u00f3xima reuni\u00e3o ordin\u00e1ria p\u00fablica, se realizar\u00e1 quinta-feira, dia 26 de maio, pelas 14h30, no Edif\u00edcio dos Pa\u00e7os do Concelho de Ferreira do Z\u00eazere. &nbsp;<\/p>\n","protected":false},"author":1,"featured_media":0,"comment_status":"open","ping_status":"closed","sticky":false,"template":"","format":"standard","meta":{"_acf_changed":false,"footnotes":""},"categories":[1],"tags":[],"class_list":{"0":"post-50906","1":"post","2":"type-post","3":"status-publish","4":"format-standard","6":"category-sem-categoria"},"acf":[],"_links":{"self":[{"href":"https:\/\/www.entroncamentoonline.pt\/portal\/wp-json\/wp\/v2\/posts\/50906","targetHints":{"allow":["GET"]}}],"collection":[{"href":"https:\/\/www.entroncamentoonline.pt\/portal\/wp-json\/wp\/v2\/posts"}],"about":[{"href":"https:\/\/www.entroncamentoonline.pt\/portal\/wp-json\/wp\/v2\/types\/post"}],"author":[{"embeddable":true,"href":"https:\/\/www.entroncamentoonline.pt\/portal\/wp-json\/wp\/v2\/users\/1"}],"replies":[{"embeddable":true,"href":"https:\/\/www.entroncamentoonline.pt\/portal\/wp-json\/wp\/v2\/comments?post=50906"}],"version-history":[{"count":0,"href":"https:\/\/www.entroncamentoonline.pt\/portal\/wp-json\/wp\/v2\/posts\/50906\/revisions"}],"wp:attachment":[{"href":"https:\/\/www.entroncamentoonline.pt\/portal\/wp-json\/wp\/v2\/media?parent=50906"}],"wp:term":[{"taxonomy":"category","embeddable":true,"href":"https:\/\/www.entroncamentoonline.pt\/portal\/wp-json\/wp\/v2\/categories?post=50906"},{"taxonomy":"post_tag","embeddable":true,"href":"https:\/\/www.entroncamentoonline.pt\/portal\/wp-json\/wp\/v2\/tags?post=50906"}],"curies":[{"name":"wp","href":"https:\/\/api.w.org\/{rel}","templated":true}]}}