{"id":50265,"date":"2022-05-03T17:28:55","date_gmt":"2022-05-03T16:28:55","guid":{"rendered":"https:\/\/www.entroncamentoonline.pt\/portal\/?p=50265"},"modified":"2022-05-17T11:50:23","modified_gmt":"2022-05-17T10:50:23","slug":"entroncamento-programa-somos-portugal-da-tvi-transmitido-em-direto-no-dia-15-de-maio","status":"publish","type":"post","link":"https:\/\/www.entroncamentoonline.pt\/portal\/entroncamento-programa-somos-portugal-da-tvi-transmitido-em-direto-no-dia-15-de-maio\/","title":{"rendered":"Entroncamento | Programa \u201cSomos Portugal\u201d da TVI transmitido em direto no dia 15 de maio"},"content":{"rendered":"<p>O programa da TVI dos domingos \u00e0 tarde \u201cSomos Portugal\u201d, ser\u00e1 transmitido em direto do Entroncamento, no Largo Jos\u00e9 Duarte Coelho (Largo da C\u00e2mara), onde decorrer\u00e1 a Feira Saberes e Sabores do Entroncamento de \u00a012 A 15 de maio e ser\u00e1 instalado um palco, que nos dis 12 a 14 ser\u00e1 ocupado por artistas da terra e no dia 15 ser\u00e1 da responsabilidade da TVI.<\/p>\n<p>A partir desta ter\u00e7a-feira ser\u00e3o efetuadas reportagens \/ entrevistas na Casa Carloto, com Pedro Dion\u00edsio na Tasca da Nat\u00e9rcia, na Escola Gustave Eiffel sobre os pasteis &#8220;Ferrovi\u00e1rios&#8221;, nos Bairros Ferrovi\u00e1rios e no Museu Nacional Ferrovi\u00e1rio.<\/p>\n<p>No dia 15 de maio o Museu Nacional Ferrovi\u00e1rio ter\u00e1 a respetiva relev\u00e2ncia, assim como as associa\u00e7\u00f5es culturais e desportivas que o munic\u00edpio considerou merecerem relev\u00e2ncia.<\/p>\n<p>Na reuni\u00e3o de C\u00e2mara desta ter\u00e7a-feira, foi aprovada a isen\u00e7\u00e3o de taxas de ocupa\u00e7\u00e3o do espa\u00e7o p\u00fablico para a Feira de Saberes e Sabores do Entroncamento e do programa da TVI.<\/p>\n<p>A C\u00e2mara Municipal vai suportar as refei\u00e7\u00f5es para a produ\u00e7\u00e3o no s\u00e1bado e domingo. Na ordem dos 10\/13 euros, assim como as dormidas que ficar\u00e3o a 40\/45 euros por quarto.<\/p>\n<div class=\"fb-background-color\">\n\t\t\t  <div \n\t\t\t  \tclass = \"fb-comments\" \n\t\t\t  \tdata-href = \"https:\/\/www.entroncamentoonline.pt\/portal\/entroncamento-programa-somos-portugal-da-tvi-transmitido-em-direto-no-dia-15-de-maio\/\"\n\t\t\t  \tdata-numposts = \"10\"\n\t\t\t  \tdata-lazy = \"true\"\n\t\t\t\tdata-colorscheme = \"light\"\n\t\t\t\tdata-order-by = \"social\"\n\t\t\t\tdata-mobile=true>\n\t\t\t  <\/div><\/div>\n\t\t  <style>\n\t\t    .fb-background-color {\n\t\t\t\tbackground:  !important;\n\t\t\t}\n\t\t\t.fb_iframe_widget_fluid_desktop iframe {\n\t\t\t    width: 100% !important;\n\t\t\t}\n\t\t  <\/style>\n\t\t  ","protected":false},"excerpt":{"rendered":"<p>O programa da TVI dos domingos \u00e0 tarde \u201cSomos Portugal\u201d, ser\u00e1 transmitido em direto do Entroncamento, no Largo Jos\u00e9 Duarte Coelho (Largo da C\u00e2mara), onde decorrer\u00e1 a Feira Saberes e Sabores do Entroncamento de \u00a012 A 15 de maio e ser\u00e1 instalado um palco, que nos dis 12 a 14 ser\u00e1 ocupado por artistas da [&hellip;]<\/p>\n","protected":false},"author":1,"featured_media":50266,"comment_status":"open","ping_status":"closed","sticky":false,"template":"","format":"standard","meta":{"_acf_changed":false,"footnotes":""},"categories":[1],"tags":[],"class_list":{"0":"post-50265","1":"post","2":"type-post","3":"status-publish","4":"format-standard","5":"has-post-thumbnail","7":"category-sem-categoria"},"acf":[],"_links":{"self":[{"href":"https:\/\/www.entroncamentoonline.pt\/portal\/wp-json\/wp\/v2\/posts\/50265","targetHints":{"allow":["GET"]}}],"collection":[{"href":"https:\/\/www.entroncamentoonline.pt\/portal\/wp-json\/wp\/v2\/posts"}],"about":[{"href":"https:\/\/www.entroncamentoonline.pt\/portal\/wp-json\/wp\/v2\/types\/post"}],"author":[{"embeddable":true,"href":"https:\/\/www.entroncamentoonline.pt\/portal\/wp-json\/wp\/v2\/users\/1"}],"replies":[{"embeddable":true,"href":"https:\/\/www.entroncamentoonline.pt\/portal\/wp-json\/wp\/v2\/comments?post=50265"}],"version-history":[{"count":0,"href":"https:\/\/www.entroncamentoonline.pt\/portal\/wp-json\/wp\/v2\/posts\/50265\/revisions"}],"wp:featuredmedia":[{"embeddable":true,"href":"https:\/\/www.entroncamentoonline.pt\/portal\/wp-json\/wp\/v2\/media\/50266"}],"wp:attachment":[{"href":"https:\/\/www.entroncamentoonline.pt\/portal\/wp-json\/wp\/v2\/media?parent=50265"}],"wp:term":[{"taxonomy":"category","embeddable":true,"href":"https:\/\/www.entroncamentoonline.pt\/portal\/wp-json\/wp\/v2\/categories?post=50265"},{"taxonomy":"post_tag","embeddable":true,"href":"https:\/\/www.entroncamentoonline.pt\/portal\/wp-json\/wp\/v2\/tags?post=50265"}],"curies":[{"name":"wp","href":"https:\/\/api.w.org\/{rel}","templated":true}]}}