{"id":50213,"date":"2022-05-02T15:39:00","date_gmt":"2022-05-02T14:39:00","guid":{"rendered":"https:\/\/www.entroncamentoonline.pt\/portal\/?p=50213"},"modified":"2022-05-02T15:39:00","modified_gmt":"2022-05-02T14:39:00","slug":"fersant22-de-4-a-12-de-junho-em-santarem-feira-empresarial-da-regiao-de-santarem-ja-tem-95-de-espaco-completo","status":"publish","type":"post","link":"https:\/\/www.entroncamentoonline.pt\/portal\/fersant22-de-4-a-12-de-junho-em-santarem-feira-empresarial-da-regiao-de-santarem-ja-tem-95-de-espaco-completo\/","title":{"rendered":"FERSANT22 de 4 a 12 de junho, em Santar\u00e9m | Feira Empresarial da Regi\u00e3o de Santar\u00e9m j\u00e1 tem 95% de espa\u00e7o completo"},"content":{"rendered":"<p>A 33.\u00aa FERSANT &#8211; Feira Empresarial da Regi\u00e3o de Santar\u00e9m j\u00e1 tem o espa\u00e7o praticamente lotado, quando estamos ainda a mais de um m\u00eas do arranque do certame. A FERSANT &#8211; Feira Empresarial da Regi\u00e3o de Santar\u00e9m vai realizar-se de 4 a 12 junho, em paralelo com a Feira do Ribatejo \/Feira Nacional de Agricultura, no CNEMA em Santar\u00e9m, numa organiza\u00e7\u00e3o da NERSANT.<\/p>\n<p>Este ano, a FERSANT conta com 40% de novas empresas participantes no certame de 2022.<\/p>\n<p>Em destaque nesta 33.\u00aa edi\u00e7\u00e3o est\u00e3o as empresas do concelho de Santar\u00e9m com grande representa\u00e7\u00e3o. Os setores atividade em maior n\u00famero na feira s\u00e3o a Ind\u00fastria, Servi\u00e7os e o Ensino.<\/p>\n<p>Mais do que um certame empresarial onde os agentes econ\u00f3micos do Ribatejo podem promover os seus produtos ou servi\u00e7os, a FERSANT assume-se como um centro privilegiado de contactos comerciais e uma oportunidade para a concretiza\u00e7\u00e3o de in\u00fameros encontros entre clientes e fornecedores, atuais e potenciais e at\u00e9, eventuais agentes e distribuidores.<\/p>\n<p>A 33\u00aa FERSANT vai ocupar uma \u00e1rea pr\u00f3pria na Nave B do Centro Nacional de Exposi\u00e7\u00f5es em Santar\u00e9m, com organiza\u00e7\u00e3o, coordena\u00e7\u00e3o e acompanhamento NERSANT, onde as empresas presentes apresentam a atividade, divulgam produtos e servi\u00e7os.<\/p>\n<p>Para a edi\u00e7\u00e3o deste ano, as empresas participantes usufruem de Stand \/ Espa\u00e7o f\u00edsico na Nave B, participa\u00e7\u00e3o na FERSANT Digital (https:\/\/compronoribatejo.pt) plataforma online NERSANT, e presen\u00e7a em Dossier sobre o evento na Revista RIBATEJO INVEST editada pela NERSANT.<\/p>\n<p>Mais informa\u00e7\u00f5es, condi\u00e7\u00f5es de participa\u00e7\u00e3o e inscri\u00e7\u00e3o com o Departamento de Associativismo, Marketing e Eventos NERSANT (dame@nersant.pt ou 249839500).<\/p>\n<div class=\"fb-background-color\">\n\t\t\t  <div \n\t\t\t  \tclass = \"fb-comments\" \n\t\t\t  \tdata-href = \"https:\/\/www.entroncamentoonline.pt\/portal\/fersant22-de-4-a-12-de-junho-em-santarem-feira-empresarial-da-regiao-de-santarem-ja-tem-95-de-espaco-completo\/\"\n\t\t\t  \tdata-numposts = \"10\"\n\t\t\t  \tdata-lazy = \"true\"\n\t\t\t\tdata-colorscheme = \"light\"\n\t\t\t\tdata-order-by = \"social\"\n\t\t\t\tdata-mobile=true>\n\t\t\t  <\/div><\/div>\n\t\t  <style>\n\t\t    .fb-background-color {\n\t\t\t\tbackground:  !important;\n\t\t\t}\n\t\t\t.fb_iframe_widget_fluid_desktop iframe {\n\t\t\t    width: 100% !important;\n\t\t\t}\n\t\t  <\/style>\n\t\t  ","protected":false},"excerpt":{"rendered":"<p>A 33.\u00aa FERSANT &#8211; Feira Empresarial da Regi\u00e3o de Santar\u00e9m j\u00e1 tem o espa\u00e7o praticamente lotado, quando estamos ainda a mais de um m\u00eas do arranque do certame. A FERSANT &#8211; Feira Empresarial da Regi\u00e3o de Santar\u00e9m vai realizar-se de 4 a 12 junho, em paralelo com a Feira do Ribatejo \/Feira Nacional de Agricultura, [&hellip;]<\/p>\n","protected":false},"author":1,"featured_media":50214,"comment_status":"open","ping_status":"closed","sticky":false,"template":"","format":"standard","meta":{"_acf_changed":false,"footnotes":""},"categories":[51,71],"tags":[],"class_list":{"0":"post-50213","1":"post","2":"type-post","3":"status-publish","4":"format-standard","5":"has-post-thumbnail","7":"category-breves","8":"category-outras-noticias"},"acf":[],"_links":{"self":[{"href":"https:\/\/www.entroncamentoonline.pt\/portal\/wp-json\/wp\/v2\/posts\/50213","targetHints":{"allow":["GET"]}}],"collection":[{"href":"https:\/\/www.entroncamentoonline.pt\/portal\/wp-json\/wp\/v2\/posts"}],"about":[{"href":"https:\/\/www.entroncamentoonline.pt\/portal\/wp-json\/wp\/v2\/types\/post"}],"author":[{"embeddable":true,"href":"https:\/\/www.entroncamentoonline.pt\/portal\/wp-json\/wp\/v2\/users\/1"}],"replies":[{"embeddable":true,"href":"https:\/\/www.entroncamentoonline.pt\/portal\/wp-json\/wp\/v2\/comments?post=50213"}],"version-history":[{"count":0,"href":"https:\/\/www.entroncamentoonline.pt\/portal\/wp-json\/wp\/v2\/posts\/50213\/revisions"}],"wp:featuredmedia":[{"embeddable":true,"href":"https:\/\/www.entroncamentoonline.pt\/portal\/wp-json\/wp\/v2\/media\/50214"}],"wp:attachment":[{"href":"https:\/\/www.entroncamentoonline.pt\/portal\/wp-json\/wp\/v2\/media?parent=50213"}],"wp:term":[{"taxonomy":"category","embeddable":true,"href":"https:\/\/www.entroncamentoonline.pt\/portal\/wp-json\/wp\/v2\/categories?post=50213"},{"taxonomy":"post_tag","embeddable":true,"href":"https:\/\/www.entroncamentoonline.pt\/portal\/wp-json\/wp\/v2\/tags?post=50213"}],"curies":[{"name":"wp","href":"https:\/\/api.w.org\/{rel}","templated":true}]}}