{"id":4994,"date":"2019-04-01T09:32:44","date_gmt":"2019-04-01T08:32:44","guid":{"rendered":"https:\/\/www.entroncamentoonline.pt\/portal\/?p=4994"},"modified":"2019-04-01T09:32:44","modified_gmt":"2019-04-01T08:32:44","slug":"rancho-folclorico-e-etnografico-do-casal-sentista-sensibiliza-populacao","status":"publish","type":"post","link":"https:\/\/www.entroncamentoonline.pt\/portal\/rancho-folclorico-e-etnografico-do-casal-sentista-sensibiliza-populacao\/","title":{"rendered":"Rancho Folcl\u00f3rico e Etnogr\u00e1fico do Casal Sentista sensibiliza popula\u00e7\u00e3o"},"content":{"rendered":"<p>O Rancho Folcl\u00f3rico e Etnogr\u00e1fico do Casal Sentista ir\u00e1 durante o m\u00eas de abril\u00a0desenvolver um projeto\u00a0aprovado recentemente pelo IPDJ, e que visa a sensibiliza\u00e7\u00e3o da popula\u00e7\u00e3o para os cuidados a ter com a floresta.<\/p>\n<p>Sensibiliza\u00e7\u00e3o das popula\u00e7\u00f5es em geral para a preserva\u00e7\u00e3o da natureza, florestas e respetivos ecossistemas, vigil\u00e2ncia m\u00f3vel, a p\u00e9 ou em bicicleta.<\/p>\n<p>Este \u00e9 mais um projeto que envolve a associa\u00e7\u00e3o em problemas que dizem respeito a toda a sociedade.<\/p>\n<p>&nbsp;<\/p>\n<div class=\"fb-background-color\">\n\t\t\t  <div \n\t\t\t  \tclass = \"fb-comments\" \n\t\t\t  \tdata-href = \"https:\/\/www.entroncamentoonline.pt\/portal\/rancho-folclorico-e-etnografico-do-casal-sentista-sensibiliza-populacao\/\"\n\t\t\t  \tdata-numposts = \"10\"\n\t\t\t  \tdata-lazy = \"true\"\n\t\t\t\tdata-colorscheme = \"light\"\n\t\t\t\tdata-order-by = \"social\"\n\t\t\t\tdata-mobile=true>\n\t\t\t  <\/div><\/div>\n\t\t  <style>\n\t\t    .fb-background-color {\n\t\t\t\tbackground:  !important;\n\t\t\t}\n\t\t\t.fb_iframe_widget_fluid_desktop iframe {\n\t\t\t    width: 100% !important;\n\t\t\t}\n\t\t  <\/style>\n\t\t  ","protected":false},"excerpt":{"rendered":"<p>O Rancho Folcl\u00f3rico e Etnogr\u00e1fico do Casal Sentista ir\u00e1 durante o m\u00eas de abril\u00a0desenvolver um projeto\u00a0aprovado recentemente pelo IPDJ, e que visa a sensibiliza\u00e7\u00e3o da popula\u00e7\u00e3o para os cuidados a ter com a floresta. Sensibiliza\u00e7\u00e3o das popula\u00e7\u00f5es em geral para a preserva\u00e7\u00e3o da natureza, florestas e respetivos ecossistemas, vigil\u00e2ncia m\u00f3vel, a p\u00e9 ou em bicicleta. [&hellip;]<\/p>\n","protected":false},"author":1,"featured_media":0,"comment_status":"open","ping_status":"closed","sticky":false,"template":"","format":"standard","meta":{"_acf_changed":false,"footnotes":""},"categories":[51],"tags":[],"class_list":{"0":"post-4994","1":"post","2":"type-post","3":"status-publish","4":"format-standard","6":"category-breves"},"acf":[],"_links":{"self":[{"href":"https:\/\/www.entroncamentoonline.pt\/portal\/wp-json\/wp\/v2\/posts\/4994","targetHints":{"allow":["GET"]}}],"collection":[{"href":"https:\/\/www.entroncamentoonline.pt\/portal\/wp-json\/wp\/v2\/posts"}],"about":[{"href":"https:\/\/www.entroncamentoonline.pt\/portal\/wp-json\/wp\/v2\/types\/post"}],"author":[{"embeddable":true,"href":"https:\/\/www.entroncamentoonline.pt\/portal\/wp-json\/wp\/v2\/users\/1"}],"replies":[{"embeddable":true,"href":"https:\/\/www.entroncamentoonline.pt\/portal\/wp-json\/wp\/v2\/comments?post=4994"}],"version-history":[{"count":0,"href":"https:\/\/www.entroncamentoonline.pt\/portal\/wp-json\/wp\/v2\/posts\/4994\/revisions"}],"wp:attachment":[{"href":"https:\/\/www.entroncamentoonline.pt\/portal\/wp-json\/wp\/v2\/media?parent=4994"}],"wp:term":[{"taxonomy":"category","embeddable":true,"href":"https:\/\/www.entroncamentoonline.pt\/portal\/wp-json\/wp\/v2\/categories?post=4994"},{"taxonomy":"post_tag","embeddable":true,"href":"https:\/\/www.entroncamentoonline.pt\/portal\/wp-json\/wp\/v2\/tags?post=4994"}],"curies":[{"name":"wp","href":"https:\/\/api.w.org\/{rel}","templated":true}]}}