{"id":49803,"date":"2022-04-21T15:38:23","date_gmt":"2022-04-21T14:38:23","guid":{"rendered":"https:\/\/www.entroncamentoonline.pt\/portal\/?p=49803"},"modified":"2022-05-07T11:14:22","modified_gmt":"2022-05-07T10:14:22","slug":"entroncamento-exposicao-coletiva-25-de-abril-na-galeria-municipal-de-25-de-abril-a-5-de-maio","status":"publish","type":"post","link":"https:\/\/www.entroncamentoonline.pt\/portal\/entroncamento-exposicao-coletiva-25-de-abril-na-galeria-municipal-de-25-de-abril-a-5-de-maio\/","title":{"rendered":"Entroncamento | Exposi\u00e7\u00e3o Coletiva \u201c25 de Abril\u201d na Galeria Municipal de 25 de abril a 5 de maio"},"content":{"rendered":"<p>A Galeria Municipal do Entroncamento recebe entre os dias 25 de abril e 5 de maio a Exposi\u00e7\u00e3o Coletiva \u201c25 de abril\u201d que integra o programa oficial da comemora\u00e7\u00e3o do 48\u00ba anivers\u00e1rio da Revolu\u00e7\u00e3o dos Cravos.<\/p>\n<p>A autarquia convidou v\u00e1rios artistas pl\u00e1sticos a participar e a responder ao desafio de realizar esta exposi\u00e7\u00e3o que se espera que venha a ser matizada de passado, presente e futuro.<\/p>\n<p>A est\u00e9tica ir\u00e1 transpirar passos dados no pensamento que se deseja distribu\u00eddo por narrativas, tanto d\u00edspares quanto convergentes ao representarem o tema em contextos distintos, desde g\u00e9neros, grupos et\u00e1rios, aspetos rurais, urbanos a um sem n\u00famero de express\u00f5es e t\u00e9cnicas que se prendem ou desprendem a esta ideia do 25 DE ABRIL de cada um dos artistas.<\/p>\n<p>Os autores desta exposi\u00e7\u00e3o s\u00e3o: \u00c1lvaro Assun\u00e7\u00e3o, Ana Oliveira, Ana Paula Lopes, Beatriz Medinas Bernardino, Cardoso, Catarina Centeno, C\u00e9lia Martins, Daniel Coimbra, Deizi Santos, Dina Oliveira, Duarte Correia, Jos\u00e9 Alfredo Sousa Lopes, Jos\u00e9 Carlos Marques, Jos\u00e9 Coelho, Jos\u00e9 Neves, Leo, Luzia Assis, Piedade G\u00f3is e Ros\u00e1rio Sousa.<\/p>\n<p>A inaugura\u00e7\u00e3o da Exposi\u00e7\u00e3o Coletiva est\u00e1 marcada para dia 25 de abril, segunda-feira, ap\u00f3s a sess\u00e3o solene (10h00) e estar\u00e1 patente na Galeria Municipal, de ter\u00e7a-feira a domingo, entre as 15h00 e as 19h00.<\/p>\n<div class=\"fb-background-color\">\n\t\t\t  <div \n\t\t\t  \tclass = \"fb-comments\" \n\t\t\t  \tdata-href = \"https:\/\/www.entroncamentoonline.pt\/portal\/entroncamento-exposicao-coletiva-25-de-abril-na-galeria-municipal-de-25-de-abril-a-5-de-maio\/\"\n\t\t\t  \tdata-numposts = \"10\"\n\t\t\t  \tdata-lazy = \"true\"\n\t\t\t\tdata-colorscheme = \"light\"\n\t\t\t\tdata-order-by = \"social\"\n\t\t\t\tdata-mobile=true>\n\t\t\t  <\/div><\/div>\n\t\t  <style>\n\t\t    .fb-background-color {\n\t\t\t\tbackground:  !important;\n\t\t\t}\n\t\t\t.fb_iframe_widget_fluid_desktop iframe {\n\t\t\t    width: 100% !important;\n\t\t\t}\n\t\t  <\/style>\n\t\t  ","protected":false},"excerpt":{"rendered":"<p>A Galeria Municipal do Entroncamento recebe entre os dias 25 de abril e 5 de maio a Exposi\u00e7\u00e3o Coletiva \u201c25 de abril\u201d que integra o programa oficial da comemora\u00e7\u00e3o do 48\u00ba anivers\u00e1rio da Revolu\u00e7\u00e3o dos Cravos. A autarquia convidou v\u00e1rios artistas pl\u00e1sticos a participar e a responder ao desafio de realizar esta exposi\u00e7\u00e3o que se [&hellip;]<\/p>\n","protected":false},"author":1,"featured_media":49804,"comment_status":"open","ping_status":"closed","sticky":false,"template":"","format":"standard","meta":{"_acf_changed":false,"footnotes":""},"categories":[1],"tags":[],"class_list":{"0":"post-49803","1":"post","2":"type-post","3":"status-publish","4":"format-standard","5":"has-post-thumbnail","7":"category-sem-categoria"},"acf":[],"_links":{"self":[{"href":"https:\/\/www.entroncamentoonline.pt\/portal\/wp-json\/wp\/v2\/posts\/49803","targetHints":{"allow":["GET"]}}],"collection":[{"href":"https:\/\/www.entroncamentoonline.pt\/portal\/wp-json\/wp\/v2\/posts"}],"about":[{"href":"https:\/\/www.entroncamentoonline.pt\/portal\/wp-json\/wp\/v2\/types\/post"}],"author":[{"embeddable":true,"href":"https:\/\/www.entroncamentoonline.pt\/portal\/wp-json\/wp\/v2\/users\/1"}],"replies":[{"embeddable":true,"href":"https:\/\/www.entroncamentoonline.pt\/portal\/wp-json\/wp\/v2\/comments?post=49803"}],"version-history":[{"count":0,"href":"https:\/\/www.entroncamentoonline.pt\/portal\/wp-json\/wp\/v2\/posts\/49803\/revisions"}],"wp:featuredmedia":[{"embeddable":true,"href":"https:\/\/www.entroncamentoonline.pt\/portal\/wp-json\/wp\/v2\/media\/49804"}],"wp:attachment":[{"href":"https:\/\/www.entroncamentoonline.pt\/portal\/wp-json\/wp\/v2\/media?parent=49803"}],"wp:term":[{"taxonomy":"category","embeddable":true,"href":"https:\/\/www.entroncamentoonline.pt\/portal\/wp-json\/wp\/v2\/categories?post=49803"},{"taxonomy":"post_tag","embeddable":true,"href":"https:\/\/www.entroncamentoonline.pt\/portal\/wp-json\/wp\/v2\/tags?post=49803"}],"curies":[{"name":"wp","href":"https:\/\/api.w.org\/{rel}","templated":true}]}}