{"id":49447,"date":"2022-04-11T16:35:17","date_gmt":"2022-04-11T15:35:17","guid":{"rendered":"https:\/\/www.entroncamentoonline.pt\/portal\/?p=49447"},"modified":"2022-05-02T15:41:03","modified_gmt":"2022-05-02T14:41:03","slug":"33-a-fersant-feira-empresarial-da-regiao-de-santarem-recebe-ultimas-inscricoes","status":"publish","type":"post","link":"https:\/\/www.entroncamentoonline.pt\/portal\/33-a-fersant-feira-empresarial-da-regiao-de-santarem-recebe-ultimas-inscricoes\/","title":{"rendered":"33.\u00aa FERSANT | Feira Empresarial da Regi\u00e3o de Santar\u00e9m recebe \u00faltimas inscri\u00e7\u00f5es"},"content":{"rendered":"<p>A FERSANT &#8211; Feira Empresarial da Regi\u00e3o de Santar\u00e9m vai realizar-se de 4 a 12 junho, em paralelo com a Feira do Ribatejo \/Feira Nacional de Agricultura, no CNEMA em Santar\u00e9m, numa organiza\u00e7\u00e3o da NERSANT.<\/p>\n<p>Mais do que um certame empresarial onde os agentes econ\u00f3micos do Ribatejo podem promover os seus produtos ou servi\u00e7os, a FERSANT assume-se como um centro privilegiado de contactos comerciais e uma oportunidade para a concretiza\u00e7\u00e3o de in\u00fameros encontros entre clientes e fornecedores, atuais e potenciais e at\u00e9, eventuais agentes e distribuidores.<\/p>\n<p>A 33\u00aa FERSANT vai ocupar uma \u00e1rea pr\u00f3pria na Nave B do Centro Nacional de Exposi\u00e7\u00f5es em Santar\u00e9m, com organiza\u00e7\u00e3o, coordena\u00e7\u00e3o e acompanhamento NERSANT, onde as empresas presentes apresentam a atividade, divulgam produtos e servi\u00e7os.<\/p>\n<p>Para a edi\u00e7\u00e3o deste ano, as empresas participantes usufruem de Stand \/ Espa\u00e7o f\u00edsico na Nave B, participa\u00e7\u00e3o na <a href=\"https:\/\/compronoribatejo.pt\">FERSANT Digital<\/a> plataforma online NERSANT, e presen\u00e7a em Dossier sobre o evento na Revista RIBATEJO INVEST (junho) editada pela NERSANT.<\/p>\n<p>&nbsp;<\/p>\n<div class=\"fb-background-color\">\n\t\t\t  <div \n\t\t\t  \tclass = \"fb-comments\" \n\t\t\t  \tdata-href = \"https:\/\/www.entroncamentoonline.pt\/portal\/33-a-fersant-feira-empresarial-da-regiao-de-santarem-recebe-ultimas-inscricoes\/\"\n\t\t\t  \tdata-numposts = \"10\"\n\t\t\t  \tdata-lazy = \"true\"\n\t\t\t\tdata-colorscheme = \"light\"\n\t\t\t\tdata-order-by = \"social\"\n\t\t\t\tdata-mobile=true>\n\t\t\t  <\/div><\/div>\n\t\t  <style>\n\t\t    .fb-background-color {\n\t\t\t\tbackground:  !important;\n\t\t\t}\n\t\t\t.fb_iframe_widget_fluid_desktop iframe {\n\t\t\t    width: 100% !important;\n\t\t\t}\n\t\t  <\/style>\n\t\t  ","protected":false},"excerpt":{"rendered":"<p>A FERSANT &#8211; Feira Empresarial da Regi\u00e3o de Santar\u00e9m vai realizar-se de 4 a 12 junho, em paralelo com a Feira do Ribatejo \/Feira Nacional de Agricultura, no CNEMA em Santar\u00e9m, numa organiza\u00e7\u00e3o da NERSANT. Mais do que um certame empresarial onde os agentes econ\u00f3micos do Ribatejo podem promover os seus produtos ou servi\u00e7os, a [&hellip;]<\/p>\n","protected":false},"author":1,"featured_media":49448,"comment_status":"open","ping_status":"closed","sticky":false,"template":"","format":"standard","meta":{"_acf_changed":false,"footnotes":""},"categories":[1],"tags":[],"class_list":{"0":"post-49447","1":"post","2":"type-post","3":"status-publish","4":"format-standard","5":"has-post-thumbnail","7":"category-sem-categoria"},"acf":[],"_links":{"self":[{"href":"https:\/\/www.entroncamentoonline.pt\/portal\/wp-json\/wp\/v2\/posts\/49447","targetHints":{"allow":["GET"]}}],"collection":[{"href":"https:\/\/www.entroncamentoonline.pt\/portal\/wp-json\/wp\/v2\/posts"}],"about":[{"href":"https:\/\/www.entroncamentoonline.pt\/portal\/wp-json\/wp\/v2\/types\/post"}],"author":[{"embeddable":true,"href":"https:\/\/www.entroncamentoonline.pt\/portal\/wp-json\/wp\/v2\/users\/1"}],"replies":[{"embeddable":true,"href":"https:\/\/www.entroncamentoonline.pt\/portal\/wp-json\/wp\/v2\/comments?post=49447"}],"version-history":[{"count":0,"href":"https:\/\/www.entroncamentoonline.pt\/portal\/wp-json\/wp\/v2\/posts\/49447\/revisions"}],"wp:featuredmedia":[{"embeddable":true,"href":"https:\/\/www.entroncamentoonline.pt\/portal\/wp-json\/wp\/v2\/media\/49448"}],"wp:attachment":[{"href":"https:\/\/www.entroncamentoonline.pt\/portal\/wp-json\/wp\/v2\/media?parent=49447"}],"wp:term":[{"taxonomy":"category","embeddable":true,"href":"https:\/\/www.entroncamentoonline.pt\/portal\/wp-json\/wp\/v2\/categories?post=49447"},{"taxonomy":"post_tag","embeddable":true,"href":"https:\/\/www.entroncamentoonline.pt\/portal\/wp-json\/wp\/v2\/tags?post=49447"}],"curies":[{"name":"wp","href":"https:\/\/api.w.org\/{rel}","templated":true}]}}