{"id":49108,"date":"2022-04-02T15:51:07","date_gmt":"2022-04-02T14:51:07","guid":{"rendered":"https:\/\/www.entroncamentoonline.pt\/portal\/?p=49108"},"modified":"2022-04-02T15:51:07","modified_gmt":"2022-04-02T14:51:07","slug":"entroncamento-fatima-cabeleireiros-de-novo-no-centro-da-cidade-a-cuidar-dos-nossos-cabelos","status":"publish","type":"post","link":"https:\/\/www.entroncamentoonline.pt\/portal\/entroncamento-fatima-cabeleireiros-de-novo-no-centro-da-cidade-a-cuidar-dos-nossos-cabelos\/","title":{"rendered":"Entroncamento | F\u00e1tima Cabeleireiros de novo no centro da cidade a cuidar dos nossos cabelos"},"content":{"rendered":"<p>F\u00e1tima Santana \u00e9 natural dos Riachos e cabeleireira h\u00e1 45 anos. Antes de se estabelecer no Modelo em Tomar, onde esteve 20 anos, teve um Sal\u00e3o no Entroncamento ao lado das Finan\u00e7as, que abriu em 1984 e fechou em 2002. Regressou em 2020 e montou um Sal\u00e3o ao lado da loja da NOS, na Rua Manuel Rodrigues Gameiro, n\u00ba5.<\/p>\n<p><img loading=\"lazy\" decoding=\"async\" class=\"size-full wp-image-49111 aligncenter\" src=\"https:\/\/www.entroncamentoonline.pt\/portal\/wp-content\/uploads\/2022\/04\/20220401_170544corte.jpg\" alt=\"\" width=\"612\" height=\"427\" srcset=\"https:\/\/www.entroncamentoonline.pt\/portal\/wp-content\/uploads\/2022\/04\/20220401_170544corte.jpg 612w, https:\/\/www.entroncamentoonline.pt\/portal\/wp-content\/uploads\/2022\/04\/20220401_170544corte-602x420.jpg 602w, https:\/\/www.entroncamentoonline.pt\/portal\/wp-content\/uploads\/2022\/04\/20220401_170544corte-100x70.jpg 100w\" sizes=\"auto, (max-width: 612px) 100vw, 612px\" \/><\/p>\n<p>O Sal\u00e3o \u00e9 unissexo e uma vez por m\u00eas tem os servi\u00e7os de Maria Violante, t\u00e9cnica de tricologia avan\u00e7ada, ci\u00eancia que estuda o couro cabeludo, o fio de cabelo e as suas patologias.<\/p>\n<div id='gallery-1' class='gallery galleryid-49108 gallery-columns-2 gallery-size-thumbnail'><figure class='gallery-item'>\n\t\t\t<div class='gallery-icon landscape'>\n\t\t\t\t<a href='https:\/\/www.entroncamentoonline.pt\/portal\/entroncamento-fatima-cabeleireiros-de-novo-no-centro-da-cidade-a-cuidar-dos-nossos-cabelos\/20220401_171311corte\/'><img loading=\"lazy\" decoding=\"async\" width=\"350\" height=\"350\" src=\"https:\/\/www.entroncamentoonline.pt\/portal\/wp-content\/uploads\/2022\/04\/20220401_171311Corte-350x350.jpg\" class=\"attachment-thumbnail size-thumbnail\" alt=\"\" \/><\/a>\n\t\t\t<\/div><\/figure><figure class='gallery-item'>\n\t\t\t<div class='gallery-icon landscape'>\n\t\t\t\t<a href='https:\/\/www.entroncamentoonline.pt\/portal\/entroncamento-fatima-cabeleireiros-de-novo-no-centro-da-cidade-a-cuidar-dos-nossos-cabelos\/20220401_171339corte\/'><img loading=\"lazy\" decoding=\"async\" width=\"350\" height=\"350\" src=\"https:\/\/www.entroncamentoonline.pt\/portal\/wp-content\/uploads\/2022\/04\/20220401_171339corte-350x350.jpg\" class=\"attachment-thumbnail size-thumbnail\" alt=\"\" \/><\/a>\n\t\t\t<\/div><\/figure>\n\t\t<\/div>\n\n<p>Maria Violante \u00e9 reconhecida internacionalmente pelo seu m\u00e9todo de trabalho e faz, uma vez por m\u00eas no Sal\u00e3o F\u00e1tima Cabeleireira, diagn\u00f3sticos capilares gratuitos e trata de todo o tipo de Alopecias (Androgen\u00e9tica, Hormonal, Infeciosa, ou com disfun\u00e7\u00f5es capilares). Trata de dermatites, psor\u00edase, seborreia, etc.<\/p>\n<p>Interrompe quedas de cabelo at\u00e9 ao seu repovoamento (acelerando o processo de nascimento nos fol\u00edculos j\u00e1 existentes e em novos fol\u00edculos adormecidos, acelerando o seu crescimento).<\/p>\n<p>Marca\u00e7\u00f5es pelo telefone 913438229.<\/p>\n<div class=\"fb-background-color\">\n\t\t\t  <div \n\t\t\t  \tclass = \"fb-comments\" \n\t\t\t  \tdata-href = \"https:\/\/www.entroncamentoonline.pt\/portal\/entroncamento-fatima-cabeleireiros-de-novo-no-centro-da-cidade-a-cuidar-dos-nossos-cabelos\/\"\n\t\t\t  \tdata-numposts = \"10\"\n\t\t\t  \tdata-lazy = \"true\"\n\t\t\t\tdata-colorscheme = \"light\"\n\t\t\t\tdata-order-by = \"social\"\n\t\t\t\tdata-mobile=true>\n\t\t\t  <\/div><\/div>\n\t\t  <style>\n\t\t    .fb-background-color {\n\t\t\t\tbackground:  !important;\n\t\t\t}\n\t\t\t.fb_iframe_widget_fluid_desktop iframe {\n\t\t\t    width: 100% !important;\n\t\t\t}\n\t\t  <\/style>\n\t\t  ","protected":false},"excerpt":{"rendered":"<p>F\u00e1tima Santana \u00e9 natural dos Riachos e cabeleireira h\u00e1 45 anos. Antes de se estabelecer no Modelo em Tomar, onde esteve 20 anos, teve um Sal\u00e3o no Entroncamento ao lado das Finan\u00e7as, que abriu em 1984 e fechou em 2002. Regressou em 2020 e montou um Sal\u00e3o ao lado da loja da NOS, na Rua [&hellip;]<\/p>\n","protected":false},"author":1,"featured_media":49112,"comment_status":"open","ping_status":"closed","sticky":false,"template":"","format":"standard","meta":{"_acf_changed":false,"footnotes":""},"categories":[50,71],"tags":[],"class_list":{"0":"post-49108","1":"post","2":"type-post","3":"status-publish","4":"format-standard","5":"has-post-thumbnail","7":"category-atividade-comercial","8":"category-outras-noticias"},"acf":[],"_links":{"self":[{"href":"https:\/\/www.entroncamentoonline.pt\/portal\/wp-json\/wp\/v2\/posts\/49108","targetHints":{"allow":["GET"]}}],"collection":[{"href":"https:\/\/www.entroncamentoonline.pt\/portal\/wp-json\/wp\/v2\/posts"}],"about":[{"href":"https:\/\/www.entroncamentoonline.pt\/portal\/wp-json\/wp\/v2\/types\/post"}],"author":[{"embeddable":true,"href":"https:\/\/www.entroncamentoonline.pt\/portal\/wp-json\/wp\/v2\/users\/1"}],"replies":[{"embeddable":true,"href":"https:\/\/www.entroncamentoonline.pt\/portal\/wp-json\/wp\/v2\/comments?post=49108"}],"version-history":[{"count":0,"href":"https:\/\/www.entroncamentoonline.pt\/portal\/wp-json\/wp\/v2\/posts\/49108\/revisions"}],"wp:featuredmedia":[{"embeddable":true,"href":"https:\/\/www.entroncamentoonline.pt\/portal\/wp-json\/wp\/v2\/media\/49112"}],"wp:attachment":[{"href":"https:\/\/www.entroncamentoonline.pt\/portal\/wp-json\/wp\/v2\/media?parent=49108"}],"wp:term":[{"taxonomy":"category","embeddable":true,"href":"https:\/\/www.entroncamentoonline.pt\/portal\/wp-json\/wp\/v2\/categories?post=49108"},{"taxonomy":"post_tag","embeddable":true,"href":"https:\/\/www.entroncamentoonline.pt\/portal\/wp-json\/wp\/v2\/tags?post=49108"}],"curies":[{"name":"wp","href":"https:\/\/api.w.org\/{rel}","templated":true}]}}