{"id":49029,"date":"2022-03-31T08:20:23","date_gmt":"2022-03-31T07:20:23","guid":{"rendered":"https:\/\/www.entroncamentoonline.pt\/portal\/?p=49029"},"modified":"2022-04-02T15:53:42","modified_gmt":"2022-04-02T14:53:42","slug":"nersant-feira-social-digital-termina-esta-quinta-feira-com-nova-sessao-informativa","status":"publish","type":"post","link":"https:\/\/www.entroncamentoonline.pt\/portal\/nersant-feira-social-digital-termina-esta-quinta-feira-com-nova-sessao-informativa\/","title":{"rendered":"Nersant | Feira Social Digital termina esta quinta-feira com nova sess\u00e3o informativa"},"content":{"rendered":"<p><span style=\"color: #777777;\">Termina esta quinta-feira, dia 31 de mar\u00e7o, a 2.\u00aa Feira Social Digital que teve in\u00edcio a 1 de mar\u00e7o. No encerramento ter\u00e1 lugar mais uma sess\u00e3o informativa sobre a Rede Incorpora Portugal e o Protocolo em vigor entre a NERSANT Seguros e a UDIPSS de Santar\u00e9m.<\/span><\/p>\n<p>O certame conta com a participa\u00e7\u00e3o de <strong><span style=\"font-family: 'Calibri',sans-serif;\">105 expositores<\/span><\/strong> que apresentam mais de 700 produtos \/ servi\u00e7os \/ val\u00eancias e que podem ser acedidos <a href=\"https:\/\/compronoribatejo.pt\/feira\/2-feira-social-digital\/\">AQUI<\/a><a href=\"https:\/\/compronoribatejo.pt\/feira\/2-feira-social-digital\/\">\u00a0<\/a>. Uma oportunidade para o p\u00fablico e geral ficar a conhecer os servi\u00e7os e atividades do setor, na nossa regi\u00e3o.<\/p>\n<p>Organizada pela NERSANT em conjunto com a UDIPSS \u2013 Uni\u00e3o das IPSS do distrito de Santar\u00e9m, a Feira Social oferece v\u00e1rias sess\u00f5es online para debate de temas da economia social.<\/p>\n<p><strong><span style=\"font-family: 'Calibri',sans-serif;\">Caf\u00e9 In Digital debateu principais temas do setor<\/span><\/strong><\/p>\n<p>Integrado na Feira Digital, decorreu ao longo deste m\u00eas o ciclo de sess\u00f5es informativas Caf\u00e9 In Digital iniciado no dia 3 de mar\u00e7o, com uma sess\u00e3o informativa sobre os Desafios para a Sustentabilidade do Setor Social, com Eleut\u00e9rio Alves, do CPES\/CNIS.<\/p>\n<p>Seguiu-se no dia 8 de mar\u00e7o uma sess\u00e3o sobre diagn\u00f3stico, implementa\u00e7\u00e3o e certifica\u00e7\u00e3o da independ\u00eancia energ\u00e9tica de infraestruturas sociais, por Ant\u00f3nio Campos, da NERSANT.<\/p>\n<p>No dia 10 de mar\u00e7o, foi a vez de Filipe Pinto, da Universidade Cat\u00f3lica, vir falar da import\u00e2ncia da Transpar\u00eancia na Governan\u00e7a das IPSS.<\/p>\n<p>No dia 15 de mar\u00e7o, Pedro F\u00e9lix, da Nersant, abordou o tema da Efici\u00eancia Energ\u00e9tica em edif\u00edcios de servi\u00e7os, com a apresenta\u00e7\u00e3o do Aviso n\u00ba 01\/C 13 \u2013 Apoio \u00e0 Renova\u00e7\u00e3o e Aumento do Desempenho Energ\u00e9tico dos Edif\u00edcios de Servi\u00e7os.<\/p>\n<p>Otimizar a Transi\u00e7\u00e3o Digital e o RGPD nas Organiza\u00e7\u00f5es foi o tema da sess\u00e3o de 22 de mar\u00e7o.<\/p>\n<p>O diretor do Centro Distrital da Seguran\u00e7a Social de Santar\u00e9m, Renato Bento foi o orador na sess\u00e3o do dia 21 de mar\u00e7o, sobre Oportunidades para as IPSS no Quadro da Transfer\u00eancia de Compet\u00eancias da Seguran\u00e7a Social.<\/p>\n<p>O Futuro do Desempenho e a Capacita\u00e7\u00e3o Profissional nas IPSS foi o tema da palestra de Paula Guimar\u00e3es, da Alian\u00e7a ODS, na sess\u00e3o do dia 24 de mar\u00e7o.<\/p>\n<p>A Lideran\u00e7a Inspiradora e Motiva\u00e7\u00e3o de Equipas nas IPSS foi o tema da comunica\u00e7\u00e3o de S\u00e9rgio Fonseca, da NERSANT, no dia 29 de mar\u00e7o.<\/p>\n<p>A encerrar o ciclo de debates, esta quinta-feira, dia 31 de mar\u00e7o, ser\u00e3o feitas as apresenta\u00e7\u00f5es da <strong><span style=\"font-family: 'Calibri',sans-serif;\">Rede Incorpora Portugal <\/span><\/strong>e o Protocolo em vigor entre a N<strong><span style=\"font-family: 'Calibri',sans-serif;\">ERSANT Seguros e a UDIPSS de Santar\u00e9m<\/span><\/strong>.<\/p>\n<p>As inscri\u00e7\u00f5es s\u00e3o gratuitas, mas <a href=\"https:\/\/nersant.pt\/agenda\/\">obrigat\u00f3rias<\/a>.<\/p>\n<div class=\"fb-background-color\">\n\t\t\t  <div \n\t\t\t  \tclass = \"fb-comments\" \n\t\t\t  \tdata-href = \"https:\/\/www.entroncamentoonline.pt\/portal\/nersant-feira-social-digital-termina-esta-quinta-feira-com-nova-sessao-informativa\/\"\n\t\t\t  \tdata-numposts = \"10\"\n\t\t\t  \tdata-lazy = \"true\"\n\t\t\t\tdata-colorscheme = \"light\"\n\t\t\t\tdata-order-by = \"social\"\n\t\t\t\tdata-mobile=true>\n\t\t\t  <\/div><\/div>\n\t\t  <style>\n\t\t    .fb-background-color {\n\t\t\t\tbackground:  !important;\n\t\t\t}\n\t\t\t.fb_iframe_widget_fluid_desktop iframe {\n\t\t\t    width: 100% !important;\n\t\t\t}\n\t\t  <\/style>\n\t\t  ","protected":false},"excerpt":{"rendered":"<p>Termina esta quinta-feira, dia 31 de mar\u00e7o, a 2.\u00aa Feira Social Digital que teve in\u00edcio a 1 de mar\u00e7o. No encerramento ter\u00e1 lugar mais uma sess\u00e3o informativa sobre a Rede Incorpora Portugal e o Protocolo em vigor entre a NERSANT Seguros e a UDIPSS de Santar\u00e9m. O certame conta com a participa\u00e7\u00e3o de 105 expositores [&hellip;]<\/p>\n","protected":false},"author":1,"featured_media":47342,"comment_status":"open","ping_status":"closed","sticky":false,"template":"","format":"standard","meta":{"_acf_changed":false,"footnotes":""},"categories":[1],"tags":[],"class_list":{"0":"post-49029","1":"post","2":"type-post","3":"status-publish","4":"format-standard","5":"has-post-thumbnail","7":"category-sem-categoria"},"acf":[],"_links":{"self":[{"href":"https:\/\/www.entroncamentoonline.pt\/portal\/wp-json\/wp\/v2\/posts\/49029","targetHints":{"allow":["GET"]}}],"collection":[{"href":"https:\/\/www.entroncamentoonline.pt\/portal\/wp-json\/wp\/v2\/posts"}],"about":[{"href":"https:\/\/www.entroncamentoonline.pt\/portal\/wp-json\/wp\/v2\/types\/post"}],"author":[{"embeddable":true,"href":"https:\/\/www.entroncamentoonline.pt\/portal\/wp-json\/wp\/v2\/users\/1"}],"replies":[{"embeddable":true,"href":"https:\/\/www.entroncamentoonline.pt\/portal\/wp-json\/wp\/v2\/comments?post=49029"}],"version-history":[{"count":0,"href":"https:\/\/www.entroncamentoonline.pt\/portal\/wp-json\/wp\/v2\/posts\/49029\/revisions"}],"wp:featuredmedia":[{"embeddable":true,"href":"https:\/\/www.entroncamentoonline.pt\/portal\/wp-json\/wp\/v2\/media\/47342"}],"wp:attachment":[{"href":"https:\/\/www.entroncamentoonline.pt\/portal\/wp-json\/wp\/v2\/media?parent=49029"}],"wp:term":[{"taxonomy":"category","embeddable":true,"href":"https:\/\/www.entroncamentoonline.pt\/portal\/wp-json\/wp\/v2\/categories?post=49029"},{"taxonomy":"post_tag","embeddable":true,"href":"https:\/\/www.entroncamentoonline.pt\/portal\/wp-json\/wp\/v2\/tags?post=49029"}],"curies":[{"name":"wp","href":"https:\/\/api.w.org\/{rel}","templated":true}]}}