{"id":4877,"date":"2019-03-29T12:08:41","date_gmt":"2019-03-29T12:08:41","guid":{"rendered":"https:\/\/www.entroncamentoonline.pt\/portal\/?p=4877"},"modified":"2019-03-29T12:08:41","modified_gmt":"2019-03-29T12:08:41","slug":"biblioteca-municipal-de-constancia-comemora-25o-aniversario","status":"publish","type":"post","link":"https:\/\/www.entroncamentoonline.pt\/portal\/biblioteca-municipal-de-constancia-comemora-25o-aniversario\/","title":{"rendered":"Biblioteca Municipal de Const\u00e2ncia comemora 25\u00ba Anivers\u00e1rio"},"content":{"rendered":"<p>Na pr\u00f3xima quinta-feira, 4 de abril, a Biblioteca Municipal de Const\u00e2ncia comemora 25 anos de funcionamento no atual edif\u00edcio, efem\u00e9ride que ser\u00e1 assinalada com um conjunto de iniciativas culturais.<\/p>\n<p>O per\u00edodo da manh\u00e3 ser\u00e1 dedicado aos mais jovens que poder\u00e3o assistir \u00e0 iniciativa <em>25 Poemas para Ajudar a Crescer<\/em>, leituras dramatizadas por Jo\u00e3o Morales.<\/p>\n<p>A partir das 15h00, o evento ser\u00e1 aberto ao p\u00fablico em geral e englobar\u00e1:<\/p>\n<ul>\n<li>15h00: Biblioteca Municipal Alexandre O\u2019Neill : <strong><em>Antes e Depois<\/em>, <\/strong>percurso pelo passado e pelo presente da BMAO, incluindo visita aos espa\u00e7os mais secretos da Biblioteca;<\/li>\n<li>15h30: Apresenta\u00e7\u00e3o da 6\u00aa Edi\u00e7\u00e3o do Concurso Liter\u00e1rio Alexandre O\u2019Neill;<\/li>\n<li>16h00: Filme Comemorativo dos 25 Anos de idade \u201cParab\u00e9ns BMAO: 1994\/2019\u201d;<\/li>\n<li>16h30m: Bolo de Anivers\u00e1rio.<\/li>\n<\/ul>\n<p>Recorde-se que a Biblioteca Municipal de Const\u00e2ncia, atual Biblioteca Municipal Alexandre O&#8217;Neill, foi inaugurada a 4 de abril de 1994, passando a integrar a Rede Nacional de Leitura P\u00fablica<\/p>\n<p>O edif\u00edcio da Biblioteca Municipal Alexandre O&#8217;Neill \u00e9 o resultado da transforma\u00e7\u00e3o da antiga escola prim\u00e1ria e, anos mais tarde, Pa\u00e7os do Concelho.<\/p>\n<p>Antes de passar para o edif\u00edcio atual, a biblioteca j\u00e1 existia h\u00e1 quatro anos noutro edif\u00edcio, mas era um espa\u00e7o muito reduzido, de acesso pouco funcional e cujas instala\u00e7\u00f5es j\u00e1 n\u00e3o comportavam nem o volume das obras adquiridas, nem a aflu\u00eancia dos seus utilizadores. Assim, foi necess\u00e1rio encontrar uma solu\u00e7\u00e3o para o seu desenvolvimento, sendo transferida para o local onde atualmente se encontra.<\/p>\n<p>O edif\u00edcio foi constru\u00eddo em 1912-17 para ser escola de ambos os sexos e habita\u00e7\u00e3o das professoras. Durante 70 anos este edif\u00edcio cumpriu as fun\u00e7\u00f5es para que foi constru\u00eddo. Nos finais dos anos 80 passou a servir provisoriamente de Pa\u00e7os do Concelho. Ap\u00f3s ser remodelado no seu interior, em 1994 passa para acolher a Biblioteca Municipal.<\/p>\n<p>Este \u00e9 um dos edif\u00edcios mais significativos do patrim\u00f3nio constru\u00eddo do concelho, heran\u00e7a da I Rep\u00fablica, s\u00edmbolo da instru\u00e7\u00e3o e da cultura, casa que conheceu v\u00e1rias fun\u00e7\u00f5es, todas elas de relevante interesse p\u00fablico.<\/p>\n<div class=\"fb-background-color\">\n\t\t\t  <div \n\t\t\t  \tclass = \"fb-comments\" \n\t\t\t  \tdata-href = \"https:\/\/www.entroncamentoonline.pt\/portal\/biblioteca-municipal-de-constancia-comemora-25o-aniversario\/\"\n\t\t\t  \tdata-numposts = \"10\"\n\t\t\t  \tdata-lazy = \"true\"\n\t\t\t\tdata-colorscheme = \"light\"\n\t\t\t\tdata-order-by = \"social\"\n\t\t\t\tdata-mobile=true>\n\t\t\t  <\/div><\/div>\n\t\t  <style>\n\t\t    .fb-background-color {\n\t\t\t\tbackground:  !important;\n\t\t\t}\n\t\t\t.fb_iframe_widget_fluid_desktop iframe {\n\t\t\t    width: 100% !important;\n\t\t\t}\n\t\t  <\/style>\n\t\t  ","protected":false},"excerpt":{"rendered":"<p>Na pr\u00f3xima quinta-feira, 4 de abril, a Biblioteca Municipal de Const\u00e2ncia comemora 25 anos de funcionamento no atual edif\u00edcio, efem\u00e9ride que ser\u00e1 assinalada com um conjunto de iniciativas culturais. O per\u00edodo da manh\u00e3 ser\u00e1 dedicado aos mais jovens que poder\u00e3o assistir \u00e0 iniciativa 25 Poemas para Ajudar a Crescer, leituras dramatizadas por Jo\u00e3o Morales. A [&hellip;]<\/p>\n","protected":false},"author":1,"featured_media":0,"comment_status":"open","ping_status":"closed","sticky":false,"template":"","format":"standard","meta":{"_acf_changed":false,"footnotes":""},"categories":[51],"tags":[],"class_list":{"0":"post-4877","1":"post","2":"type-post","3":"status-publish","4":"format-standard","6":"category-breves"},"acf":[],"_links":{"self":[{"href":"https:\/\/www.entroncamentoonline.pt\/portal\/wp-json\/wp\/v2\/posts\/4877","targetHints":{"allow":["GET"]}}],"collection":[{"href":"https:\/\/www.entroncamentoonline.pt\/portal\/wp-json\/wp\/v2\/posts"}],"about":[{"href":"https:\/\/www.entroncamentoonline.pt\/portal\/wp-json\/wp\/v2\/types\/post"}],"author":[{"embeddable":true,"href":"https:\/\/www.entroncamentoonline.pt\/portal\/wp-json\/wp\/v2\/users\/1"}],"replies":[{"embeddable":true,"href":"https:\/\/www.entroncamentoonline.pt\/portal\/wp-json\/wp\/v2\/comments?post=4877"}],"version-history":[{"count":0,"href":"https:\/\/www.entroncamentoonline.pt\/portal\/wp-json\/wp\/v2\/posts\/4877\/revisions"}],"wp:attachment":[{"href":"https:\/\/www.entroncamentoonline.pt\/portal\/wp-json\/wp\/v2\/media?parent=4877"}],"wp:term":[{"taxonomy":"category","embeddable":true,"href":"https:\/\/www.entroncamentoonline.pt\/portal\/wp-json\/wp\/v2\/categories?post=4877"},{"taxonomy":"post_tag","embeddable":true,"href":"https:\/\/www.entroncamentoonline.pt\/portal\/wp-json\/wp\/v2\/tags?post=4877"}],"curies":[{"name":"wp","href":"https:\/\/api.w.org\/{rel}","templated":true}]}}