{"id":48333,"date":"2022-03-30T07:00:20","date_gmt":"2022-03-30T06:00:20","guid":{"rendered":"https:\/\/www.entroncamentoonline.pt\/portal\/?p=48333"},"modified":"2022-03-31T07:47:41","modified_gmt":"2022-03-31T06:47:41","slug":"este-domingo-dia-20-missa-em-direto-da-igreja-da-sagrada-familia-do-entroncamento-as-9h30","status":"publish","type":"post","link":"https:\/\/www.entroncamentoonline.pt\/portal\/este-domingo-dia-20-missa-em-direto-da-igreja-da-sagrada-familia-do-entroncamento-as-9h30\/","title":{"rendered":"75\u00ba Anivers\u00e1rio da chegada da Congrega\u00e7\u00e3o das Servas de Nossa Senhora de F\u00e1tima | Missa em direto da Igreja da Sagrada Fam\u00edlia do Entroncamento"},"content":{"rendered":"<div class=\"kvgmc6g5 cxmmr5t8 oygrvhab hcukyx3x c1et5uql ii04i59q\">\n<div dir=\"auto\">\n<div class=\"kvgmc6g5 cxmmr5t8 oygrvhab hcukyx3x c1et5uql ii04i59q\">\n<div dir=\"auto\">\n<div class=\"kvgmc6g5 cxmmr5t8 oygrvhab hcukyx3x c1et5uql\">Acompanhe a Missa em direto da Igreja da Sagrada Fam\u00edlia do Entroncamento, atrav\u00e9s do Facebook da Par\u00f3quia da Sagrada Fam\u00edlia do Entroncamento, do EOL &#8211; Entroncamento Online ou ou\u00e7a na R\u00e1dio Voz Entroncamento (105.7 FM).<\/div>\n<\/div>\n<\/div>\n<\/div>\n<\/div>\n<div><\/div>\n<div><\/div>\n<div><\/div>\n<div class=\"kvgmc6g5 cxmmr5t8 oygrvhab hcukyx3x c1et5uql ii04i59q\">\n<div dir=\"auto\">\n<div class=\"kvgmc6g5 cxmmr5t8 oygrvhab hcukyx3x c1et5uql ii04i59q\">\n<div dir=\"auto\">\n<div><\/div>\n<div class=\"kvgmc6g5 cxmmr5t8 oygrvhab hcukyx3x c1et5uql\"><strong style=\"text-align: center;\">MISSA | 30 MAR\u00c7O | 19h<\/strong><\/div>\n<\/div>\n<\/div>\n<\/div>\n<\/div>\n<div><\/div>\n<div><\/div>\n<div><\/div>\n<div><\/div>\n<div><\/div>\n<div class=\"kvgmc6g5 cxmmr5t8 oygrvhab hcukyx3x c1et5uql ii04i59q\">\n<div dir=\"auto\">\n<div><\/div>\n<\/div>\n<\/div>\n<div>\n<p>Dia 30 de mar\u00e7o, \u00e0s 19 horas, Eucaristia de Ac\u00e7\u00e3o de Gra\u00e7as, presidida pelo Bispo Dom Jos\u00e9 Traquina, na Igreja da Sagrada Fam\u00edlia do Entroncamento.<\/p>\n<p>&nbsp;<\/p>\n<\/div>\n<div><\/div>\n<div><\/div>\n<div><\/div>\n<div><a href=\"https:\/\/fb.watch\/c4oNJUeSgE\/\"><img loading=\"lazy\" decoding=\"async\" class=\"alignnone wp-image-48335 size-full\" src=\"https:\/\/www.entroncamentoonline.pt\/portal\/wp-content\/uploads\/2022\/03\/Missavideo-1-2.jpg\" alt=\"\" width=\"658\" height=\"379\" \/><\/a><\/div>\n<div><\/div>\n<div><\/div>\n<div><\/div>\n<div><\/div>\n<div><\/div>\n<div><\/div>\n<div><\/div>\n<div><\/div>\n<div><\/div>\n<div><\/div>\n<div><\/div>\n<div><\/div>\n<div><\/div>\n<div><\/div>\n<div><\/div>\n<div class=\"fb-background-color\">\n\t\t\t  <div \n\t\t\t  \tclass = \"fb-comments\" \n\t\t\t  \tdata-href = \"https:\/\/www.entroncamentoonline.pt\/portal\/este-domingo-dia-20-missa-em-direto-da-igreja-da-sagrada-familia-do-entroncamento-as-9h30\/\"\n\t\t\t  \tdata-numposts = \"10\"\n\t\t\t  \tdata-lazy = \"true\"\n\t\t\t\tdata-colorscheme = \"light\"\n\t\t\t\tdata-order-by = \"social\"\n\t\t\t\tdata-mobile=true>\n\t\t\t  <\/div><\/div>\n\t\t  <style>\n\t\t    .fb-background-color {\n\t\t\t\tbackground:  !important;\n\t\t\t}\n\t\t\t.fb_iframe_widget_fluid_desktop iframe {\n\t\t\t    width: 100% !important;\n\t\t\t}\n\t\t  <\/style>\n\t\t  ","protected":false},"excerpt":{"rendered":"<p>Acompanhe a Missa em direto da Igreja da Sagrada Fam\u00edlia do Entroncamento, atrav\u00e9s do Facebook da Par\u00f3quia da Sagrada Fam\u00edlia do Entroncamento, do EOL &#8211; Entroncamento Online ou ou\u00e7a na R\u00e1dio Voz Entroncamento (105.7 FM). MISSA | 30 MAR\u00c7O | 19h Dia 30 de mar\u00e7o, \u00e0s 19 horas, Eucaristia de Ac\u00e7\u00e3o de Gra\u00e7as, presidida pelo [&hellip;]<\/p>\n","protected":false},"author":1,"featured_media":48996,"comment_status":"open","ping_status":"closed","sticky":false,"template":"","format":"standard","meta":{"_acf_changed":false,"footnotes":""},"categories":[1],"tags":[],"class_list":{"0":"post-48333","1":"post","2":"type-post","3":"status-publish","4":"format-standard","5":"has-post-thumbnail","7":"category-sem-categoria"},"acf":[],"_links":{"self":[{"href":"https:\/\/www.entroncamentoonline.pt\/portal\/wp-json\/wp\/v2\/posts\/48333","targetHints":{"allow":["GET"]}}],"collection":[{"href":"https:\/\/www.entroncamentoonline.pt\/portal\/wp-json\/wp\/v2\/posts"}],"about":[{"href":"https:\/\/www.entroncamentoonline.pt\/portal\/wp-json\/wp\/v2\/types\/post"}],"author":[{"embeddable":true,"href":"https:\/\/www.entroncamentoonline.pt\/portal\/wp-json\/wp\/v2\/users\/1"}],"replies":[{"embeddable":true,"href":"https:\/\/www.entroncamentoonline.pt\/portal\/wp-json\/wp\/v2\/comments?post=48333"}],"version-history":[{"count":0,"href":"https:\/\/www.entroncamentoonline.pt\/portal\/wp-json\/wp\/v2\/posts\/48333\/revisions"}],"wp:featuredmedia":[{"embeddable":true,"href":"https:\/\/www.entroncamentoonline.pt\/portal\/wp-json\/wp\/v2\/media\/48996"}],"wp:attachment":[{"href":"https:\/\/www.entroncamentoonline.pt\/portal\/wp-json\/wp\/v2\/media?parent=48333"}],"wp:term":[{"taxonomy":"category","embeddable":true,"href":"https:\/\/www.entroncamentoonline.pt\/portal\/wp-json\/wp\/v2\/categories?post=48333"},{"taxonomy":"post_tag","embeddable":true,"href":"https:\/\/www.entroncamentoonline.pt\/portal\/wp-json\/wp\/v2\/tags?post=48333"}],"curies":[{"name":"wp","href":"https:\/\/api.w.org\/{rel}","templated":true}]}}