{"id":47809,"date":"2022-03-01T10:36:48","date_gmt":"2022-03-01T10:36:48","guid":{"rendered":"https:\/\/www.entroncamentoonline.pt\/portal\/?p=47809"},"modified":"2022-03-03T16:42:36","modified_gmt":"2022-03-03T16:42:36","slug":"nersant-2-a-feira-social-digital-comeca-esta-terca-feira-dia-1-de-marco-com-100-expositores","status":"publish","type":"post","link":"https:\/\/www.entroncamentoonline.pt\/portal\/nersant-2-a-feira-social-digital-comeca-esta-terca-feira-dia-1-de-marco-com-100-expositores\/","title":{"rendered":"Nersant | 2.\u00aa Feira Social Digital come\u00e7a esta ter\u00e7a-feira, dia 1 de mar\u00e7o com 100 expositores"},"content":{"rendered":"<p>A 2.\u00aa Feira Social Digital teve in\u00edcio esta ter\u00e7a-feira, 1 de mar\u00e7o, \u00e0s 10h00, e vai decorrer durante todo o m\u00eas de mar\u00e7o. O certame conta com a participa\u00e7\u00e3o de 100 expositores que apresentam mais de 700 produtos \/ servi\u00e7os \/ val\u00eancias e que podem ser acedidos <a href=\"https:\/\/compronoribatejo.pt\/feira\/2-feira-social-digital\">AQUI<\/a>.<\/p>\n<p>Uma oportunidade para as IPSS, Miseric\u00f3rdias, e empresas fazerem a divulga\u00e7\u00e3o da oferta dos servi\u00e7os e bens.<\/p>\n<p>As entidades participantes t\u00eam direito a um espa\u00e7o virtual pr\u00f3prio, onde apresentam os seus servi\u00e7os, instala\u00e7\u00f5es e val\u00eancias. Para facilitar a visita do p\u00fablico, o acesso \u00e9 livre e sem necessidade de registo. O certame \u00e9 promovido junto de uma base empresarial nacional e internacional, bem como nos diversos meios digitais da associa\u00e7\u00e3o.<\/p>\n<p>Organizada pela NERSANT em conjunto com a UDIPSS \u2013 Uni\u00e3o das IPSS do distrito de Santar\u00e9m, a Feira Social oferece v\u00e1rias sess\u00f5es online para debate de temas da economia social. As inscri\u00e7\u00f5es s\u00e3o gratuitas, mas <a href=\"http:\/\/www.nersant.pt\/agenda\">obrigat\u00f3rias<\/a>.<\/p>\n<p>O Caf\u00e9 In Digital come\u00e7a j\u00e1 no dia 3 de mar\u00e7o, \u00e0s 14h30, com uma sess\u00e3o informativa sobre os Desafios para a Sustentabilidade do Setor Social, com Eleut\u00e9rio Alves, do CPES\/CNIS.<\/p>\n<p>Segue-se no dia 8 de mar\u00e7o uma sess\u00e3o sobre diagn\u00f3stico, implementa\u00e7\u00e3o e certifica\u00e7\u00e3o da independ\u00eancia energ\u00e9tica de infraestruturas sociais, por Ant\u00f3nio Campos, da NERSANT.<\/p>\n<p>No dia 10 de mar\u00e7o, ser\u00e1 a vez de Fiipe Pinto, da Universidade Cat\u00f3lica, falar da import\u00e2ncia da Transpar\u00eancia na Governan\u00e7a das IPSS.<\/p>\n<p>No dia 15 de mar\u00e7o, M\u00e1rio Machado, da UDIPSS, abordar\u00e1 o tema Beneficiar do Alinhamento a Crit\u00e9rios ESG (Ambiental, Social e Governan\u00e7a) nas Organiza\u00e7\u00f5es do Setor Social.<\/p>\n<p>Otimizar a Transi\u00e7\u00e3o Digital e o RGPD nas Organiza\u00e7\u00f5es ser\u00e1 o tema da sess\u00e3o agendada para dia 17 de mar\u00e7o.<\/p>\n<p>O diretor do Centro Distrital da Seguran\u00e7a Social de Santar\u00e9m, Renato Bento ser\u00e1 o orador na sess\u00e3o do dia 21 de mar\u00e7o, sobre Oportunidades para as IPSS no Quadro da Transfer\u00eancia de Compet\u00eancias da Seguran\u00e7a Social.<\/p>\n<p>O Futuro do Desempenho e a Capacita\u00e7\u00e3o Profissional nas IPSS ser\u00e1 o tema da palestra de Paula Guimar\u00e3es, da Alian\u00e7a ODS, na sess\u00e3o do dia 24 de mar\u00e7o.<\/p>\n<p>A Lideran\u00e7a Inspiradora e Motiva\u00e7\u00e3o de Equipas nas IPSS vai ser o tema da comunica\u00e7\u00e3o de S\u00e9rgio Fonseca, da NERSANT, no dia 29 de mar\u00e7o.<\/p>\n<p>Para aceder ao evento, <a href=\"https:\/\/compronoribatejo.pt\/feira\/2-feira-social-digital\">clique<\/a>.<\/p>\n<div class=\"fb-background-color\">\n\t\t\t  <div \n\t\t\t  \tclass = \"fb-comments\" \n\t\t\t  \tdata-href = \"https:\/\/www.entroncamentoonline.pt\/portal\/nersant-2-a-feira-social-digital-comeca-esta-terca-feira-dia-1-de-marco-com-100-expositores\/\"\n\t\t\t  \tdata-numposts = \"10\"\n\t\t\t  \tdata-lazy = \"true\"\n\t\t\t\tdata-colorscheme = \"light\"\n\t\t\t\tdata-order-by = \"social\"\n\t\t\t\tdata-mobile=true>\n\t\t\t  <\/div><\/div>\n\t\t  <style>\n\t\t    .fb-background-color {\n\t\t\t\tbackground:  !important;\n\t\t\t}\n\t\t\t.fb_iframe_widget_fluid_desktop iframe {\n\t\t\t    width: 100% !important;\n\t\t\t}\n\t\t  <\/style>\n\t\t  ","protected":false},"excerpt":{"rendered":"<p>A 2.\u00aa Feira Social Digital teve in\u00edcio esta ter\u00e7a-feira, 1 de mar\u00e7o, \u00e0s 10h00, e vai decorrer durante todo o m\u00eas de mar\u00e7o. O certame conta com a participa\u00e7\u00e3o de 100 expositores que apresentam mais de 700 produtos \/ servi\u00e7os \/ val\u00eancias e que podem ser acedidos AQUI. Uma oportunidade para as IPSS, Miseric\u00f3rdias, e [&hellip;]<\/p>\n","protected":false},"author":1,"featured_media":47342,"comment_status":"open","ping_status":"closed","sticky":false,"template":"","format":"standard","meta":{"_acf_changed":false,"footnotes":""},"categories":[52,32,71],"tags":[],"class_list":{"0":"post-47809","1":"post","2":"type-post","3":"status-publish","4":"format-standard","5":"has-post-thumbnail","7":"category-geral","8":"category-noticias","9":"category-outras-noticias"},"acf":[],"_links":{"self":[{"href":"https:\/\/www.entroncamentoonline.pt\/portal\/wp-json\/wp\/v2\/posts\/47809","targetHints":{"allow":["GET"]}}],"collection":[{"href":"https:\/\/www.entroncamentoonline.pt\/portal\/wp-json\/wp\/v2\/posts"}],"about":[{"href":"https:\/\/www.entroncamentoonline.pt\/portal\/wp-json\/wp\/v2\/types\/post"}],"author":[{"embeddable":true,"href":"https:\/\/www.entroncamentoonline.pt\/portal\/wp-json\/wp\/v2\/users\/1"}],"replies":[{"embeddable":true,"href":"https:\/\/www.entroncamentoonline.pt\/portal\/wp-json\/wp\/v2\/comments?post=47809"}],"version-history":[{"count":0,"href":"https:\/\/www.entroncamentoonline.pt\/portal\/wp-json\/wp\/v2\/posts\/47809\/revisions"}],"wp:featuredmedia":[{"embeddable":true,"href":"https:\/\/www.entroncamentoonline.pt\/portal\/wp-json\/wp\/v2\/media\/47342"}],"wp:attachment":[{"href":"https:\/\/www.entroncamentoonline.pt\/portal\/wp-json\/wp\/v2\/media?parent=47809"}],"wp:term":[{"taxonomy":"category","embeddable":true,"href":"https:\/\/www.entroncamentoonline.pt\/portal\/wp-json\/wp\/v2\/categories?post=47809"},{"taxonomy":"post_tag","embeddable":true,"href":"https:\/\/www.entroncamentoonline.pt\/portal\/wp-json\/wp\/v2\/tags?post=47809"}],"curies":[{"name":"wp","href":"https:\/\/api.w.org\/{rel}","templated":true}]}}