{"id":47489,"date":"2022-02-23T19:16:30","date_gmt":"2022-02-23T19:16:30","guid":{"rendered":"https:\/\/www.entroncamentoonline.pt\/portal\/?p=47489"},"modified":"2022-02-24T16:44:36","modified_gmt":"2022-02-24T16:44:36","slug":"entroncamento-quarenta-novos-casos-de-covid-19-esta-quarta-feira","status":"publish","type":"post","link":"https:\/\/www.entroncamentoonline.pt\/portal\/entroncamento-quarenta-novos-casos-de-covid-19-esta-quarta-feira\/","title":{"rendered":"Entroncamento |\u00a0 Quarenta novos casos de Covid-19 esta quarta-feira"},"content":{"rendered":"<figure id=\"attachment_47529\" aria-describedby=\"caption-attachment-47529\" style=\"width: 682px\" class=\"wp-caption aligncenter\"><img loading=\"lazy\" decoding=\"async\" class=\"size-full wp-image-47529\" src=\"https:\/\/www.entroncamentoonline.pt\/portal\/wp-content\/uploads\/2022\/02\/MapasPortugal23.2.jpg\" alt=\"\" width=\"682\" height=\"383\" \/><figcaption id=\"caption-attachment-47529\" class=\"wp-caption-text\">Evolu\u00e7\u00e3o da Covid-19 em Portugal (Levy Correia)<\/figcaption><\/figure>\n<figure id=\"attachment_47528\" aria-describedby=\"caption-attachment-47528\" style=\"width: 682px\" class=\"wp-caption aligncenter\"><img loading=\"lazy\" decoding=\"async\" class=\"size-full wp-image-47528\" src=\"https:\/\/www.entroncamentoonline.pt\/portal\/wp-content\/uploads\/2022\/02\/MapasPortugal1.23.2.jpg\" alt=\"\" width=\"682\" height=\"383\" \/><figcaption id=\"caption-attachment-47528\" class=\"wp-caption-text\">Recolha Levy Correia<\/figcaption><\/figure>\n<figure id=\"attachment_47527\" aria-describedby=\"caption-attachment-47527\" style=\"width: 682px\" class=\"wp-caption aligncenter\"><img loading=\"lazy\" decoding=\"async\" class=\"size-full wp-image-47527\" src=\"https:\/\/www.entroncamentoonline.pt\/portal\/wp-content\/uploads\/2022\/02\/MapasGruposRisco22.2.jpg\" alt=\"\" width=\"682\" height=\"383\" \/><figcaption id=\"caption-attachment-47527\" class=\"wp-caption-text\">Valores da incid\u00eancia cumulativa por 100 mil habitantes nos concelhos do ACES MT (Levy Correia)<\/figcaption><\/figure>\n<figure id=\"attachment_47523\" aria-describedby=\"caption-attachment-47523\" style=\"width: 682px\" class=\"wp-caption aligncenter\"><img loading=\"lazy\" decoding=\"async\" class=\"size-full wp-image-47523\" src=\"https:\/\/www.entroncamentoonline.pt\/portal\/wp-content\/uploads\/2022\/02\/MapasRecuperados22.2.jpg\" alt=\"\" width=\"682\" height=\"383\" \/><figcaption id=\"caption-attachment-47523\" class=\"wp-caption-text\">Mortos por 10 mil habitantes (Levy Correia)<\/figcaption><\/figure>\n<p>Segundo o Agrupamento de Centros de Sa\u00fade do M\u00e9dio Tejo (ACES MT), esta quarta-feira, 23 de fevereiro, no concelho do Entroncamento, h\u00e1 registo de 40 novos casos de Covid-19, sendo 5568 o n\u00famero total de casos, 5098 doentes recuperados e 443 casos ativos.<\/p>\n<p>No M\u00e9dio Tejo, houve registo de 297 casos de Covid-19 (ontem 317). Vinte e nove em Abrantes, 13 em Alcanena, 6 em Const\u00e2ncia, 40 no Entroncamento, 10 em Ferreira do Z\u00eazere, 63 em Our\u00e9m, 29 em Sardoal, 37 em Tomar, 58 em Torres Novas e 12 em Vila Nova da Barquinha.<\/p>\n<p><img loading=\"lazy\" decoding=\"async\" class=\"size-full wp-image-47530 aligncenter\" src=\"https:\/\/www.entroncamentoonline.pt\/portal\/wp-content\/uploads\/2022\/02\/ACESMT23.2.jpg\" alt=\"\" width=\"679\" height=\"505\" \/><\/p>\n<p style=\"text-align: center;\"><strong>Em Portugal nas \u00faltimas 24 horas | Mais 13158 casos e 28 mortos<\/strong><\/p>\n<p>A n\u00edvel nacional, esta quarta-feira h\u00e1 registo de 28 \u00f3bitos, (igual a ontem 28), num total de 20922 o total de infetados \u00e9 agora 3219439, mais 13158, (ontem 13103) os casos recuperados s\u00e3o 2732009, mais 14500, (ontem 20813), os internados 1646, (-117 que ontem, 1763) e em cuidados intensivos 101, (-10 que ontem, 111).<\/p>\n<p><img loading=\"lazy\" decoding=\"async\" class=\"size-medium wp-image-47514 aligncenter\" src=\"https:\/\/www.entroncamentoonline.pt\/portal\/wp-content\/uploads\/2022\/02\/RelatorioDGS-658x800.jpg\" alt=\"\" width=\"658\" height=\"800\" \/><\/p>\n<p style=\"text-align: center;\"><strong>Evolu\u00e7\u00e3o da Covid-19 nos concelhos da ACES M\u00e9dio Tejo (Levy Correia)<\/strong><\/p>\n\n<p><img loading=\"lazy\" decoding=\"async\" class=\"size-medium wp-image-47513 aligncenter\" src=\"https:\/\/www.entroncamentoonline.pt\/portal\/wp-content\/uploads\/2022\/02\/MatrizRisco-646x800.jpg\" alt=\"\" width=\"646\" height=\"800\" \/><\/p>\n<div class=\"fb-background-color\">\n\t\t\t  <div \n\t\t\t  \tclass = \"fb-comments\" \n\t\t\t  \tdata-href = \"https:\/\/www.entroncamentoonline.pt\/portal\/entroncamento-quarenta-novos-casos-de-covid-19-esta-quarta-feira\/\"\n\t\t\t  \tdata-numposts = \"10\"\n\t\t\t  \tdata-lazy = \"true\"\n\t\t\t\tdata-colorscheme = \"light\"\n\t\t\t\tdata-order-by = \"social\"\n\t\t\t\tdata-mobile=true>\n\t\t\t  <\/div><\/div>\n\t\t  <style>\n\t\t    .fb-background-color {\n\t\t\t\tbackground:  !important;\n\t\t\t}\n\t\t\t.fb_iframe_widget_fluid_desktop iframe {\n\t\t\t    width: 100% !important;\n\t\t\t}\n\t\t  <\/style>\n\t\t  ","protected":false},"excerpt":{"rendered":"<p>Segundo o Agrupamento de Centros de Sa\u00fade do M\u00e9dio Tejo (ACES MT), esta quarta-feira, 23 de fevereiro, no concelho do Entroncamento, h\u00e1 registo de 40 novos casos de Covid-19, sendo 5568 o n\u00famero total de casos, 5098 doentes recuperados e 443 casos ativos. No M\u00e9dio Tejo, houve registo de 297 casos de Covid-19 (ontem 317). [&hellip;]<\/p>\n","protected":false},"author":1,"featured_media":47492,"comment_status":"open","ping_status":"closed","sticky":false,"template":"","format":"standard","meta":{"_acf_changed":false,"footnotes":""},"categories":[1],"tags":[],"class_list":{"0":"post-47489","1":"post","2":"type-post","3":"status-publish","4":"format-standard","5":"has-post-thumbnail","7":"category-sem-categoria"},"acf":[],"_links":{"self":[{"href":"https:\/\/www.entroncamentoonline.pt\/portal\/wp-json\/wp\/v2\/posts\/47489","targetHints":{"allow":["GET"]}}],"collection":[{"href":"https:\/\/www.entroncamentoonline.pt\/portal\/wp-json\/wp\/v2\/posts"}],"about":[{"href":"https:\/\/www.entroncamentoonline.pt\/portal\/wp-json\/wp\/v2\/types\/post"}],"author":[{"embeddable":true,"href":"https:\/\/www.entroncamentoonline.pt\/portal\/wp-json\/wp\/v2\/users\/1"}],"replies":[{"embeddable":true,"href":"https:\/\/www.entroncamentoonline.pt\/portal\/wp-json\/wp\/v2\/comments?post=47489"}],"version-history":[{"count":0,"href":"https:\/\/www.entroncamentoonline.pt\/portal\/wp-json\/wp\/v2\/posts\/47489\/revisions"}],"wp:featuredmedia":[{"embeddable":true,"href":"https:\/\/www.entroncamentoonline.pt\/portal\/wp-json\/wp\/v2\/media\/47492"}],"wp:attachment":[{"href":"https:\/\/www.entroncamentoonline.pt\/portal\/wp-json\/wp\/v2\/media?parent=47489"}],"wp:term":[{"taxonomy":"category","embeddable":true,"href":"https:\/\/www.entroncamentoonline.pt\/portal\/wp-json\/wp\/v2\/categories?post=47489"},{"taxonomy":"post_tag","embeddable":true,"href":"https:\/\/www.entroncamentoonline.pt\/portal\/wp-json\/wp\/v2\/tags?post=47489"}],"curies":[{"name":"wp","href":"https:\/\/api.w.org\/{rel}","templated":true}]}}