{"id":4741,"date":"2019-03-25T22:39:43","date_gmt":"2019-03-25T22:39:43","guid":{"rendered":"https:\/\/www.entroncamentoonline.pt\/portal\/?p=4741"},"modified":"2019-03-25T22:41:06","modified_gmt":"2019-03-25T22:41:06","slug":"tomar-realizaram-se-as-primeiras-eleicoes-da-associacao-luis-boavida","status":"publish","type":"post","link":"https:\/\/www.entroncamentoonline.pt\/portal\/tomar-realizaram-se-as-primeiras-eleicoes-da-associacao-luis-boavida\/","title":{"rendered":"TOMAR | Realizaram-se as primeiras elei\u00e7\u00f5es da Associa\u00e7\u00e3o Lu\u00eds Boavida."},"content":{"rendered":"<p>Ap\u00f3s a cria\u00e7\u00e3o e apresenta\u00e7\u00e3o desta Associa\u00e7\u00e3o por parte do j\u00e1 falecido Lu\u00eds Boavida e passado um per\u00edodo de luto e restabelecimento de for\u00e7as, a fam\u00edlia optou por dar continuidade ao seu sonho em prol do bem comum.<\/p>\n<p>Isabel Boavida, em nome dos fundadores, antes de dar in\u00edcio ao ato eleitoral e visivelmente emocionada, transmitiu que apesar da dor sentida pela perda, sente a Associa\u00e7\u00e3o como um projeto bastante importante e necess\u00e1rio para a sociedade, em especial, para os mais desfavorecidos, tendo como objetivo ser um complemento \u00e0s institui\u00e7\u00f5es j\u00e1 existentes.<\/p>\n<p><img loading=\"lazy\" decoding=\"async\" class=\"wp-image-4742 alignright\" src=\"https:\/\/www.entroncamentoonline.pt\/portal\/wp-content\/uploads\/2019\/03\/IMG_6399.jpg\" alt=\"\" width=\"462\" height=\"327\" srcset=\"https:\/\/www.entroncamentoonline.pt\/portal\/wp-content\/uploads\/2019\/03\/IMG_6399.jpg 594w, https:\/\/www.entroncamentoonline.pt\/portal\/wp-content\/uploads\/2019\/03\/IMG_6399-100x70.jpg 100w\" sizes=\"auto, (max-width: 462px) 100vw, 462px\" \/>Demonstrou um grande orgulho e conforto pelo empenho e dedica\u00e7\u00e3o dos presentes e do papel fundamental dos amigos que a impulsionaram a tomar a decis\u00e3o deste arranque. Apelou ainda ao envolvimento de todos que de forma volunt\u00e1ria se possam associar a eventos futuros, de forma pontual ou mais permanente.<\/p>\n<p>Tendo sido apresentada uma s\u00f3 lista, ap\u00f3s o escrut\u00ednio de votos, foi a mesma aprovada por unanimidade, \u00a0sendo composta por:<\/p>\n<p><strong><u>Assembleia Geral<\/u><\/strong><u><br \/>\nPresidente:<\/u> Padre M\u00e1rio Farinha Duarte<\/p>\n<p><u>Vice-Presidente:<\/u> Carlos Piedade Silva<\/p>\n<p><u>Secret\u00e1rio:<\/u> V\u00edtor Manuel da Silva Rodrigues<\/p>\n<p><u>Suplente:<\/u> In\u00eas Gon\u00e7alves Duque Pereira<\/p>\n<p><u>Suplente:<\/u> Eduardo C\u00e9sar Lopes Boavida<\/p>\n<p><strong><u>Dire\u00e7\u00e3o<\/u><\/strong><\/p>\n<p><u>Presidente:<\/u> Isabel Maria Nogueira Fernandes Boavida<\/p>\n<p><u>Vice-Presidente:<\/u> Manuel Duque Pereira<\/p>\n<p><u>Vice-Presidente:<\/u> Maria Beatriz Schulz Nunes<\/p>\n<p><u>Secret\u00e1ria:<\/u> Anabela Amor Gomes de Azevedo Collinge<\/p>\n<p><u>Tesoureiro:<\/u> V\u00edtor Manuel Boavida Gon\u00e7alves<\/p>\n<p><u>Vogal:<\/u> C\u00e9lia Maria Nunes Azevedo Bonet<\/p>\n<p><u>Vogal:<\/u> Sandra Mendes Silva Pardelhas<\/p>\n<p><u>Vogal Suplente:<\/u> Jo\u00e3o Lu\u00eds Ribeiro Dam\u00e1sio<br \/>\n<u>Vogal Suplente:<\/u> Jo\u00e3o Leonardo Domingues Martins<br \/>\n<u>Vogal Suplente:<\/u> Ana Palmeiro Calado<\/p>\n<p><strong><u>Conselho Fiscal<\/u><\/strong><\/p>\n<p><u>Presidente:<\/u> Lu\u00eds Ant\u00f3nio Antunes Francisco<\/p>\n<p><u>Relator:<\/u> Paulo Jorge Gomes Bragan\u00e7a<\/p>\n<p><u>Secret\u00e1rio:<\/u> Carlos Ant\u00f3nio Conde Tomaz<\/p>\n<p><u>Vogal suplente:<\/u> Rui Manuel Dias da Costa<\/p>\n<p><u>Vogal suplente:<\/u> Jo\u00e3o Filipe Fernandes Boavida<\/p>\n<div class=\"fb-background-color\">\n\t\t\t  <div \n\t\t\t  \tclass = \"fb-comments\" \n\t\t\t  \tdata-href = \"https:\/\/www.entroncamentoonline.pt\/portal\/tomar-realizaram-se-as-primeiras-eleicoes-da-associacao-luis-boavida\/\"\n\t\t\t  \tdata-numposts = \"10\"\n\t\t\t  \tdata-lazy = \"true\"\n\t\t\t\tdata-colorscheme = \"light\"\n\t\t\t\tdata-order-by = \"social\"\n\t\t\t\tdata-mobile=true>\n\t\t\t  <\/div><\/div>\n\t\t  <style>\n\t\t    .fb-background-color {\n\t\t\t\tbackground:  !important;\n\t\t\t}\n\t\t\t.fb_iframe_widget_fluid_desktop iframe {\n\t\t\t    width: 100% !important;\n\t\t\t}\n\t\t  <\/style>\n\t\t  ","protected":false},"excerpt":{"rendered":"<p>Ap\u00f3s a cria\u00e7\u00e3o e apresenta\u00e7\u00e3o desta Associa\u00e7\u00e3o por parte do j\u00e1 falecido Lu\u00eds Boavida e passado um per\u00edodo de luto e restabelecimento de for\u00e7as, a fam\u00edlia optou por dar continuidade ao seu sonho em prol do bem comum. Isabel Boavida, em nome dos fundadores, antes de dar in\u00edcio ao ato eleitoral e visivelmente emocionada, transmitiu [&hellip;]<\/p>\n","protected":false},"author":1,"featured_media":4743,"comment_status":"open","ping_status":"closed","sticky":false,"template":"","format":"standard","meta":{"_acf_changed":false,"footnotes":""},"categories":[51],"tags":[],"class_list":{"0":"post-4741","1":"post","2":"type-post","3":"status-publish","4":"format-standard","5":"has-post-thumbnail","7":"category-breves"},"acf":[],"_links":{"self":[{"href":"https:\/\/www.entroncamentoonline.pt\/portal\/wp-json\/wp\/v2\/posts\/4741","targetHints":{"allow":["GET"]}}],"collection":[{"href":"https:\/\/www.entroncamentoonline.pt\/portal\/wp-json\/wp\/v2\/posts"}],"about":[{"href":"https:\/\/www.entroncamentoonline.pt\/portal\/wp-json\/wp\/v2\/types\/post"}],"author":[{"embeddable":true,"href":"https:\/\/www.entroncamentoonline.pt\/portal\/wp-json\/wp\/v2\/users\/1"}],"replies":[{"embeddable":true,"href":"https:\/\/www.entroncamentoonline.pt\/portal\/wp-json\/wp\/v2\/comments?post=4741"}],"version-history":[{"count":0,"href":"https:\/\/www.entroncamentoonline.pt\/portal\/wp-json\/wp\/v2\/posts\/4741\/revisions"}],"wp:featuredmedia":[{"embeddable":true,"href":"https:\/\/www.entroncamentoonline.pt\/portal\/wp-json\/wp\/v2\/media\/4743"}],"wp:attachment":[{"href":"https:\/\/www.entroncamentoonline.pt\/portal\/wp-json\/wp\/v2\/media?parent=4741"}],"wp:term":[{"taxonomy":"category","embeddable":true,"href":"https:\/\/www.entroncamentoonline.pt\/portal\/wp-json\/wp\/v2\/categories?post=4741"},{"taxonomy":"post_tag","embeddable":true,"href":"https:\/\/www.entroncamentoonline.pt\/portal\/wp-json\/wp\/v2\/tags?post=4741"}],"curies":[{"name":"wp","href":"https:\/\/api.w.org\/{rel}","templated":true}]}}